{"id":78012,"date":"2018-06-30T20:00:40","date_gmt":"2018-06-30T23:00:40","guid":{"rendered":"http:\/\/www.hoymercedes.com.ar\/principal\/?p=78012"},"modified":"2018-06-30T19:27:56","modified_gmt":"2018-06-30T22:27:56","slug":"en-la-ruta-5-una-estrella-amarilla-recuerda-a-gabriel-morales","status":"publish","type":"post","link":"https:\/\/www.hoymercedes.com.ar\/principal\/2018\/06\/30\/en-la-ruta-5-una-estrella-amarilla-recuerda-a-gabriel-morales\/","title":{"rendered":"En la ruta 5 una Estrella Amarilla recuerda a Gabriel Morales"},"content":{"rendered":"<p>En la tarde de este s\u00e1bado \u00faltimo de junio, la familia Morales record\u00f3 a Gabriel Leandro Morales quien hace catorce a\u00f1os falleci\u00f3 producto de un siniestro vial en la ruta 5. Una Estrella Amarilla con su nombre advertir\u00e1 a los veh\u00edculos que circulen por la ruta y por la colectora de Gowland y pide prudencia en una v\u00eda que cobr\u00f3 miles de vidas por imprudencia de los conductores.<\/p>\n<p><img loading=\"lazy\" decoding=\"async\" data-attachment-id=\"78000\" data-permalink=\"https:\/\/www.hoymercedes.com.ar\/principal\/2018\/07\/01\/resolucion-de-conflictos-como-eje-de-capacitaciones-en-escuelas-brindadas-por-la-secretaria-de-seguridad\/30-estrella-morales-3\/#main\" data-orig-file=\"https:\/\/www.hoymercedes.com.ar\/principal\/wp-content\/uploads\/2018\/06\/30-estrella-morales-3.jpg\" data-orig-size=\"750,500\" data-comments-opened=\"0\" data-image-meta=\"{&quot;aperture&quot;:&quot;6.3&quot;,&quot;credit&quot;:&quot;&quot;,&quot;camera&quot;:&quot;NIKON D3100&quot;,&quot;caption&quot;:&quot;&quot;,&quot;created_timestamp&quot;:&quot;1530374999&quot;,&quot;copyright&quot;:&quot;&quot;,&quot;focal_length&quot;:&quot;19&quot;,&quot;iso&quot;:&quot;100&quot;,&quot;shutter_speed&quot;:&quot;0.00625&quot;,&quot;title&quot;:&quot;&quot;,&quot;orientation&quot;:&quot;1&quot;}\" data-image-title=\"30 estrella morales 3\" data-image-description=\"\" data-image-caption=\"\" data-large-file=\"https:\/\/www.hoymercedes.com.ar\/principal\/wp-content\/uploads\/2018\/06\/30-estrella-morales-3.jpg\" class=\"aligncenter size-medium wp-image-78000\" src=\"https:\/\/www.hoymercedes.com.ar\/principal\/wp-content\/uploads\/2018\/06\/30-estrella-morales-3-630x420.jpg\" alt=\"\" width=\"630\" height=\"420\" srcset=\"https:\/\/www.hoymercedes.com.ar\/principal\/wp-content\/uploads\/2018\/06\/30-estrella-morales-3-630x420.jpg 630w, https:\/\/www.hoymercedes.com.ar\/principal\/wp-content\/uploads\/2018\/06\/30-estrella-morales-3-150x100.jpg 150w, https:\/\/www.hoymercedes.com.ar\/principal\/wp-content\/uploads\/2018\/06\/30-estrella-morales-3.jpg 750w\" sizes=\"auto, (max-width: 630px) 100vw, 630px\" \/><\/p>\n<p>Entre la colectora y la ruta se realiz\u00f3 el sencillo acto organizado por el Grupo Estrellas Amarillas con la colaboraci\u00f3n del \u00e1rea de Seguridad Municipal. \u00c1ngel y Alicia, los padres de Gabriel Morales, descubrieron la se\u00f1al\u00e9tica junto a sus otros hijos. Emocionados, \u00c1ngel y Alicia agradecieron la presencia de los familiares y de los amigos que \u201csiempre acompa\u00f1aron a la familia\u201d.<\/p>\n<p>\u201cA esta hora, hoy hace 14 a\u00f1os, est\u00e1bamos sepult\u00e1ndolo a Gabriel. Yo estoy un poquito enojada con Dios, pese a ser creyente. Un borracho al volante fue el que le arrebat\u00f3 la vida a mi hijo. En qu\u00e9 condiciones estar\u00eda el se\u00f1or que cuando vino la ambulancia para llevarlo a Gabriel, tambi\u00e9n lo llev\u00f3 a \u00e9l. Se sent\u00eda que alguien lloraba y ped\u00eda ayuda. El se\u00f1or no se acordaba que ven\u00eda acompa\u00f1ado de una mujer. \u00c9l hoy vive. Nosotros tenemos a Gabriel, creo, en un mejor lugar\u201d, cont\u00f3 Alicia. \u201cLo m\u00e1s triste de todo es que ese se\u00f1or era un representante de la ley porque era Polic\u00eda Federal\u201d, agreg\u00f3 Angelito, como se lo conoce en el mundo del periodismo radial.<\/p>\n<p><img loading=\"lazy\" decoding=\"async\" data-attachment-id=\"77999\" data-permalink=\"https:\/\/www.hoymercedes.com.ar\/principal\/2018\/07\/01\/resolucion-de-conflictos-como-eje-de-capacitaciones-en-escuelas-brindadas-por-la-secretaria-de-seguridad\/30-estrella-morales-2\/#main\" data-orig-file=\"https:\/\/www.hoymercedes.com.ar\/principal\/wp-content\/uploads\/2018\/06\/30-estrella-morales-2.jpg\" data-orig-size=\"750,500\" data-comments-opened=\"0\" data-image-meta=\"{&quot;aperture&quot;:&quot;16&quot;,&quot;credit&quot;:&quot;&quot;,&quot;camera&quot;:&quot;NIKON D3100&quot;,&quot;caption&quot;:&quot;&quot;,&quot;created_timestamp&quot;:&quot;1530374663&quot;,&quot;copyright&quot;:&quot;&quot;,&quot;focal_length&quot;:&quot;18&quot;,&quot;iso&quot;:&quot;400&quot;,&quot;shutter_speed&quot;:&quot;0.005&quot;,&quot;title&quot;:&quot;&quot;,&quot;orientation&quot;:&quot;1&quot;}\" data-image-title=\"30 estrella morales 2\" data-image-description=\"\" data-image-caption=\"\" data-large-file=\"https:\/\/www.hoymercedes.com.ar\/principal\/wp-content\/uploads\/2018\/06\/30-estrella-morales-2.jpg\" class=\"aligncenter size-medium wp-image-77999\" src=\"https:\/\/www.hoymercedes.com.ar\/principal\/wp-content\/uploads\/2018\/06\/30-estrella-morales-2-630x420.jpg\" alt=\"\" width=\"630\" height=\"420\" srcset=\"https:\/\/www.hoymercedes.com.ar\/principal\/wp-content\/uploads\/2018\/06\/30-estrella-morales-2-630x420.jpg 630w, https:\/\/www.hoymercedes.com.ar\/principal\/wp-content\/uploads\/2018\/06\/30-estrella-morales-2-150x100.jpg 150w, https:\/\/www.hoymercedes.com.ar\/principal\/wp-content\/uploads\/2018\/06\/30-estrella-morales-2.jpg 750w\" sizes=\"auto, (max-width: 630px) 100vw, 630px\" \/><\/p>\n<p>\u201cPusieron abogados y nos ofrecieron un dinero importante. Pero su pap\u00e1, lo primero que dijo fue: \u2018si ese dinero me sirve para recuperar la vida de mi hijo, voy corriendo, pero no lo aceptar\u00e9\u2019. Esperamos que cuando pasen por ac\u00e1 los conductores levanten el pie del acelerador y que no est\u00e9n borrachos\u201d, expres\u00f3 la madre de Gabriel. A su lado, \u00c1ngel recalc\u00f3 que ese tipo de persona \u201cno valora la vida propia, menos la de los dem\u00e1s\u201d.<\/p>\n<p>Con 21 a\u00f1os, Gabriel Morales falleci\u00f3 a consecuencia de un choque frontal en la vieja Ruta Nacional 5. Era la madrugada del domingo 27 de junio de 2004. Gabriel hab\u00eda llevado a su novia y volv\u00eda a la ciudad en auto por la ruta a la altura de Gowland. De frente otro auto, cuyo conductor estaba alcoholizado, impacta con su veh\u00edculo, lo cambia de carril y su auto se incendi\u00f3. Dos d\u00edas estuvo internado en el Instituto del Quemado, pero finalmente muri\u00f3. Catorce a\u00f1os despu\u00e9s, su familia lo record\u00f3 descubriendo una carteler\u00eda vertical con una estrella amarilla con su nombre a la vera de la ruta y de la nueva colectora.<\/p>\n<p>Transformar el dolor en amor es lo que une a las familias que integran el Grupo Estrellas Amarillas. Sus familiares, v\u00edctimas fatales de siniestros viales, los impulsan d\u00eda a d\u00eda a llevar conciencia a los mercedinos para que no haya nueva carteler\u00eda con estrellas amarillas que reclamen \u201cprudencia\u201d a la hora de conducir un veh\u00edculo, para que los motociclistas utilicen casco, para que los automovilistas utilicen el cintur\u00f3n de seguridad y para que todos, incluso los peatones, respeten las se\u00f1ales de tr\u00e1nsito.<\/p>\n<p>Por Clarisa Altieri<\/p>\n<p><img loading=\"lazy\" decoding=\"async\" data-attachment-id=\"78001\" data-permalink=\"https:\/\/www.hoymercedes.com.ar\/principal\/2018\/07\/01\/resolucion-de-conflictos-como-eje-de-capacitaciones-en-escuelas-brindadas-por-la-secretaria-de-seguridad\/30-estrella-morales-4\/#main\" data-orig-file=\"https:\/\/www.hoymercedes.com.ar\/principal\/wp-content\/uploads\/2018\/06\/30-estrella-morales-4.jpg\" data-orig-size=\"750,500\" data-comments-opened=\"0\" data-image-meta=\"{&quot;aperture&quot;:&quot;5.6&quot;,&quot;credit&quot;:&quot;&quot;,&quot;camera&quot;:&quot;NIKON D3100&quot;,&quot;caption&quot;:&quot;&quot;,&quot;created_timestamp&quot;:&quot;1530375034&quot;,&quot;copyright&quot;:&quot;&quot;,&quot;focal_length&quot;:&quot;18&quot;,&quot;iso&quot;:&quot;100&quot;,&quot;shutter_speed&quot;:&quot;0.005&quot;,&quot;title&quot;:&quot;&quot;,&quot;orientation&quot;:&quot;1&quot;}\" data-image-title=\"30 estrella morales 4\" data-image-description=\"\" data-image-caption=\"\" data-large-file=\"https:\/\/www.hoymercedes.com.ar\/principal\/wp-content\/uploads\/2018\/06\/30-estrella-morales-4.jpg\" class=\"aligncenter size-medium wp-image-78001\" src=\"https:\/\/www.hoymercedes.com.ar\/principal\/wp-content\/uploads\/2018\/06\/30-estrella-morales-4-630x420.jpg\" alt=\"\" width=\"630\" height=\"420\" srcset=\"https:\/\/www.hoymercedes.com.ar\/principal\/wp-content\/uploads\/2018\/06\/30-estrella-morales-4-630x420.jpg 630w, https:\/\/www.hoymercedes.com.ar\/principal\/wp-content\/uploads\/2018\/06\/30-estrella-morales-4-150x100.jpg 150w, https:\/\/www.hoymercedes.com.ar\/principal\/wp-content\/uploads\/2018\/06\/30-estrella-morales-4.jpg 750w\" sizes=\"auto, (max-width: 630px) 100vw, 630px\" \/><\/p>\n","protected":false},"excerpt":{"rendered":"<p>En la tarde de este s\u00e1bado \u00faltimo de junio, la familia Morales record\u00f3 a Gabriel Leandro Morales quien hace catorce &#8230; <a title=\"En la ruta 5 una Estrella Amarilla recuerda a Gabriel Morales\" class=\"read-more\" href=\"https:\/\/www.hoymercedes.com.ar\/principal\/2018\/06\/30\/en-la-ruta-5-una-estrella-amarilla-recuerda-a-gabriel-morales\/\" aria-label=\"Leer m\u00e1s sobre En la ruta 5 una Estrella Amarilla recuerda a Gabriel Morales\">Leer m\u00e1s<\/a><\/p>\n","protected":false},"author":1,"featured_media":77998,"comment_status":"closed","ping_status":"open","sticky":false,"template":"","format":"standard","meta":{"_monsterinsights_skip_tracking":false,"_monsterinsights_sitenote_active":false,"_monsterinsights_sitenote_note":"","_monsterinsights_sitenote_category":0,"jetpack_post_was_ever_published":false,"_jetpack_newsletter_access":"","_jetpack_dont_email_post_to_subs":false,"_jetpack_newsletter_tier_id":0,"_jetpack_memberships_contains_paywalled_content":false,"_jetpack_memberships_contains_paid_content":false,"footnotes":"","jetpack_publicize_message":"","jetpack_publicize_feature_enabled":true,"jetpack_social_post_already_shared":true,"jetpack_social_options":{"image_generator_settings":{"template":"highway","default_image_id":0,"font":"","enabled":false},"version":2},"_wpas_customize_per_network":false},"categories":[8],"tags":[9451,10,626,9453,7802],"class_list":["post-78012","post","type-post","status-publish","format-standard","has-post-thumbnail","hentry","category-sociedad","tag-estrellas-amarillas","tag-mercedes","tag-seguridad-vial","tag-siniestros-viales","tag-sociedad","generate-columns","tablet-grid-50","mobile-grid-100","grid-parent","grid-50"],"jetpack_publicize_connections":[],"jetpack_featured_media_url":"https:\/\/www.hoymercedes.com.ar\/principal\/wp-content\/uploads\/2018\/06\/30-estrella-morales-1.jpg","wps_subtitle":"A la altura de Gowland","jetpack_sharing_enabled":true,"_links":{"self":[{"href":"https:\/\/www.hoymercedes.com.ar\/principal\/wp-json\/wp\/v2\/posts\/78012","targetHints":{"allow":["GET"]}}],"collection":[{"href":"https:\/\/www.hoymercedes.com.ar\/principal\/wp-json\/wp\/v2\/posts"}],"about":[{"href":"https:\/\/www.hoymercedes.com.ar\/principal\/wp-json\/wp\/v2\/types\/post"}],"author":[{"embeddable":true,"href":"https:\/\/www.hoymercedes.com.ar\/principal\/wp-json\/wp\/v2\/users\/1"}],"replies":[{"embeddable":true,"href":"https:\/\/www.hoymercedes.com.ar\/principal\/wp-json\/wp\/v2\/comments?post=78012"}],"version-history":[{"count":0,"href":"https:\/\/www.hoymercedes.com.ar\/principal\/wp-json\/wp\/v2\/posts\/78012\/revisions"}],"wp:featuredmedia":[{"embeddable":true,"href":"https:\/\/www.hoymercedes.com.ar\/principal\/wp-json\/wp\/v2\/media\/77998"}],"wp:attachment":[{"href":"https:\/\/www.hoymercedes.com.ar\/principal\/wp-json\/wp\/v2\/media?parent=78012"}],"wp:term":[{"taxonomy":"category","embeddable":true,"href":"https:\/\/www.hoymercedes.com.ar\/principal\/wp-json\/wp\/v2\/categories?post=78012"},{"taxonomy":"post_tag","embeddable":true,"href":"https:\/\/www.hoymercedes.com.ar\/principal\/wp-json\/wp\/v2\/tags?post=78012"}],"curies":[{"name":"wp","href":"https:\/\/api.w.org\/{rel}","templated":true}]}}