{"id":78017,"date":"2018-06-30T21:23:34","date_gmt":"2018-07-01T00:23:34","guid":{"rendered":"http:\/\/www.hoymercedes.com.ar\/principal\/?p=78017"},"modified":"2018-06-30T21:23:34","modified_gmt":"2018-07-01T00:23:34","slug":"policia-comunal-recupera-moto-con-pedido-de-captura","status":"publish","type":"post","link":"https:\/\/www.hoymercedes.com.ar\/principal\/2018\/06\/30\/policia-comunal-recupera-moto-con-pedido-de-captura\/","title":{"rendered":"Polic\u00eda Comunal recupera moto con pedido de captura"},"content":{"rendered":"<p><img loading=\"lazy\" decoding=\"async\" data-attachment-id=\"78018\" data-permalink=\"https:\/\/www.hoymercedes.com.ar\/principal\/2018\/06\/30\/policia-comunal-recupera-moto-con-pedido-de-captura\/motorecuperada-a\/#main\" data-orig-file=\"https:\/\/www.hoymercedes.com.ar\/principal\/wp-content\/uploads\/2018\/06\/motorecuperada-a.jpeg\" data-orig-size=\"1280,720\" data-comments-opened=\"0\" data-image-meta=\"{&quot;aperture&quot;:&quot;0&quot;,&quot;credit&quot;:&quot;&quot;,&quot;camera&quot;:&quot;&quot;,&quot;caption&quot;:&quot;&quot;,&quot;created_timestamp&quot;:&quot;0&quot;,&quot;copyright&quot;:&quot;&quot;,&quot;focal_length&quot;:&quot;0&quot;,&quot;iso&quot;:&quot;0&quot;,&quot;shutter_speed&quot;:&quot;0&quot;,&quot;title&quot;:&quot;&quot;,&quot;orientation&quot;:&quot;0&quot;}\" data-image-title=\"motorecuperada-a\" data-image-description=\"\" data-image-caption=\"\" data-large-file=\"https:\/\/www.hoymercedes.com.ar\/principal\/wp-content\/uploads\/2018\/06\/motorecuperada-a-1024x576.jpeg\" class=\"aligncenter size-medium wp-image-78018\" src=\"https:\/\/www.hoymercedes.com.ar\/principal\/wp-content\/uploads\/2018\/06\/motorecuperada-a-630x354.jpeg\" alt=\"\" width=\"630\" height=\"354\" srcset=\"https:\/\/www.hoymercedes.com.ar\/principal\/wp-content\/uploads\/2018\/06\/motorecuperada-a-630x354.jpeg 630w, https:\/\/www.hoymercedes.com.ar\/principal\/wp-content\/uploads\/2018\/06\/motorecuperada-a-150x84.jpeg 150w, https:\/\/www.hoymercedes.com.ar\/principal\/wp-content\/uploads\/2018\/06\/motorecuperada-a-1024x576.jpeg 1024w, https:\/\/www.hoymercedes.com.ar\/principal\/wp-content\/uploads\/2018\/06\/motorecuperada-a.jpeg 1280w\" sizes=\"auto, (max-width: 630px) 100vw, 630px\" \/><\/p>\n<p>En sus habituales acciones preventivas y de vigilancia los uniformados dirigidos por el comisario Macedo lograron detener a un masculino que circulaba con una motocicleta Yamaha que ten\u00eda pedido de captura a instancia de la justicia mercedina.<\/p>\n<p>El imputado por el hecho es de apellido Sequeira, soltero, de 36 a\u00f1os de edad y con domicilio en nuestra ciudad.<\/p>\n<p>En calle 17 entre 14 y 16 se concreta la acci\u00f3n policial donde se detecta al mencionado circulando en una motocicleta Yamaha modelo FZ donde los efectivos que realizaban la vigilancia de la zona piden referencia de la misma, logrando detectar que estaba bajo solicitud de detenci\u00f3n y recupero. Secuestrado el moto veh\u00edculo se ejecutan las tradicionales actuaciones judiciales.<\/p>\n<p>Se dio intervenci\u00f3n a la U.F.I N\u00b010 del Departamento Judicial Moreno \u2013 General Rodr\u00edguez con intervenci\u00f3n de la Dra. Paula Richadulli. La justicia aval\u00f3 lo realizado por la polic\u00eda de Mercedes logrando as\u00ed esclarecer un hecho con implicancias que trascendieron las fronteras de Mercedes.<\/p>\n","protected":false},"excerpt":{"rendered":"<p>En sus habituales acciones preventivas y de vigilancia los uniformados dirigidos por el comisario Macedo lograron detener a un masculino &#8230; <a title=\"Polic\u00eda Comunal recupera moto con pedido de captura\" class=\"read-more\" href=\"https:\/\/www.hoymercedes.com.ar\/principal\/2018\/06\/30\/policia-comunal-recupera-moto-con-pedido-de-captura\/\" aria-label=\"Leer m\u00e1s sobre Polic\u00eda Comunal recupera moto con pedido de captura\">Leer m\u00e1s<\/a><\/p>\n","protected":false},"author":1,"featured_media":78018,"comment_status":"closed","ping_status":"open","sticky":false,"template":"","format":"standard","meta":{"_monsterinsights_skip_tracking":false,"_monsterinsights_sitenote_active":false,"_monsterinsights_sitenote_note":"","_monsterinsights_sitenote_category":0,"jetpack_post_was_ever_published":false,"_jetpack_newsletter_access":"","_jetpack_dont_email_post_to_subs":false,"_jetpack_newsletter_tier_id":0,"_jetpack_memberships_contains_paywalled_content":false,"_jetpack_memberships_contains_paid_content":false,"footnotes":"","jetpack_publicize_message":"","jetpack_publicize_feature_enabled":true,"jetpack_social_post_already_shared":true,"jetpack_social_options":{"image_generator_settings":{"template":"highway","default_image_id":0,"font":"","enabled":false},"version":2},"_wpas_customize_per_network":false},"categories":[85],"tags":[13387,10277],"class_list":["post-78017","post","type-post","status-publish","format-standard","has-post-thumbnail","hentry","category-policial","tag-moto-recuperada","tag-sergio-macedo","generate-columns","tablet-grid-50","mobile-grid-100","grid-parent","grid-50"],"jetpack_publicize_connections":[],"jetpack_featured_media_url":"https:\/\/www.hoymercedes.com.ar\/principal\/wp-content\/uploads\/2018\/06\/motorecuperada-a.jpeg","wps_subtitle":"Seguridad ","jetpack_sharing_enabled":true,"_links":{"self":[{"href":"https:\/\/www.hoymercedes.com.ar\/principal\/wp-json\/wp\/v2\/posts\/78017","targetHints":{"allow":["GET"]}}],"collection":[{"href":"https:\/\/www.hoymercedes.com.ar\/principal\/wp-json\/wp\/v2\/posts"}],"about":[{"href":"https:\/\/www.hoymercedes.com.ar\/principal\/wp-json\/wp\/v2\/types\/post"}],"author":[{"embeddable":true,"href":"https:\/\/www.hoymercedes.com.ar\/principal\/wp-json\/wp\/v2\/users\/1"}],"replies":[{"embeddable":true,"href":"https:\/\/www.hoymercedes.com.ar\/principal\/wp-json\/wp\/v2\/comments?post=78017"}],"version-history":[{"count":0,"href":"https:\/\/www.hoymercedes.com.ar\/principal\/wp-json\/wp\/v2\/posts\/78017\/revisions"}],"wp:featuredmedia":[{"embeddable":true,"href":"https:\/\/www.hoymercedes.com.ar\/principal\/wp-json\/wp\/v2\/media\/78018"}],"wp:attachment":[{"href":"https:\/\/www.hoymercedes.com.ar\/principal\/wp-json\/wp\/v2\/media?parent=78017"}],"wp:term":[{"taxonomy":"category","embeddable":true,"href":"https:\/\/www.hoymercedes.com.ar\/principal\/wp-json\/wp\/v2\/categories?post=78017"},{"taxonomy":"post_tag","embeddable":true,"href":"https:\/\/www.hoymercedes.com.ar\/principal\/wp-json\/wp\/v2\/tags?post=78017"}],"curies":[{"name":"wp","href":"https:\/\/api.w.org\/{rel}","templated":true}]}}