{"id":78026,"date":"2018-07-01T16:57:26","date_gmt":"2018-07-01T19:57:26","guid":{"rendered":"http:\/\/www.hoymercedes.com.ar\/principal\/?p=78026"},"modified":"2018-07-01T13:11:18","modified_gmt":"2018-07-01T16:11:18","slug":"allanamiento-y-esclarecimiento-de-hecho-a-instancias-de-la-policia-comunal-fotos-y-video","status":"publish","type":"post","link":"https:\/\/www.hoymercedes.com.ar\/principal\/2018\/07\/01\/allanamiento-y-esclarecimiento-de-hecho-a-instancias-de-la-policia-comunal-fotos-y-video\/","title":{"rendered":"Allanamiento y esclarecimiento de hecho a instancias de la Polic\u00eda Comunal (Fotos y Video)"},"content":{"rendered":"<p><span class=\"embed-youtube\" style=\"text-align:center; display: block;\"><iframe loading=\"lazy\" class=\"youtube-player\" width=\"1200\" height=\"675\" src=\"https:\/\/www.youtube.com\/embed\/2s4qq_6jCyI?version=3&#038;rel=1&#038;showsearch=0&#038;showinfo=1&#038;iv_load_policy=1&#038;fs=1&#038;hl=es-ES&#038;autohide=2&#038;wmode=transparent\" allowfullscreen=\"true\" style=\"border:0;\" sandbox=\"allow-scripts allow-same-origin allow-popups allow-presentation allow-popups-to-escape-sandbox\"><\/iframe><\/span><\/p>\n<p>La Polic\u00eda Comunal Mercedes durante la tarde del s\u00e1bado avanz\u00f3 en otra de sus investigaciones logrando la detenci\u00f3n de dos masculinos implicados en hechos delictivos. Los dirigidos por el comisario Sergio Macedo efectuaron un allanamiento en calle 11 entre 2 y 4.<\/p>\n<p>Los hechos se iniciaron tras la denuncia realizada por dos vecinos. Uno de apellido Mu\u00f1oz, quien hab\u00eda sido objeto de un robo en calle 17 entre 12 y 14 donde mediante intimidaci\u00f3n f\u00edsica le roban la billetera y la mochila con varios objetos en su interior. Y el segundo de apellido Reinoso a quien le hab\u00edan robado de su autom\u00f3vil, que estaba estacionado, objetos que hab\u00eda en su interior, desde calle 3 entre 102 y 102bis.<\/p>\n<figure id=\"attachment_78027\" aria-describedby=\"caption-attachment-78027\" style=\"width: 577px\" class=\"wp-caption aligncenter\"><img loading=\"lazy\" decoding=\"async\" data-attachment-id=\"78027\" data-permalink=\"https:\/\/www.hoymercedes.com.ar\/principal\/2018\/07\/01\/allanamiento-y-esclarecimiento-de-hecho-a-instancias-de-la-policia-comunal-fotos-y-video\/detenido-30-6-2018\/#main\" data-orig-file=\"https:\/\/www.hoymercedes.com.ar\/principal\/wp-content\/uploads\/2018\/07\/detenido-30.6.2018.jpeg\" data-orig-size=\"730,771\" data-comments-opened=\"0\" data-image-meta=\"{&quot;aperture&quot;:&quot;0&quot;,&quot;credit&quot;:&quot;&quot;,&quot;camera&quot;:&quot;&quot;,&quot;caption&quot;:&quot;&quot;,&quot;created_timestamp&quot;:&quot;0&quot;,&quot;copyright&quot;:&quot;&quot;,&quot;focal_length&quot;:&quot;0&quot;,&quot;iso&quot;:&quot;0&quot;,&quot;shutter_speed&quot;:&quot;0&quot;,&quot;title&quot;:&quot;&quot;,&quot;orientation&quot;:&quot;0&quot;}\" data-image-title=\"detenido-30.6.2018\" data-image-description=\"\" data-image-caption=\"&lt;p&gt;Detenidos&lt;\/p&gt;\n\" data-large-file=\"https:\/\/www.hoymercedes.com.ar\/principal\/wp-content\/uploads\/2018\/07\/detenido-30.6.2018.jpeg\" class=\"size-medium wp-image-78027\" src=\"https:\/\/www.hoymercedes.com.ar\/principal\/wp-content\/uploads\/2018\/07\/detenido-30.6.2018-587x620.jpeg\" alt=\"\" width=\"587\" height=\"620\" srcset=\"https:\/\/www.hoymercedes.com.ar\/principal\/wp-content\/uploads\/2018\/07\/detenido-30.6.2018-587x620.jpeg 587w, https:\/\/www.hoymercedes.com.ar\/principal\/wp-content\/uploads\/2018\/07\/detenido-30.6.2018-142x150.jpeg 142w, https:\/\/www.hoymercedes.com.ar\/principal\/wp-content\/uploads\/2018\/07\/detenido-30.6.2018.jpeg 730w\" sizes=\"auto, (max-width: 587px) 100vw, 587px\" \/><figcaption id=\"caption-attachment-78027\" class=\"wp-caption-text\">Detenidos<\/figcaption><\/figure>\n<p>R\u00e1pidamente los integrantes del Gabinete de Prevenci\u00f3n Criminol\u00f3gica junto a personal del Destacamento Gowland inician una investigaci\u00f3n, con datos de los testigos y averiguaciones propias de la labor que cotidianamente realizan.<\/p>\n<p>La actuaci\u00f3n policial permite identificar a dos sujetos, de apellido Sotomayo y Demieri, como autores de los hechos. Es as\u00ed que se pone en conocimiento a la U.F.I N\u00b02 que se encontraba de turno.<\/p>\n<p>Del procedimiento se logr\u00f3 recuperar los bienes de propiedad de los dambificados, como as\u00ed tambi\u00e9n los elementos suficientes para la actuaci\u00f3n judicial.<\/p>\n<p>Por su parte, el Comisario Sergio Macedo, felicit\u00f3 a las cuadrillas de \u201ccalle\u201d, al personal de la delegaci\u00f3n Gowland, como as\u00ed tambi\u00e9n a los equipos de trabajo junto a Alejadnro Delporto, Ricardo Distefano, al oficial subinspector Roberto Laf\u00f3n, es decir, a quienes cotidianamente act\u00faan en pos de la seguridad y prevenci\u00f3n, como as\u00ed tambi\u00e9n al Departamento Judicial Mercedes donde se realiza un fluido intercambio que permite actuaciones como las que se vivieron este fin de semana con varios allanamientos y dando resultados positivos.<\/p>\n<p><img loading=\"lazy\" decoding=\"async\" data-attachment-id=\"78028\" data-permalink=\"https:\/\/www.hoymercedes.com.ar\/principal\/2018\/07\/01\/allanamiento-y-esclarecimiento-de-hecho-a-instancias-de-la-policia-comunal-fotos-y-video\/detenido-30-6-2018-2\/#main\" data-orig-file=\"https:\/\/www.hoymercedes.com.ar\/principal\/wp-content\/uploads\/2018\/07\/detenido-30.6.2018.2.jpeg\" data-orig-size=\"730,411\" data-comments-opened=\"0\" data-image-meta=\"{&quot;aperture&quot;:&quot;0&quot;,&quot;credit&quot;:&quot;&quot;,&quot;camera&quot;:&quot;&quot;,&quot;caption&quot;:&quot;&quot;,&quot;created_timestamp&quot;:&quot;0&quot;,&quot;copyright&quot;:&quot;&quot;,&quot;focal_length&quot;:&quot;0&quot;,&quot;iso&quot;:&quot;0&quot;,&quot;shutter_speed&quot;:&quot;0&quot;,&quot;title&quot;:&quot;&quot;,&quot;orientation&quot;:&quot;0&quot;}\" data-image-title=\"detenido-30.6.2018.2\" data-image-description=\"\" data-image-caption=\"\" data-large-file=\"https:\/\/www.hoymercedes.com.ar\/principal\/wp-content\/uploads\/2018\/07\/detenido-30.6.2018.2.jpeg\" class=\"aligncenter size-medium wp-image-78028\" src=\"https:\/\/www.hoymercedes.com.ar\/principal\/wp-content\/uploads\/2018\/07\/detenido-30.6.2018.2-630x355.jpeg\" alt=\"\" width=\"630\" height=\"355\" srcset=\"https:\/\/www.hoymercedes.com.ar\/principal\/wp-content\/uploads\/2018\/07\/detenido-30.6.2018.2-630x355.jpeg 630w, https:\/\/www.hoymercedes.com.ar\/principal\/wp-content\/uploads\/2018\/07\/detenido-30.6.2018.2-150x84.jpeg 150w, https:\/\/www.hoymercedes.com.ar\/principal\/wp-content\/uploads\/2018\/07\/detenido-30.6.2018.2.jpeg 730w\" sizes=\"auto, (max-width: 630px) 100vw, 630px\" \/> <img loading=\"lazy\" decoding=\"async\" data-attachment-id=\"78029\" data-permalink=\"https:\/\/www.hoymercedes.com.ar\/principal\/2018\/07\/01\/allanamiento-y-esclarecimiento-de-hecho-a-instancias-de-la-policia-comunal-fotos-y-video\/detenido-30-6-2018-3\/#main\" data-orig-file=\"https:\/\/www.hoymercedes.com.ar\/principal\/wp-content\/uploads\/2018\/07\/detenido-30.6.2018.3.jpeg\" data-orig-size=\"730,548\" data-comments-opened=\"0\" data-image-meta=\"{&quot;aperture&quot;:&quot;0&quot;,&quot;credit&quot;:&quot;&quot;,&quot;camera&quot;:&quot;&quot;,&quot;caption&quot;:&quot;&quot;,&quot;created_timestamp&quot;:&quot;0&quot;,&quot;copyright&quot;:&quot;&quot;,&quot;focal_length&quot;:&quot;0&quot;,&quot;iso&quot;:&quot;0&quot;,&quot;shutter_speed&quot;:&quot;0&quot;,&quot;title&quot;:&quot;&quot;,&quot;orientation&quot;:&quot;0&quot;}\" data-image-title=\"detenido-30.6.2018.3\" data-image-description=\"\" data-image-caption=\"\" data-large-file=\"https:\/\/www.hoymercedes.com.ar\/principal\/wp-content\/uploads\/2018\/07\/detenido-30.6.2018.3.jpeg\" class=\"aligncenter size-medium wp-image-78029\" src=\"https:\/\/www.hoymercedes.com.ar\/principal\/wp-content\/uploads\/2018\/07\/detenido-30.6.2018.3-630x473.jpeg\" alt=\"\" width=\"630\" height=\"473\" srcset=\"https:\/\/www.hoymercedes.com.ar\/principal\/wp-content\/uploads\/2018\/07\/detenido-30.6.2018.3-630x473.jpeg 630w, https:\/\/www.hoymercedes.com.ar\/principal\/wp-content\/uploads\/2018\/07\/detenido-30.6.2018.3-150x113.jpeg 150w, https:\/\/www.hoymercedes.com.ar\/principal\/wp-content\/uploads\/2018\/07\/detenido-30.6.2018.3.jpeg 730w\" sizes=\"auto, (max-width: 630px) 100vw, 630px\" \/><\/p>\n","protected":false},"excerpt":{"rendered":"<p>La Polic\u00eda Comunal Mercedes durante la tarde del s\u00e1bado avanz\u00f3 en otra de sus investigaciones logrando la detenci\u00f3n de dos &#8230; <a title=\"Allanamiento y esclarecimiento de hecho a instancias de la Polic\u00eda Comunal (Fotos y Video)\" class=\"read-more\" href=\"https:\/\/www.hoymercedes.com.ar\/principal\/2018\/07\/01\/allanamiento-y-esclarecimiento-de-hecho-a-instancias-de-la-policia-comunal-fotos-y-video\/\" aria-label=\"Leer m\u00e1s sobre Allanamiento y esclarecimiento de hecho a instancias de la Polic\u00eda Comunal (Fotos y Video)\">Leer m\u00e1s<\/a><\/p>\n","protected":false},"author":1,"featured_media":78027,"comment_status":"closed","ping_status":"open","sticky":false,"template":"","format":"standard","meta":{"_monsterinsights_skip_tracking":false,"_monsterinsights_sitenote_active":false,"_monsterinsights_sitenote_note":"","_monsterinsights_sitenote_category":0,"jetpack_post_was_ever_published":false,"_jetpack_newsletter_access":"","_jetpack_dont_email_post_to_subs":false,"_jetpack_newsletter_tier_id":0,"_jetpack_memberships_contains_paywalled_content":false,"_jetpack_memberships_contains_paid_content":false,"footnotes":"","jetpack_publicize_message":"","jetpack_publicize_feature_enabled":true,"jetpack_social_post_already_shared":true,"jetpack_social_options":{"image_generator_settings":{"template":"highway","default_image_id":0,"font":"","enabled":false},"version":2},"_wpas_customize_per_network":false},"categories":[85],"tags":[13389,3189,10277],"class_list":["post-78026","post","type-post","status-publish","format-standard","has-post-thumbnail","hentry","category-policial","tag-allanamiemnto","tag-detenidos-en-mercedes","tag-sergio-macedo","generate-columns","tablet-grid-50","mobile-grid-100","grid-parent","grid-50"],"jetpack_publicize_connections":[],"jetpack_featured_media_url":"https:\/\/www.hoymercedes.com.ar\/principal\/wp-content\/uploads\/2018\/07\/detenido-30.6.2018.jpeg","wps_subtitle":"Seguridad ","jetpack_sharing_enabled":true,"_links":{"self":[{"href":"https:\/\/www.hoymercedes.com.ar\/principal\/wp-json\/wp\/v2\/posts\/78026","targetHints":{"allow":["GET"]}}],"collection":[{"href":"https:\/\/www.hoymercedes.com.ar\/principal\/wp-json\/wp\/v2\/posts"}],"about":[{"href":"https:\/\/www.hoymercedes.com.ar\/principal\/wp-json\/wp\/v2\/types\/post"}],"author":[{"embeddable":true,"href":"https:\/\/www.hoymercedes.com.ar\/principal\/wp-json\/wp\/v2\/users\/1"}],"replies":[{"embeddable":true,"href":"https:\/\/www.hoymercedes.com.ar\/principal\/wp-json\/wp\/v2\/comments?post=78026"}],"version-history":[{"count":0,"href":"https:\/\/www.hoymercedes.com.ar\/principal\/wp-json\/wp\/v2\/posts\/78026\/revisions"}],"wp:featuredmedia":[{"embeddable":true,"href":"https:\/\/www.hoymercedes.com.ar\/principal\/wp-json\/wp\/v2\/media\/78027"}],"wp:attachment":[{"href":"https:\/\/www.hoymercedes.com.ar\/principal\/wp-json\/wp\/v2\/media?parent=78026"}],"wp:term":[{"taxonomy":"category","embeddable":true,"href":"https:\/\/www.hoymercedes.com.ar\/principal\/wp-json\/wp\/v2\/categories?post=78026"},{"taxonomy":"post_tag","embeddable":true,"href":"https:\/\/www.hoymercedes.com.ar\/principal\/wp-json\/wp\/v2\/tags?post=78026"}],"curies":[{"name":"wp","href":"https:\/\/api.w.org\/{rel}","templated":true}]}}