{"id":7803,"date":"2011-09-30T19:31:09","date_gmt":"2011-09-30T19:31:09","guid":{"rendered":"http:\/\/www.hoymercedes.com.ar\/principal\/?p=7803"},"modified":"2011-09-30T19:31:09","modified_gmt":"2011-09-30T19:31:09","slug":"293-mil-pesos-dejo-de-superavit-la-fiesta-nacional-del-salame-2011","status":"publish","type":"post","link":"https:\/\/www.hoymercedes.com.ar\/principal\/2011\/09\/30\/293-mil-pesos-dejo-de-superavit-la-fiesta-nacional-del-salame-2011\/","title":{"rendered":"$293 mil pesos dej\u00f3 de Super\u00e1vit la Fiesta Nacional del Salame 2011"},"content":{"rendered":"<p><a href=\"https:\/\/www.hoymercedes.com.ar\/principal\/wp-content\/uploads\/2011\/09\/Fiesta-del-Salame.jpg\"><img loading=\"lazy\" decoding=\"async\" data-attachment-id=\"7805\" data-permalink=\"https:\/\/www.hoymercedes.com.ar\/principal\/2011\/09\/30\/293-mil-pesos-dejo-de-superavit-la-fiesta-nacional-del-salame-2011\/fiesta-del-salame\/#main\" data-orig-file=\"https:\/\/www.hoymercedes.com.ar\/principal\/wp-content\/uploads\/2011\/09\/Fiesta-del-Salame.jpg\" data-orig-size=\"608,404\" data-comments-opened=\"1\" data-image-meta=\"{&quot;aperture&quot;:&quot;6.3&quot;,&quot;credit&quot;:&quot;&quot;,&quot;camera&quot;:&quot;NIKON D50&quot;,&quot;caption&quot;:&quot;&quot;,&quot;created_timestamp&quot;:&quot;1315759559&quot;,&quot;copyright&quot;:&quot;&quot;,&quot;focal_length&quot;:&quot;56&quot;,&quot;iso&quot;:&quot;0&quot;,&quot;shutter_speed&quot;:&quot;0.0015625&quot;,&quot;title&quot;:&quot;&quot;}\" data-image-title=\"Fiesta-del-Salame\" data-image-description=\"\" data-image-caption=\"\" data-large-file=\"https:\/\/www.hoymercedes.com.ar\/principal\/wp-content\/uploads\/2011\/09\/Fiesta-del-Salame.jpg\" class=\"aligncenter size-full wp-image-7805\" title=\"Fiesta-del-Salame\" src=\"https:\/\/www.hoymercedes.com.ar\/principal\/wp-content\/uploads\/2011\/09\/Fiesta-del-Salame.jpg\" alt=\"\" width=\"608\" height=\"404\" \/><\/a><\/p>\n<p>En horas del mediod\u00eda se realizo un balance de la Fiesta Nacional del Salame Quintero, en el despacho del Intendente Municipal Carlos Selva. En el encuentro estuvieron presentes el propio Jefe Comunal, acompa\u00f1ado por el Director de Turismo Marcelo Melo, el Director de Planeamiento y Produccion Agrim. Oscar L\u00f3pez<\/p>\n<p>En el inicio, el Intendente Municipal manifest\u00f3 el orgullo de toda la ciudad, por haber tenido una de las mejores fiestas de la historia, destac\u00e1ndose entre otras fiestas, posicion\u00e1ndola como una de la m\u00e1s importante de la Rep\u00fablica Argentina. Aprovecho la ocasi\u00f3n para felicitar a los integrantes de la Comisi\u00f3n Organizadora, indicando que esta edici\u00f3n permiti\u00f3 \u201ccerrar los n\u00fameros de manera muy positiva\u201d.<\/p>\n<p>En principio se indico que \u201cpor el predio, en todo el fin de semana, pasaron mas de 40 mil personas, sumando la venta de entradas, mas todos aquellos que ten\u00edan compromisos de trabajo con la fiesta, mas los artesanos y productores, y los mas peque\u00f1os que no abonan entradas.\u201d<\/p>\n<p>Se informo que \u201cen ventas de entradas, se recaudo la suma de $707 mil, pero agregando el ingreso que se genera por el alquiler de los espacios a artesanos y expositores, el estacionamiento, y otros similares, la recaudaci\u00f3n total fue de $959, 246. Sacando cuentas, descontando los gastos generados para el armado de la estructura y otros aspectos que conllevan a la realizaci\u00f3n de un evento de la magnitud de esta fiesta, generando gastos por una suma aproximada de $665, 636, esta edici\u00f3n dio un super\u00e1vit de aproximadamente $293 mil\u201d<\/p>\n<p>El Jefe Comunal, informo tambi\u00e9n que \u201cla actuaci\u00f3n de los artistas mas importantes, el cachet, fue pago por empresas que se quisieron comprometerse con esta realizaci\u00f3n, como fue la Empresa Atl\u00e1ntida, con la presentaci\u00f3n de Jorge Rojas y la empresa Innova, que lo hizo con el espect\u00e1culo de Soledad.\u201d<\/p>\n<p>\u201cTambi\u00e9n funciono el estacionamiento, que se trabajo de manera conjunta, que genero una recaudaci\u00f3n para Bomberos Voluntarios de aproximadamente $20 mil y para el Club Velez unos $5 mil.\u201d<\/p>\n<p>El Intendente se manifest\u00f3 \u201cmuy satisfecho con el trabajo realizado, con el \u00e9xito logrado, obtenido de manera conjunta con artistas, artesanos, productores, empleados municipales, empresas, en definitiva una fiesta realizada con el compromiso de toda la ciudad.\u201d<\/p>\n<p><strong>La Reina en moto<\/strong><\/p>\n<p>Tambi\u00e9n se encontraba presente la flamante Reina de la Fiesta Nacional del Salame Quintero, Roc\u00edo Torres, quien acompa\u00f1o en toda la conferencia de prensa.<\/p>\n<p>En un momento de la misma, el Intendente Municipal Carlos Selva, procedi\u00f3 a la entrega de una motocicleta de 110 cm3 de cilindrada, para la Soberana de la Fiesta, donada por la empresa Saxon, destinada a quien ganase el concurso de belleza. Esta se suma, a la gran cantidad de premios que ya hab\u00eda recibido en el momento de la coronaci\u00f3n.<\/p>\n","protected":false},"excerpt":{"rendered":"<p>En horas del mediod\u00eda se realizo un balance de la Fiesta Nacional del Salame Quintero, en el despacho del Intendente &#8230; <a title=\"$293 mil pesos dej\u00f3 de Super\u00e1vit la Fiesta Nacional del Salame 2011\" class=\"read-more\" href=\"https:\/\/www.hoymercedes.com.ar\/principal\/2011\/09\/30\/293-mil-pesos-dejo-de-superavit-la-fiesta-nacional-del-salame-2011\/\" aria-label=\"Leer m\u00e1s sobre $293 mil pesos dej\u00f3 de Super\u00e1vit la Fiesta Nacional del Salame 2011\">Leer m\u00e1s<\/a><\/p>\n","protected":false},"author":1,"featured_media":0,"comment_status":"open","ping_status":"open","sticky":false,"template":"","format":"standard","meta":{"_monsterinsights_skip_tracking":false,"_monsterinsights_sitenote_active":false,"_monsterinsights_sitenote_note":"","_monsterinsights_sitenote_category":0,"jetpack_post_was_ever_published":false,"_jetpack_newsletter_access":"","_jetpack_dont_email_post_to_subs":false,"_jetpack_newsletter_tier_id":0,"_jetpack_memberships_contains_paywalled_content":false,"_jetpack_memberships_contains_paid_content":false,"footnotes":"","jetpack_publicize_message":"","jetpack_publicize_feature_enabled":true,"jetpack_social_post_already_shared":false,"jetpack_social_options":{"image_generator_settings":{"template":"highway","default_image_id":0,"font":"","enabled":false},"version":2},"_wpas_customize_per_network":false},"categories":[30],"tags":[1110,1169],"class_list":["post-7803","post","type-post","status-publish","format-standard","hentry","category-municipio","tag-fiesta-del-salame","tag-salame-quintero","generate-columns","tablet-grid-50","mobile-grid-100","grid-parent","grid-50"],"jetpack_publicize_connections":[],"jetpack_featured_media_url":"","wps_subtitle":"","jetpack_sharing_enabled":true,"_links":{"self":[{"href":"https:\/\/www.hoymercedes.com.ar\/principal\/wp-json\/wp\/v2\/posts\/7803","targetHints":{"allow":["GET"]}}],"collection":[{"href":"https:\/\/www.hoymercedes.com.ar\/principal\/wp-json\/wp\/v2\/posts"}],"about":[{"href":"https:\/\/www.hoymercedes.com.ar\/principal\/wp-json\/wp\/v2\/types\/post"}],"author":[{"embeddable":true,"href":"https:\/\/www.hoymercedes.com.ar\/principal\/wp-json\/wp\/v2\/users\/1"}],"replies":[{"embeddable":true,"href":"https:\/\/www.hoymercedes.com.ar\/principal\/wp-json\/wp\/v2\/comments?post=7803"}],"version-history":[{"count":0,"href":"https:\/\/www.hoymercedes.com.ar\/principal\/wp-json\/wp\/v2\/posts\/7803\/revisions"}],"wp:attachment":[{"href":"https:\/\/www.hoymercedes.com.ar\/principal\/wp-json\/wp\/v2\/media?parent=7803"}],"wp:term":[{"taxonomy":"category","embeddable":true,"href":"https:\/\/www.hoymercedes.com.ar\/principal\/wp-json\/wp\/v2\/categories?post=7803"},{"taxonomy":"post_tag","embeddable":true,"href":"https:\/\/www.hoymercedes.com.ar\/principal\/wp-json\/wp\/v2\/tags?post=7803"}],"curies":[{"name":"wp","href":"https:\/\/api.w.org\/{rel}","templated":true}]}}