{"id":78094,"date":"2018-07-02T19:13:51","date_gmt":"2018-07-02T22:13:51","guid":{"rendered":"http:\/\/www.hoymercedes.com.ar\/principal\/?p=78094"},"modified":"2018-07-02T17:18:34","modified_gmt":"2018-07-02T20:18:34","slug":"en-barrio-san-justo-municipio-construye-un-nuevo-jardin-espacio-primera-infancia","status":"publish","type":"post","link":"https:\/\/www.hoymercedes.com.ar\/principal\/2018\/07\/02\/en-barrio-san-justo-municipio-construye-un-nuevo-jardin-espacio-primera-infancia\/","title":{"rendered":"En barrio San Justo Municipio construye un nuevo Jard\u00edn Espacio Primera Infancia"},"content":{"rendered":"<p><img loading=\"lazy\" decoding=\"async\" data-attachment-id=\"78095\" data-permalink=\"https:\/\/www.hoymercedes.com.ar\/principal\/2018\/07\/02\/en-barrio-san-justo-municipio-construye-un-nuevo-jardin-espacio-primera-infancia\/20180629_115346\/#main\" data-orig-file=\"https:\/\/www.hoymercedes.com.ar\/principal\/wp-content\/uploads\/2018\/07\/20180629_115346.jpg\" data-orig-size=\"3264,1836\" data-comments-opened=\"0\" data-image-meta=\"{&quot;aperture&quot;:&quot;1.9&quot;,&quot;credit&quot;:&quot;&quot;,&quot;camera&quot;:&quot;SM-G920I&quot;,&quot;caption&quot;:&quot;&quot;,&quot;created_timestamp&quot;:&quot;1530273226&quot;,&quot;copyright&quot;:&quot;&quot;,&quot;focal_length&quot;:&quot;4.3&quot;,&quot;iso&quot;:&quot;40&quot;,&quot;shutter_speed&quot;:&quot;0.0015015015015015&quot;,&quot;title&quot;:&quot;&quot;,&quot;orientation&quot;:&quot;0&quot;}\" data-image-title=\"EPI SAn Justo\" data-image-description=\"\" data-image-caption=\"\" data-large-file=\"https:\/\/www.hoymercedes.com.ar\/principal\/wp-content\/uploads\/2018\/07\/20180629_115346-1024x576.jpg\" class=\"aligncenter size-medium wp-image-78095\" src=\"https:\/\/www.hoymercedes.com.ar\/principal\/wp-content\/uploads\/2018\/07\/20180629_115346-630x354.jpg\" alt=\"\" width=\"630\" height=\"354\" srcset=\"https:\/\/www.hoymercedes.com.ar\/principal\/wp-content\/uploads\/2018\/07\/20180629_115346-630x354.jpg 630w, https:\/\/www.hoymercedes.com.ar\/principal\/wp-content\/uploads\/2018\/07\/20180629_115346-150x84.jpg 150w, https:\/\/www.hoymercedes.com.ar\/principal\/wp-content\/uploads\/2018\/07\/20180629_115346-1024x576.jpg 1024w\" sizes=\"auto, (max-width: 630px) 100vw, 630px\" \/><\/p>\n<p>El Municipio de Mercedes contin\u00faa pensando e invirtiendo en la ni\u00f1ez y primera infancia. En esta ocasi\u00f3n el jefe comunal, el Dr. Juan Ignacio Ustarroz, estuvo recorriendo la obra de lo que ser\u00e1 un nuevo jard\u00edn espacio primera infancia en el barrio San Justo. Esto es parte del plan de obra p\u00fablica -de 70 millones de pesos- que la Municipalidad est\u00e1 desplegando por toda la ciudad.<\/p>\n<p><strong>De toda la comunidad<\/strong><\/p>\n<p>\u201cEsto no lo hace el Municipio o la gesti\u00f3n, esto lo hace toda la comunidad de Mercedes, es el esfuerzo de todos los vecinos. Esto es gracias tambi\u00e9n a que los vecinos confiaron en la moratoria, la cual este a\u00f1o fue exitosa, y que se traduce en obras para toda la ciudad\u201d afirm\u00f3 el primer mandatario.<\/p>\n<p>Conjuntamente, Juan Ignacio Ustarroz, explic\u00f3 \u201cnuestra gesti\u00f3n centr\u00f3 su pol\u00edtica en la ni\u00f1ez y primera infancia\u201d y agreg\u00f3 \u201ctodos sabemos que la etapa evolutiva m\u00e1s importante del ser humano son los primeros a\u00f1os, por este motivo, m\u00e1s all\u00e1 de la construcci\u00f3n de estos jardines primera infancia, en el d\u00eda de ayer presentamos una bater\u00eda de acciones que lleva adelante la Municipalidad para abordar esta tem\u00e1tica\u201d.<\/p>\n<p>Asimismo, manifest\u00f3 \u201cesta obra es algo que ven\u00edamos hablando mucho con los vecinos del barrio San Justo, donde se plantea la necesidad de aprovechar este espacio -zona donde se encuentra tambi\u00e9n una plaza- que ten\u00eda lugar para equipamiento comunitario\u201d por este motivo \u201ceste lugar es utilizado para construir un jard\u00edn espacio primera infancia\u201d.<img loading=\"lazy\" decoding=\"async\" data-attachment-id=\"78096\" data-permalink=\"https:\/\/www.hoymercedes.com.ar\/principal\/2018\/07\/02\/en-barrio-san-justo-municipio-construye-un-nuevo-jardin-espacio-primera-infancia\/epi-aerea\/#main\" data-orig-file=\"https:\/\/www.hoymercedes.com.ar\/principal\/wp-content\/uploads\/2018\/07\/epi-aerea.jpg\" data-orig-size=\"872,654\" data-comments-opened=\"0\" data-image-meta=\"{&quot;aperture&quot;:&quot;0&quot;,&quot;credit&quot;:&quot;&quot;,&quot;camera&quot;:&quot;&quot;,&quot;caption&quot;:&quot;&quot;,&quot;created_timestamp&quot;:&quot;0&quot;,&quot;copyright&quot;:&quot;&quot;,&quot;focal_length&quot;:&quot;0&quot;,&quot;iso&quot;:&quot;0&quot;,&quot;shutter_speed&quot;:&quot;0&quot;,&quot;title&quot;:&quot;&quot;,&quot;orientation&quot;:&quot;0&quot;}\" data-image-title=\"epi-aerea\" data-image-description=\"\" data-image-caption=\"\" data-large-file=\"https:\/\/www.hoymercedes.com.ar\/principal\/wp-content\/uploads\/2018\/07\/epi-aerea.jpg\" class=\"aligncenter size-medium wp-image-78096\" src=\"https:\/\/www.hoymercedes.com.ar\/principal\/wp-content\/uploads\/2018\/07\/epi-aerea-630x473.jpg\" alt=\"\" width=\"630\" height=\"473\" srcset=\"https:\/\/www.hoymercedes.com.ar\/principal\/wp-content\/uploads\/2018\/07\/epi-aerea-630x473.jpg 630w, https:\/\/www.hoymercedes.com.ar\/principal\/wp-content\/uploads\/2018\/07\/epi-aerea-150x113.jpg 150w, https:\/\/www.hoymercedes.com.ar\/principal\/wp-content\/uploads\/2018\/07\/epi-aerea.jpg 872w\" sizes=\"auto, (max-width: 630px) 100vw, 630px\" \/><\/p>\n<p><strong>Trabajo local<\/strong><\/p>\n<p>\u201cEste trabajo es llevado adelante por mano de obra mercedina, lo cual representa un gran orgullo. Por un lado, la obra en si misma es para los ni\u00f1os, y por otro, la inversi\u00f3n genera trabajo, compra de materiales y actividad econ\u00f3mica en este contexto tan dif\u00edcil que se est\u00e1 viviendo\u201d describi\u00f3 el Dr. Ustarroz.<\/p>\n<p>Adem\u00e1s, el jefe comunal, inform\u00f3 \u201cla proyecci\u00f3n en cuanto finalizaci\u00f3n de obra es de seis meses\u201d y remarc\u00f3 el trabajo de todos los arquitectos de la Municipalidad \u201cque est\u00e1n constantemente controlando las obras, que gracias a contar con una econom\u00eda saneada, son muchas\u201d.<\/p>\n<p>\u201cLa celeridad de las obras no s\u00f3lo nos beneficia a nosotros, sino que tambi\u00e9n a las empresas por el tema costos e inflacionario\u201d.<\/p>\n<p><strong>Hacia adelante<\/strong><\/p>\n<p>Por otro lado, el jefe comunal hizo referencia a los problemas econ\u00f3micos que sufre el pa\u00eds \u201cestamos realmente muy preocupados porque no hay proyecto de ciudad si no hay proyecto de pa\u00eds, las variables macroecon\u00f3micas influyen directamente en nuestra comunidad, desde la inflaci\u00f3n, aumento de combustible, tarifazo, recorte en la inversi\u00f3n -que adem\u00e1s ya se ha anunciado se profundizar\u00e1- son cuestiones y temas que verdaderamente impactan en nuestro municipio\u201d.<\/p>\n<p>Asimismo, defini\u00f3 \u201cNosotros creemos en esta filosof\u00eda y en esta forma, de venir y seguir trabajando junto a los vecinos\u201d y a\u00f1adi\u00f3 \u201cestableciendo prioridades, porque en estos contextos sociales tambi\u00e9n generan mayor vulnerabilidad en los sectores m\u00e1s fr\u00e1giles, por ese motivo el Estado tiene que estar m\u00e1s presente\u201d.<\/p>\n<p>\u201cLa forma de salir de los problemas, no es cruzarse de brazos y quejarse de la realidad, ni recortado, sino trabajando todo los d\u00edas codo a codo con los vecinos, buscando soluciones y llev\u00e1ndolas a cabo\u201d puntualiz\u00f3 el primer mandatario.<\/p>\n<p>De esta manera, la Municipalidad de Mercedes, contin\u00faa ejecutando obras de calidad con recursos propios, dando soluciones concretas y generando empleo a nivel local.\u00a0 Vale recordar que estos espacios dependen de la Secretar\u00eda de Desarrollo Social a cargo de la Lic. Jorgelina Silva.<\/p>\n<p>Info: Municipio<\/p>\n","protected":false},"excerpt":{"rendered":"<p>El Municipio de Mercedes contin\u00faa pensando e invirtiendo en la ni\u00f1ez y primera infancia. En esta ocasi\u00f3n el jefe comunal, &#8230; <a title=\"En barrio San Justo Municipio construye un nuevo Jard\u00edn Espacio Primera Infancia\" class=\"read-more\" href=\"https:\/\/www.hoymercedes.com.ar\/principal\/2018\/07\/02\/en-barrio-san-justo-municipio-construye-un-nuevo-jardin-espacio-primera-infancia\/\" aria-label=\"Leer m\u00e1s sobre En barrio San Justo Municipio construye un nuevo Jard\u00edn Espacio Primera Infancia\">Leer m\u00e1s<\/a><\/p>\n","protected":false},"author":1,"featured_media":78096,"comment_status":"closed","ping_status":"open","sticky":false,"template":"","format":"standard","meta":{"_monsterinsights_skip_tracking":false,"_monsterinsights_sitenote_active":false,"_monsterinsights_sitenote_note":"","_monsterinsights_sitenote_category":0,"jetpack_post_was_ever_published":false,"_jetpack_newsletter_access":"","_jetpack_dont_email_post_to_subs":false,"_jetpack_newsletter_tier_id":0,"_jetpack_memberships_contains_paywalled_content":false,"_jetpack_memberships_contains_paid_content":false,"footnotes":"","jetpack_publicize_message":"","jetpack_publicize_feature_enabled":true,"jetpack_social_post_already_shared":true,"jetpack_social_options":{"image_generator_settings":{"template":"highway","default_image_id":0,"font":"","enabled":false},"version":2},"_wpas_customize_per_network":false},"categories":[30],"tags":[1958,13400,585,197],"class_list":["post-78094","post","type-post","status-publish","format-standard","has-post-thumbnail","hentry","category-municipio","tag-barrio-san-justo","tag-espacio-jardin-primera-infancia","tag-juan-ustarroz","tag-municipalidad-de-mercedes","generate-columns","tablet-grid-50","mobile-grid-100","grid-parent","grid-50"],"jetpack_publicize_connections":[],"jetpack_featured_media_url":"https:\/\/www.hoymercedes.com.ar\/principal\/wp-content\/uploads\/2018\/07\/epi-aerea.jpg","wps_subtitle":"La ni\u00f1ez como priorida","jetpack_sharing_enabled":true,"_links":{"self":[{"href":"https:\/\/www.hoymercedes.com.ar\/principal\/wp-json\/wp\/v2\/posts\/78094","targetHints":{"allow":["GET"]}}],"collection":[{"href":"https:\/\/www.hoymercedes.com.ar\/principal\/wp-json\/wp\/v2\/posts"}],"about":[{"href":"https:\/\/www.hoymercedes.com.ar\/principal\/wp-json\/wp\/v2\/types\/post"}],"author":[{"embeddable":true,"href":"https:\/\/www.hoymercedes.com.ar\/principal\/wp-json\/wp\/v2\/users\/1"}],"replies":[{"embeddable":true,"href":"https:\/\/www.hoymercedes.com.ar\/principal\/wp-json\/wp\/v2\/comments?post=78094"}],"version-history":[{"count":0,"href":"https:\/\/www.hoymercedes.com.ar\/principal\/wp-json\/wp\/v2\/posts\/78094\/revisions"}],"wp:featuredmedia":[{"embeddable":true,"href":"https:\/\/www.hoymercedes.com.ar\/principal\/wp-json\/wp\/v2\/media\/78096"}],"wp:attachment":[{"href":"https:\/\/www.hoymercedes.com.ar\/principal\/wp-json\/wp\/v2\/media?parent=78094"}],"wp:term":[{"taxonomy":"category","embeddable":true,"href":"https:\/\/www.hoymercedes.com.ar\/principal\/wp-json\/wp\/v2\/categories?post=78094"},{"taxonomy":"post_tag","embeddable":true,"href":"https:\/\/www.hoymercedes.com.ar\/principal\/wp-json\/wp\/v2\/tags?post=78094"}],"curies":[{"name":"wp","href":"https:\/\/api.w.org\/{rel}","templated":true}]}}