{"id":78115,"date":"2018-07-02T19:14:38","date_gmt":"2018-07-02T22:14:38","guid":{"rendered":"http:\/\/www.hoymercedes.com.ar\/principal\/?p=78115"},"modified":"2018-07-02T21:57:17","modified_gmt":"2018-07-03T00:57:17","slug":"tras-investigacion-mercedina-detienen-a-banda-de-venta-de-sustancias-prohibidas","status":"publish","type":"post","link":"https:\/\/www.hoymercedes.com.ar\/principal\/2018\/07\/02\/tras-investigacion-mercedina-detienen-a-banda-de-venta-de-sustancias-prohibidas\/","title":{"rendered":"Tras investigaci\u00f3n mercedina detienen a banda de venta de sustancias prohibidas"},"content":{"rendered":"<figure id=\"attachment_78116\" aria-describedby=\"caption-attachment-78116\" style=\"width: 566px\" class=\"wp-caption aligncenter\"><img loading=\"lazy\" decoding=\"async\" data-attachment-id=\"78116\" data-permalink=\"https:\/\/www.hoymercedes.com.ar\/principal\/2018\/07\/02\/tras-investigacion-mercedina-detienen-a-banda-de-venta-de-sustancias-prohibidas\/drogas-2-2\/#main\" data-orig-file=\"https:\/\/www.hoymercedes.com.ar\/principal\/wp-content\/uploads\/2018\/07\/drogas-2.jpeg\" data-orig-size=\"581,1032\" data-comments-opened=\"0\" data-image-meta=\"{&quot;aperture&quot;:&quot;0&quot;,&quot;credit&quot;:&quot;&quot;,&quot;camera&quot;:&quot;&quot;,&quot;caption&quot;:&quot;&quot;,&quot;created_timestamp&quot;:&quot;0&quot;,&quot;copyright&quot;:&quot;&quot;,&quot;focal_length&quot;:&quot;0&quot;,&quot;iso&quot;:&quot;0&quot;,&quot;shutter_speed&quot;:&quot;0&quot;,&quot;title&quot;:&quot;&quot;,&quot;orientation&quot;:&quot;0&quot;}\" data-image-title=\"drogas-2\" data-image-description=\"\" data-image-caption=\"&lt;p&gt;Detenciones y desarme de banda &lt;\/p&gt;\n\" data-large-file=\"https:\/\/www.hoymercedes.com.ar\/principal\/wp-content\/uploads\/2018\/07\/drogas-2-576x1024.jpeg\" class=\"wp-image-78116 size-large\" src=\"https:\/\/www.hoymercedes.com.ar\/principal\/wp-content\/uploads\/2018\/07\/drogas-2-576x1024.jpeg\" alt=\"\" width=\"576\" height=\"1024\" srcset=\"https:\/\/www.hoymercedes.com.ar\/principal\/wp-content\/uploads\/2018\/07\/drogas-2-576x1024.jpeg 576w, https:\/\/www.hoymercedes.com.ar\/principal\/wp-content\/uploads\/2018\/07\/drogas-2-84x150.jpeg 84w, https:\/\/www.hoymercedes.com.ar\/principal\/wp-content\/uploads\/2018\/07\/drogas-2-349x620.jpeg 349w, https:\/\/www.hoymercedes.com.ar\/principal\/wp-content\/uploads\/2018\/07\/drogas-2.jpeg 581w\" sizes=\"auto, (max-width: 576px) 100vw, 576px\" \/><figcaption id=\"caption-attachment-78116\" class=\"wp-caption-text\">Detenciones y desarme de banda<\/figcaption><\/figure>\n<p><strong>\u00a0<\/strong><\/p>\n<p>La investigaci\u00f3n se realiz\u00f3 desde Mercedes logrando desbaratar la banda que ten\u00eda epicentro en Lomas de Zamora. Primero se detiene a un sujeto de apellido Fernandez en Mercedes y desde ah\u00ed se \u201ctira del hilo\u201d investigativo que permiti\u00f3 arriba al centro del asunto, siendo un resultado muy positivo para la justicia y la polic\u00eda.<\/p>\n<p>El jefe comunal, Dr Juan Ignacio Ustarroz, destac\u00f3 la \u201cgran tarea\u201d realizada \u201cpor los integrantes de la Polic\u00eda, la justicia, el compromiso asumido, dando ahora esta gran noticia y excelente resultado\u201d destacando que \u201csabemos el compromiso que tienen con el vecino, lo hemos visto en otros casos, lo vemos ahora\u201d. Por su parte, la Dra Josefina Kelly destac\u00f3 que \u201csin duda se da un alto nivel de eficiencia. Sabemos que la decisi\u00f3n del Jefe Comunal de apoyar a las fuerzas con una inversi\u00f3n r\u00e9cord en seguridad es parte del camino de dar m\u00e1s y mejores soluciones a los vecinos\u201d.<\/p>\n<p><strong>Tarea en conjunto<\/strong><\/p>\n<p>Personal de la Delegaci\u00f3n de Investigaciones del Tr\u00e1fico de Drogas Il\u00edcitas y Crimen Organizado de Mercedes, a cargo del Comisario Guillermo Castro, en forma conjunta con personal de la Estaci\u00f3n de Polic\u00eda Comunal Mercedes, a cargo del Comisario Macedo con intervenci\u00f3n de la Ayudant\u00eda Fiscal Especializada en Estupefacientes a cargo del Dr. Gabriel Courtade, UFI Nro. 6 a cargo del Dr. Carcagno\u00a0 y del Juzgado de Garant\u00edas Nro. 1 a Cargo del Dr. Marcelo E. Romero del Departamento Judicial de Mercedes; realizaron el pasdo 16 de Mayo una serie de allanamientos en la ciudad de Mercedes, como resultado de una investigaci\u00f3n que se llev\u00f3 a cabo por el plazo aproximado de tres meses mediante las cuales se obtuvieron fotograf\u00edas, filmaciones y se realizaron seguimientos, logr\u00e1ndose determinar que un masculino conocido como \u201cChino Fernandez\u201d era el encargado de distribuir sustancia estupefaciente, espec\u00edficamente coca\u00edna.<\/p>\n<p><strong>Hilo conductor <\/strong><\/p>\n<p>Luego de la detenci\u00f3n del principal investigado quien fue identificado como Fern\u00e1ndez Antonio Javier a quien se le secuestraron aproximadamente 100 gramos de coca\u00edna, se profundizaron las pesquisas por parte de la polic\u00eda a fin de determinar la procedencia de la sustancia, significando ello una exhaustiva tarea, lo cual arroj\u00f3 un pr\u00f3spero resultado, ya que se logr\u00f3 comprobar que la coca\u00edna proced\u00eda de la localidad de Lomas de Zamora, espec\u00edficamente del domicilio de calle Bucarest Nro. 951 entre Miguel de Unamuno y Benito P\u00e9rez Gald\u00f3s, el cual fue allanado este \u00faltima semana de junio.<\/p>\n<p><img loading=\"lazy\" decoding=\"async\" data-attachment-id=\"78117\" data-permalink=\"https:\/\/www.hoymercedes.com.ar\/principal\/2018\/07\/02\/tras-investigacion-mercedina-detienen-a-banda-de-venta-de-sustancias-prohibidas\/drogas-1\/#main\" data-orig-file=\"https:\/\/www.hoymercedes.com.ar\/principal\/wp-content\/uploads\/2018\/07\/drogas-1.jpeg\" data-orig-size=\"960,1280\" data-comments-opened=\"0\" data-image-meta=\"{&quot;aperture&quot;:&quot;0&quot;,&quot;credit&quot;:&quot;&quot;,&quot;camera&quot;:&quot;&quot;,&quot;caption&quot;:&quot;&quot;,&quot;created_timestamp&quot;:&quot;0&quot;,&quot;copyright&quot;:&quot;&quot;,&quot;focal_length&quot;:&quot;0&quot;,&quot;iso&quot;:&quot;0&quot;,&quot;shutter_speed&quot;:&quot;0&quot;,&quot;title&quot;:&quot;&quot;,&quot;orientation&quot;:&quot;0&quot;}\" data-image-title=\"drogas-1\" data-image-description=\"\" data-image-caption=\"\" data-large-file=\"https:\/\/www.hoymercedes.com.ar\/principal\/wp-content\/uploads\/2018\/07\/drogas-1-768x1024.jpeg\" class=\"aligncenter size-medium wp-image-78117\" src=\"https:\/\/www.hoymercedes.com.ar\/principal\/wp-content\/uploads\/2018\/07\/drogas-1-465x620.jpeg\" alt=\"\" width=\"465\" height=\"620\" srcset=\"https:\/\/www.hoymercedes.com.ar\/principal\/wp-content\/uploads\/2018\/07\/drogas-1-465x620.jpeg 465w, https:\/\/www.hoymercedes.com.ar\/principal\/wp-content\/uploads\/2018\/07\/drogas-1-113x150.jpeg 113w, https:\/\/www.hoymercedes.com.ar\/principal\/wp-content\/uploads\/2018\/07\/drogas-1-768x1024.jpeg 768w, https:\/\/www.hoymercedes.com.ar\/principal\/wp-content\/uploads\/2018\/07\/drogas-1.jpeg 960w\" sizes=\"auto, (max-width: 465px) 100vw, 465px\" \/><\/p>\n<p><strong>Detenci\u00f3n <\/strong><\/p>\n<p>Tras la larga pesquisa, \u00a0se logr\u00f3 la aprehensi\u00f3n de un masculino mayor de edad\u00a0 de nacionalidad Peruana identificado como \u201cJenyhilo Jorssini Llorca Zavaleta\u201d alias \u201cJay\u201d de nacionalidad peruana. Tambi\u00e9n una femenina fue puesta a disposici\u00f3n de la justicia.<\/p>\n<p>En el hecho se logr\u00f3 secuestrar alrededor de 5 kilos de coca\u00edna y m\u00e1s de 8 kilos de sustancia de Corte, en grandes paquetes para luego ser fraccionados y estirados. Esta sustancia se hallaba oculta arriba del cielorraso de machimbre de la habitaci\u00f3n del investigado, siendo un lugar de dif\u00edcil acceso, teniendo solo una madera floja la cual simulaba estar clavada; siendo importante su secuestro, ya que la misma estaba destinada para ser distribuida y comercializada en la ciudad de Mercedes, quedando de esta manera desarticulada la organizaci\u00f3n.<\/p>\n<p>Asimismo el ahora tras las rejar ten\u00eda en su domicilio un circuito de c\u00e1maras de seguridad, las cuales se hallaban ocultas, conectadas a una grabadora y a un Smart TV a trav\u00e9s del cual el investigado pod\u00eda observar la totalidad de los movimientos tanto dentro como fuera de su domicilio.<\/p>\n<p>Consultado el fiscal interviniente dispuso la aprehensi\u00f3n de LLorca Zavaleta alias \u201cJey\u201d por \u201cTenencia de estupefacientes con fines de comercializaci\u00f3n\u201d.<\/p>\n<p><strong>Importancia<\/strong><\/p>\n<p>La val\u00eda del hecho se da en varios aspectos. Uno de ellos es demostrar que tras una detenci\u00f3n el asunto no qued\u00f3 all\u00ed sino que continu\u00f3 con una b\u00fasqueda de m\u00e1s datos e implicados. En esta ocasi\u00f3n, con el desarme de una banda peligrosa en todo aspecto.<\/p>\n","protected":false},"excerpt":{"rendered":"<p>\u00a0 La investigaci\u00f3n se realiz\u00f3 desde Mercedes logrando desbaratar la banda que ten\u00eda epicentro en Lomas de Zamora. Primero se &#8230; <a title=\"Tras investigaci\u00f3n mercedina detienen a banda de venta de sustancias prohibidas\" class=\"read-more\" href=\"https:\/\/www.hoymercedes.com.ar\/principal\/2018\/07\/02\/tras-investigacion-mercedina-detienen-a-banda-de-venta-de-sustancias-prohibidas\/\" aria-label=\"Leer m\u00e1s sobre Tras investigaci\u00f3n mercedina detienen a banda de venta de sustancias prohibidas\">Leer m\u00e1s<\/a><\/p>\n","protected":false},"author":1,"featured_media":78116,"comment_status":"closed","ping_status":"open","sticky":false,"template":"","format":"standard","meta":{"_monsterinsights_skip_tracking":false,"_monsterinsights_sitenote_active":false,"_monsterinsights_sitenote_note":"","_monsterinsights_sitenote_category":0,"jetpack_post_was_ever_published":false,"_jetpack_newsletter_access":"","_jetpack_dont_email_post_to_subs":false,"_jetpack_newsletter_tier_id":0,"_jetpack_memberships_contains_paywalled_content":false,"_jetpack_memberships_contains_paid_content":false,"footnotes":"","jetpack_publicize_message":"","jetpack_publicize_feature_enabled":true,"jetpack_social_post_already_shared":true,"jetpack_social_options":{"image_generator_settings":{"template":"highway","default_image_id":0,"font":"","enabled":false},"version":2},"_wpas_customize_per_network":false},"categories":[85],"tags":[215,5766,96,10277],"class_list":["post-78115","post","type-post","status-publish","format-standard","has-post-thumbnail","hentry","category-policial","tag-detenciones","tag-policia-comunal","tag-policial-2","tag-sergio-macedo","generate-columns","tablet-grid-50","mobile-grid-100","grid-parent","grid-50"],"jetpack_publicize_connections":[],"jetpack_featured_media_url":"https:\/\/www.hoymercedes.com.ar\/principal\/wp-content\/uploads\/2018\/07\/drogas-2.jpeg","wps_subtitle":"Polic\u00eda Comunal","jetpack_sharing_enabled":true,"_links":{"self":[{"href":"https:\/\/www.hoymercedes.com.ar\/principal\/wp-json\/wp\/v2\/posts\/78115","targetHints":{"allow":["GET"]}}],"collection":[{"href":"https:\/\/www.hoymercedes.com.ar\/principal\/wp-json\/wp\/v2\/posts"}],"about":[{"href":"https:\/\/www.hoymercedes.com.ar\/principal\/wp-json\/wp\/v2\/types\/post"}],"author":[{"embeddable":true,"href":"https:\/\/www.hoymercedes.com.ar\/principal\/wp-json\/wp\/v2\/users\/1"}],"replies":[{"embeddable":true,"href":"https:\/\/www.hoymercedes.com.ar\/principal\/wp-json\/wp\/v2\/comments?post=78115"}],"version-history":[{"count":0,"href":"https:\/\/www.hoymercedes.com.ar\/principal\/wp-json\/wp\/v2\/posts\/78115\/revisions"}],"wp:featuredmedia":[{"embeddable":true,"href":"https:\/\/www.hoymercedes.com.ar\/principal\/wp-json\/wp\/v2\/media\/78116"}],"wp:attachment":[{"href":"https:\/\/www.hoymercedes.com.ar\/principal\/wp-json\/wp\/v2\/media?parent=78115"}],"wp:term":[{"taxonomy":"category","embeddable":true,"href":"https:\/\/www.hoymercedes.com.ar\/principal\/wp-json\/wp\/v2\/categories?post=78115"},{"taxonomy":"post_tag","embeddable":true,"href":"https:\/\/www.hoymercedes.com.ar\/principal\/wp-json\/wp\/v2\/tags?post=78115"}],"curies":[{"name":"wp","href":"https:\/\/api.w.org\/{rel}","templated":true}]}}