{"id":78152,"date":"2018-07-05T11:19:21","date_gmt":"2018-07-05T14:19:21","guid":{"rendered":"http:\/\/www.hoymercedes.com.ar\/principal\/?p=78152"},"modified":"2018-07-03T20:01:35","modified_gmt":"2018-07-03T23:01:35","slug":"mercedes-estuvo-presente-en-la-numerosa-reunion-del-consejo-federal","status":"publish","type":"post","link":"https:\/\/www.hoymercedes.com.ar\/principal\/2018\/07\/05\/mercedes-estuvo-presente-en-la-numerosa-reunion-del-consejo-federal\/","title":{"rendered":"Mercedes estuvo presente en la numerosa reuni\u00f3n del Consejo Federal"},"content":{"rendered":"<p>El presidente del Consejo Federal del F\u00fatbol Argentino estuvo ayer en Chivilcoy y brind\u00f3 una conferencia de prensa en la sede de la Liga Chivilcoyana. Adem\u00e1s de los periodistas locales, llegaron a Chivilcoy de ciudades como Mercedes y Pergamino, entre otras.<\/p>\n<p><img loading=\"lazy\" decoding=\"async\" data-attachment-id=\"78153\" data-permalink=\"https:\/\/www.hoymercedes.com.ar\/principal\/2018\/07\/05\/mercedes-estuvo-presente-en-la-numerosa-reunion-del-consejo-federal\/esteban-marcelo-reunion-toviggino\/#main\" data-orig-file=\"https:\/\/www.hoymercedes.com.ar\/principal\/wp-content\/uploads\/2018\/07\/Esteban-Marcelo-Reunion-Toviggino.jpg\" data-orig-size=\"960,540\" data-comments-opened=\"0\" data-image-meta=\"{&quot;aperture&quot;:&quot;0&quot;,&quot;credit&quot;:&quot;&quot;,&quot;camera&quot;:&quot;&quot;,&quot;caption&quot;:&quot;&quot;,&quot;created_timestamp&quot;:&quot;0&quot;,&quot;copyright&quot;:&quot;&quot;,&quot;focal_length&quot;:&quot;0&quot;,&quot;iso&quot;:&quot;0&quot;,&quot;shutter_speed&quot;:&quot;0&quot;,&quot;title&quot;:&quot;&quot;,&quot;orientation&quot;:&quot;0&quot;}\" data-image-title=\"Esteban Marcelo Reunion Toviggino\" data-image-description=\"\" data-image-caption=\"\" data-large-file=\"https:\/\/www.hoymercedes.com.ar\/principal\/wp-content\/uploads\/2018\/07\/Esteban-Marcelo-Reunion-Toviggino.jpg\" class=\"aligncenter size-medium wp-image-78153\" src=\"https:\/\/www.hoymercedes.com.ar\/principal\/wp-content\/uploads\/2018\/07\/Esteban-Marcelo-Reunion-Toviggino-630x354.jpg\" alt=\"\" width=\"630\" height=\"354\" srcset=\"https:\/\/www.hoymercedes.com.ar\/principal\/wp-content\/uploads\/2018\/07\/Esteban-Marcelo-Reunion-Toviggino-630x354.jpg 630w, https:\/\/www.hoymercedes.com.ar\/principal\/wp-content\/uploads\/2018\/07\/Esteban-Marcelo-Reunion-Toviggino-150x84.jpg 150w, https:\/\/www.hoymercedes.com.ar\/principal\/wp-content\/uploads\/2018\/07\/Esteban-Marcelo-Reunion-Toviggino.jpg 960w\" sizes=\"auto, (max-width: 630px) 100vw, 630px\" \/><\/p>\n<p>A \u00faltima hora de la tarde ayer estuvo en Chivilcoy el presidente del Consejo Federal del F\u00fatbol Argentino, Pablo Toviggino, quien brind\u00f3 una conferencia de prensa organizada por la Liga Chivilcoyana de F\u00fatbol, gesti\u00f3n de Mart\u00edn Bastiani, junto a Toviggino estuvieron en la mesa el presidente de la Liga Chivilcoyana de F\u00fatbol, el presidente de la Federaci\u00f3n Norte (a la que responde la Liga de Chivilcoy), Este y Sur, el intendente doctor Guillermo Britos y el colaborador de Deportes Jos\u00e9 Luis Ghiglieri, acompa\u00f1ado del coordinador del \u00e1rea, Pablo Dami\u00e1n Alvarez.<\/p>\n<p>La conferencia fue presentada para el periodismo, habida cuenta que no pod\u00edamos participar de la reuni\u00f3n que seguidamente se hizo en el Club 22 de Octubre, sede tambi\u00e9n de la cena, a la que fueron invitados los periodistas acreditados en las sesiones de los d\u00edas lunes. Abri\u00f3 la mesa el\u00a0Presidente de la Liga Chivilcoyana, quien con mucha emoci\u00f3n expres\u00f3 lo que significaba la presencia despu\u00e9s de m\u00e1s de cuarenta a\u00f1os, de un representante del F\u00fatbol Argentino.<\/p>\n<p>Fue el turno del intendente Britos, quien tambi\u00e9n destac\u00f3 la importancia de la presencia y una vez m\u00e1s habl\u00f3 sobre el apoyo que se trata de brindarle al f\u00fatbol de la ciudad. Pablo Toviggino agradeci\u00f3 a ambos y tambi\u00e9n las entregas que se le hicieron de parte de la Liga y de la Municipalidad. Acto seguido coment\u00f3 el inter\u00e9s y lo bien que se siente visitando las Federaciones y sus ligas; destac\u00f3 la gesti\u00f3n de Tapia al frente de la Asociaci\u00f3n del F\u00fatbol Argentino, a quien augura un gran mandato, porque dijo saber y entender lo que pretende. Al responder las preguntas expres\u00f3:\u00a0\u00abEstamos convencidos de que la reestructuraci\u00f3n que llevamos adelante, es lo mejor que podemos hacer por el f\u00fatbol todo y en el caso espec\u00edfico del f\u00fatbol del interior del pa\u00eds;\u00a0los frutos ser\u00e1n en 2019, pero ten\u00edamos que hacerlo de esta manera, entendemos que es un cambio brusco, pero no pod\u00edamos continuar con la agon\u00eda de clubes que sin bases s\u00f3lida, terminaban muy mal desde todo punto de vista y fundamentalmente el econ\u00f3mico, sus participaciones, en un torneo de tres meses, que les llevaba mucho esfuerzo para recibir tan poco; de 360 equipos, solo ascend\u00edan cuatro; por eso estamos convencidos del cambio que vamos a producir y que est\u00e1 en despacho. No creemos que mucha gente se quede sin trabajo, eso no es cierto, lo dijeron algunos con intereses creados\u00bb.<\/p>\n<p>Con respecto a la Uni\u00f3n Regional de Ligas que se desprendieron de Federaci\u00f3n Norte, manifest\u00f3:\u00a0\u00abLas acefal\u00edas en algunos casos han permitido que pasen esas cosas, est\u00e1n dentro de la legalidad, pero es importante que se identifiquen a trav\u00e9s de una Federaci\u00f3n, por eso destaco el trabajo que est\u00e1n haciendo las Federaciones del Este y del Sur. Pasa que la provincia de Buenos Aires tiene tres Federaciones, es la \u00fanica del pa\u00eds, las dem\u00e1s provincias tienen una sola\u00bb.<\/p>\n<p>Tambi\u00e9n habl\u00f3\u00a0\u00abde la base institucional que necesitan tener los clubes para participar de competencias que los desgastaron, la infraestructura, el dinero que recaudaron o invirtieron en esos torneos, lo pusieron en la paga de los jugadores, no arreglar los vestuarios, los ba\u00f1os, el sector donde reciben a los \u00e1rbitros. En el partido de f\u00fatbol la pelota entra o pega en el palo y es solamente un resultado, no debemos analizar nuestra gesti\u00f3n si la Selecci\u00f3n sale o no campe\u00f3n del mundo en Rusia, el cambio es m\u00e1s profundo y en ese camino vamos y estamos convencidos de lograr el cambio que el f\u00fatbol todo necesita\u00bb.<\/p>\n<p>Testimonios\u00a0\u00abMe llevo la mejor impresi\u00f3n porque me gusta venir y hablar cara a cara con los dirigentes del interior; me sent\u00ed c\u00f3modo, he sido presidente de liga durante diez a\u00f1os, conozco como es el trabajo de las ligas. Independiente de Chivilcoy tiene un gran presidente, alguien que trabaja mucho y viene luchando desde hace mucho tiempo por ascender; hay una reestructuraci\u00f3n que todav\u00eda no fue aprobada, tenemos que esperar ese paso que va a ser importante para el F\u00fatbol Argentino, aquellos clubes que han tenido una buena participaci\u00f3n en el Federal \u00abB\u00bb van a tener un beneficio deportivo, es cierto que Independiente viene jugando finales en los \u00faltimos a\u00f1os; por lo bien que vienen trabajando en sus instituciones, ojal\u00e1 tengan el premio\u00bb\u00a0(Pablo Toviggino).<\/p>\n<p>\u00abEs muy importante lo que ha pasado esta noche en Chivilcoy, el \u00faltimo presidente que hab\u00eda venido a Federaci\u00f3n Norte fue Caminos hace muchos a\u00f1os; por las ideas que trae y lo que quiere hacer, est\u00e1 dentro del marco que nosotros queremos; las Federaciones est\u00e1n contempladas en el \u00e1mbito del reglamento del Consejo Federal como una entidad de segundo grado, por lo que tienen que ser respetadas y las Federaciones trabajar para eso; es concreto sobre porqu\u00e9 salen el Federacl \u00abC\u00bb y \u00abB\u00bb, porque esos torneos eran recaudatorios para el Consejo Federal; una autocr\u00edtica que hace un presidente del Consejo Federal; por ah\u00ed no estamos del todo con la forma, pero comparto el fondo de la cuesti\u00f3n\u00bb\u00a0(Dar\u00edo Ramunno).<\/p>\n<p>\u00abMe qued\u00f3 una buena impresi\u00f3n, ratific\u00f3 todo lo que se sab\u00eda informalmente, principalmente sobre lo nos incumbe que volver a tener relaci\u00f3n entre Federaci\u00f3n Norte y el Consejo, cortadas desde hace un tiempo; veremos c\u00f3mo sigue el Sub-15 y Sub-13, incluyendo el Femenino que est\u00e1 en estudio; con respecto a Independiente queda una puerta abierta, el club ha realizado un trabajo muy importante y deportivamente merece ser tenido en cuenta\u00bb\u00a0(Mart\u00edn Bastiani).<\/p>\n<p>\u00abComo intendente contento de participar de un encuentro tan importante de las Ligas del Interior, felicito al presidente Bastiani, agradecerle al presidente del Consejo Federal que haya venido a Chivilcoy; me encontr\u00e9 con el presidente de la Liga de San Pedro, de la Liga del Sur, con quien coincidimos como diputados. No soy especialista en este tema, pero es cierto que hay clubes que han terminado mal o renunciar a estos torneos Federales por no poder responder; tengo el recuerdo de viejos regionales que finalizaban en la \u00abA\u00bb y hoy es muy dif\u00edcil; cuando hay un cambio, uno espera que sea para bien\u00bb\u00a0(Guillermo Britos).<\/p>\n<p>Escrito por Ruben Clemente &#8211; DIARIO LA RAZON DE CHIVILCOY<\/p>\n","protected":false},"excerpt":{"rendered":"<p>El presidente del Consejo Federal del F\u00fatbol Argentino estuvo ayer en Chivilcoy y brind\u00f3 una conferencia de prensa en la &#8230; <a title=\"Mercedes estuvo presente en la numerosa reuni\u00f3n del Consejo Federal\" class=\"read-more\" href=\"https:\/\/www.hoymercedes.com.ar\/principal\/2018\/07\/05\/mercedes-estuvo-presente-en-la-numerosa-reunion-del-consejo-federal\/\" aria-label=\"Leer m\u00e1s sobre Mercedes estuvo presente en la numerosa reuni\u00f3n del Consejo Federal\">Leer m\u00e1s<\/a><\/p>\n","protected":false},"author":1,"featured_media":78153,"comment_status":"closed","ping_status":"open","sticky":false,"template":"","format":"standard","meta":{"_monsterinsights_skip_tracking":false,"_monsterinsights_sitenote_active":false,"_monsterinsights_sitenote_note":"","_monsterinsights_sitenote_category":0,"jetpack_post_was_ever_published":false,"_jetpack_newsletter_access":"","_jetpack_dont_email_post_to_subs":false,"_jetpack_newsletter_tier_id":0,"_jetpack_memberships_contains_paywalled_content":false,"_jetpack_memberships_contains_paid_content":false,"footnotes":"","jetpack_publicize_message":"","jetpack_publicize_feature_enabled":true,"jetpack_social_post_already_shared":true,"jetpack_social_options":{"image_generator_settings":{"template":"highway","default_image_id":0,"font":"","enabled":false},"version":2},"_wpas_customize_per_network":false},"categories":[21],"tags":[62,13405,204,1003,13406],"class_list":["post-78152","post","type-post","status-publish","format-standard","has-post-thumbnail","hentry","category-deportes","tag-chivilcoy","tag-consejo-federal-del-futbol-argentino","tag-deportes-2","tag-futbol","tag-ligar-chivilcoyana","generate-columns","tablet-grid-50","mobile-grid-100","grid-parent","grid-50"],"jetpack_publicize_connections":[],"jetpack_featured_media_url":"https:\/\/www.hoymercedes.com.ar\/principal\/wp-content\/uploads\/2018\/07\/Esteban-Marcelo-Reunion-Toviggino.jpg","wps_subtitle":"Futbol Argentino","jetpack_sharing_enabled":true,"jetpack-related-posts":[{"id":63618,"url":"https:\/\/www.hoymercedes.com.ar\/principal\/2017\/06\/10\/estudiantes-los-palometas-juventud-y-los-vascos-jugaran-un-torneo-en-chivilcoy\/","url_meta":{"origin":78152,"position":0},"title":"Estudiantes, Los Palometas, Juventud y Los Vascos jugar\u00e1n un torneo en Chivilcoy","author":"hoymercedes","date":"10 junio, 2017","format":false,"excerpt":"Diario La Raz\u00f3n de Chivilcoy. Bajo la organizaci\u00f3n del Club Atl\u00e9tico Independiente de nuestra ciudad, del 19 al 23 de julio pr\u00f3ximos se jugar\u00e1 la tercera edici\u00f3n correspondiente a la Copa \"Ciudad de Chivilcoy\u201d de f\u00fatbol infantil, que tanto en 2015 como en 2016 mostr\u00f3 un gran \u00e9xito en cuanto\u2026","rel":"","context":"En \u00abDeportes\u00bb","block_context":{"text":"Deportes","link":"https:\/\/www.hoymercedes.com.ar\/principal\/category\/deportes\/"},"img":{"alt_text":"","src":"https:\/\/i0.wp.com\/www.hoymercedes.com.ar\/principal\/wp-content\/uploads\/2017\/06\/IMG_7847-1.jpg?resize=350%2C200&ssl=1","width":350,"height":200,"srcset":"https:\/\/i0.wp.com\/www.hoymercedes.com.ar\/principal\/wp-content\/uploads\/2017\/06\/IMG_7847-1.jpg?resize=350%2C200&ssl=1 1x, https:\/\/i0.wp.com\/www.hoymercedes.com.ar\/principal\/wp-content\/uploads\/2017\/06\/IMG_7847-1.jpg?resize=525%2C300&ssl=1 1.5x, https:\/\/i0.wp.com\/www.hoymercedes.com.ar\/principal\/wp-content\/uploads\/2017\/06\/IMG_7847-1.jpg?resize=700%2C400&ssl=1 2x"},"classes":[]},{"id":104738,"url":"https:\/\/www.hoymercedes.com.ar\/principal\/2020\/01\/03\/independiente-de-chivilcoy-el-rival-de-club-mercedes-y-los-carteros\/","url_meta":{"origin":78152,"position":1},"title":"Independiente de Chivilcoy, el rival de Club Mercedes y Los Carteros","author":"hoymercedes","date":"3 enero, 2020","format":false,"excerpt":"Seis d\u00edas despu\u00e9s de lo prometido, el Consejo Federal de la Asociaci\u00f3n del F\u00fatbol Argentino dio a conocer c\u00f3mo quedaron conformados los grupos de la Regi\u00f3n Pampeana Norte. Los dos elencos mercedinos jugar\u00e1n en una de las zonas de tres equipos, por lo que Club Mercedes y Los Carteros tendr\u00e1n\u2026","rel":"","context":"En \u00abDeportes\u00bb","block_context":{"text":"Deportes","link":"https:\/\/www.hoymercedes.com.ar\/principal\/category\/deportes\/"},"img":{"alt_text":"","src":"https:\/\/i0.wp.com\/www.hoymercedes.com.ar\/principal\/wp-content\/uploads\/2020\/01\/Los-Carteros-1.jpg?resize=350%2C200&ssl=1","width":350,"height":200,"srcset":"https:\/\/i0.wp.com\/www.hoymercedes.com.ar\/principal\/wp-content\/uploads\/2020\/01\/Los-Carteros-1.jpg?resize=350%2C200&ssl=1 1x, https:\/\/i0.wp.com\/www.hoymercedes.com.ar\/principal\/wp-content\/uploads\/2020\/01\/Los-Carteros-1.jpg?resize=525%2C300&ssl=1 1.5x, https:\/\/i0.wp.com\/www.hoymercedes.com.ar\/principal\/wp-content\/uploads\/2020\/01\/Los-Carteros-1.jpg?resize=700%2C400&ssl=1 2x"},"classes":[]},{"id":70836,"url":"https:\/\/www.hoymercedes.com.ar\/principal\/2017\/12\/15\/conoce-los-posibles-rivales-de-trocha-y-el-fronton-para-el-regional\/","url_meta":{"origin":78152,"position":2},"title":"Conoc\u00e9 los posibles rivales de Trocha y El Front\u00f3n para el Regional","author":"hoymercedes","date":"15 diciembre, 2017","format":false,"excerpt":"Con la confirmaci\u00f3n por parte de la Liga Mercedina de El Front\u00f3n de San Andr\u00e9s de Giles y Trocha para jugar el Torneo Federal C, que tiene como fecha tentativa de inicio el 28 de enero, comienzan a realizarse conjeturas sobre los posibles rivales que tengan los representativos del torneo\u2026","rel":"","context":"En \u00abDeportes\u00bb","block_context":{"text":"Deportes","link":"https:\/\/www.hoymercedes.com.ar\/principal\/category\/deportes\/"},"img":{"alt_text":"","src":"https:\/\/i0.wp.com\/www.hoymercedes.com.ar\/principal\/wp-content\/uploads\/2017\/12\/Trocha-primera-division.jpg?resize=350%2C200","width":350,"height":200},"classes":[]},{"id":103119,"url":"https:\/\/www.hoymercedes.com.ar\/principal\/2019\/11\/28\/quilmes-campeon-sub-17-de-la-liga-chivilcoyana-de-voley\/","url_meta":{"origin":78152,"position":3},"title":"Quilmes, campe\u00f3n Sub 17 de la Liga Chivilcoyana de Voley","author":"hoymercedes","date":"28 noviembre, 2019","format":false,"excerpt":"El equipo femenino de voley del Club Quilmes se coron\u00f3 campe\u00f3n de la categor\u00eda Sub 17 d\u00edas atr\u00e1s en la ciudad de Chivilcoy por lo que fue una temporada m\u00e1s de la Liga de la mencionada ciudad. La final fue ante el local Independiente donde las dirigidas por Carolina Iriarte\u2026","rel":"","context":"En \u00abDeportes\u00bb","block_context":{"text":"Deportes","link":"https:\/\/www.hoymercedes.com.ar\/principal\/category\/deportes\/"},"img":{"alt_text":"","src":"https:\/\/i0.wp.com\/www.hoymercedes.com.ar\/principal\/wp-content\/uploads\/2019\/11\/Quilmes-Sub-17-VOley-campe%C3%B3n.jpg?resize=350%2C200&ssl=1","width":350,"height":200,"srcset":"https:\/\/i0.wp.com\/www.hoymercedes.com.ar\/principal\/wp-content\/uploads\/2019\/11\/Quilmes-Sub-17-VOley-campe%C3%B3n.jpg?resize=350%2C200&ssl=1 1x, https:\/\/i0.wp.com\/www.hoymercedes.com.ar\/principal\/wp-content\/uploads\/2019\/11\/Quilmes-Sub-17-VOley-campe%C3%B3n.jpg?resize=525%2C300&ssl=1 1.5x"},"classes":[]},{"id":169752,"url":"https:\/\/www.hoymercedes.com.ar\/principal\/2023\/11\/21\/mercedes-sede-de-reunion-regional-del-consejo-federal-de-afa\/","url_meta":{"origin":78152,"position":4},"title":"Mercedes sede de reuni\u00f3n regional del Consejo Federal de AFA","author":"hoymercedes","date":"21 noviembre, 2023","format":false,"excerpt":"Importante entrega de aporte a Ligas de F\u00fatbol de la ciudad en Mercedes a trav\u00e9s del Consejo Federal de F\u00fatbol tras gestiones de la liga local a cargo de Esteban Marcelo. La actividad se desarroll\u00f3 en el Teatro Argentino contando con la presencia del intendente Juani Ustarroz y dirigentes de\u2026","rel":"","context":"En \u00abDeportes\u00bb","block_context":{"text":"Deportes","link":"https:\/\/www.hoymercedes.com.ar\/principal\/category\/deportes\/"},"img":{"alt_text":"","src":"https:\/\/i0.wp.com\/www.hoymercedes.com.ar\/principal\/wp-content\/uploads\/2023\/11\/ConsejoFederal-AFA-LigaMercedina-Mercedes-001.jpg?resize=350%2C200&ssl=1","width":350,"height":200,"srcset":"https:\/\/i0.wp.com\/www.hoymercedes.com.ar\/principal\/wp-content\/uploads\/2023\/11\/ConsejoFederal-AFA-LigaMercedina-Mercedes-001.jpg?resize=350%2C200&ssl=1 1x, https:\/\/i0.wp.com\/www.hoymercedes.com.ar\/principal\/wp-content\/uploads\/2023\/11\/ConsejoFederal-AFA-LigaMercedina-Mercedes-001.jpg?resize=525%2C300&ssl=1 1.5x, https:\/\/i0.wp.com\/www.hoymercedes.com.ar\/principal\/wp-content\/uploads\/2023\/11\/ConsejoFederal-AFA-LigaMercedina-Mercedes-001.jpg?resize=700%2C400&ssl=1 2x, https:\/\/i0.wp.com\/www.hoymercedes.com.ar\/principal\/wp-content\/uploads\/2023\/11\/ConsejoFederal-AFA-LigaMercedina-Mercedes-001.jpg?resize=1050%2C600&ssl=1 3x"},"classes":[]},{"id":105426,"url":"https:\/\/www.hoymercedes.com.ar\/principal\/2020\/01\/21\/dictaran-curso-de-entrenador-de-futbol-en-chivilcoy\/","url_meta":{"origin":78152,"position":5},"title":"Dictar\u00e1n curso de entrenador de f\u00fatbol en Chivilcoy","author":"hoymercedes","date":"21 enero, 2020","format":false,"excerpt":"En la ciudad de Chivilcoy se realizar\u00e1 un curso de Director T\u00e9cnico de F\u00fatbol. A trav\u00e9s de una comunicaci\u00f3n telef\u00f3nica, el Presidente de la Liga de F\u00fatbol de Bragado Oscar Peracca, puso en conocimiento al Presidente de la Liga Mercedina el inicio del mismo. A partir de gestiones realizadas ante\u2026","rel":"","context":"En \u00abDeportes\u00bb","block_context":{"text":"Deportes","link":"https:\/\/www.hoymercedes.com.ar\/principal\/category\/deportes\/"},"img":{"alt_text":"","src":"https:\/\/i0.wp.com\/www.hoymercedes.com.ar\/principal\/wp-content\/uploads\/2020\/01\/0rv3-Q7J_400x400.jpg?resize=350%2C200","width":350,"height":200},"classes":[]}],"_links":{"self":[{"href":"https:\/\/www.hoymercedes.com.ar\/principal\/wp-json\/wp\/v2\/posts\/78152","targetHints":{"allow":["GET"]}}],"collection":[{"href":"https:\/\/www.hoymercedes.com.ar\/principal\/wp-json\/wp\/v2\/posts"}],"about":[{"href":"https:\/\/www.hoymercedes.com.ar\/principal\/wp-json\/wp\/v2\/types\/post"}],"author":[{"embeddable":true,"href":"https:\/\/www.hoymercedes.com.ar\/principal\/wp-json\/wp\/v2\/users\/1"}],"replies":[{"embeddable":true,"href":"https:\/\/www.hoymercedes.com.ar\/principal\/wp-json\/wp\/v2\/comments?post=78152"}],"version-history":[{"count":0,"href":"https:\/\/www.hoymercedes.com.ar\/principal\/wp-json\/wp\/v2\/posts\/78152\/revisions"}],"wp:featuredmedia":[{"embeddable":true,"href":"https:\/\/www.hoymercedes.com.ar\/principal\/wp-json\/wp\/v2\/media\/78153"}],"wp:attachment":[{"href":"https:\/\/www.hoymercedes.com.ar\/principal\/wp-json\/wp\/v2\/media?parent=78152"}],"wp:term":[{"taxonomy":"category","embeddable":true,"href":"https:\/\/www.hoymercedes.com.ar\/principal\/wp-json\/wp\/v2\/categories?post=78152"},{"taxonomy":"post_tag","embeddable":true,"href":"https:\/\/www.hoymercedes.com.ar\/principal\/wp-json\/wp\/v2\/tags?post=78152"}],"curies":[{"name":"wp","href":"https:\/\/api.w.org\/{rel}","templated":true}]}}