{"id":78217,"date":"2018-07-05T13:29:23","date_gmt":"2018-07-05T16:29:23","guid":{"rendered":"http:\/\/www.hoymercedes.com.ar\/principal\/?p=78217"},"modified":"2018-07-05T10:17:04","modified_gmt":"2018-07-05T13:17:04","slug":"en-el-mamm-cierra-la-muestra-tinta-papel-tijera","status":"publish","type":"post","link":"https:\/\/www.hoymercedes.com.ar\/principal\/2018\/07\/05\/en-el-mamm-cierra-la-muestra-tinta-papel-tijera\/","title":{"rendered":"En el MAMM cierra la Muestra \u201cTinta, papel, tijera\u201d"},"content":{"rendered":"<p>Por MAMM\u00a0 &#8211; Cuentan los artistas que desde el primer momento que surgi\u00f3 la idea de realizar una muestra juntos, en la que el protagonista fuera el papel, hasta que se concret\u00f3 la posibilidad de hacerla realidad, se han encontramos con el apoyo de amigos y gente cercana que brind\u00f3 su ayuda desinteresadamente de mil maneras imaginables e inimaginables.<\/p>\n<p>Pablo Russo y Diego Ismael entendieron, con el tiempo, que hab\u00edan dejado de hacer la muestra\u00a0para ellos mismos y empezaron a hacerla para su p\u00fablico, no con el prop\u00f3sito de conformar, sino con la certeza de entregar un poco a todos de eso que tanto gustan de hacer.<\/p>\n<p>Una vez montadas las obras en el museo, y pasado los nervios propios de la inauguraci\u00f3n, fueron m\u00e1s y m\u00e1s sorpresas agradables; recibieron mucho cari\u00f1o y amor tanto de amigos como gente desconocida que les hac\u00edan llegar sus comentarios y agradecimientos.<\/p>\n<p>Pues ya llegando casi al final de este camino transitado, se muestran agradecidos por la respuesta de quienes se acercaron a verla.<\/p>\n<p>Por eso les resulta muy importante compartir este cierre con todos y completar una de las primeras ideas que tuvieron de la muestra: la de hacer una instalaci\u00f3n de peque\u00f1as obras para que la gente pudiera llev\u00e1rselas. Es que en definitiva de eso trat\u00f3 todo esto, de gestos, colaboraciones que se multiplicaron hasta volverse infinitas y para ellos, como artistas, una bella experiencia que dejar\u00e1 una marca eterna.<\/p>\n<p>El d\u00eda viernes 6 de Julio, a las 20 hs, se contar\u00e1 con la presencia de los realizadores Pablo Russo y Diego Ismael para dialogar con el p\u00fablico y realizar actividades en conjunto con los visitantes, para luego obsequiarles las obras que componen la instalaci\u00f3n \u201cLo m\u00faltiple se vuelve infinito y lo infinito eterno\u201d<\/p>\n<p>La cita ya est\u00e1 planteada y ser\u00e1 con entrada libre y gratuita. En el Museo de Arte Municipalidad de Mercedes<\/p>\n","protected":false},"excerpt":{"rendered":"<p>Por MAMM\u00a0 &#8211; Cuentan los artistas que desde el primer momento que surgi\u00f3 la idea de realizar una muestra juntos, &#8230; <a title=\"En el MAMM cierra la Muestra \u201cTinta, papel, tijera\u201d\" class=\"read-more\" href=\"https:\/\/www.hoymercedes.com.ar\/principal\/2018\/07\/05\/en-el-mamm-cierra-la-muestra-tinta-papel-tijera\/\" aria-label=\"Leer m\u00e1s sobre En el MAMM cierra la Muestra \u201cTinta, papel, tijera\u201d\">Leer m\u00e1s<\/a><\/p>\n","protected":false},"author":1,"featured_media":78220,"comment_status":"closed","ping_status":"open","sticky":false,"template":"","format":"standard","meta":{"_monsterinsights_skip_tracking":false,"_monsterinsights_sitenote_active":false,"_monsterinsights_sitenote_note":"","_monsterinsights_sitenote_category":0,"jetpack_post_was_ever_published":false,"_jetpack_newsletter_access":"","_jetpack_dont_email_post_to_subs":false,"_jetpack_newsletter_tier_id":0,"_jetpack_memberships_contains_paywalled_content":false,"_jetpack_memberships_contains_paid_content":false,"footnotes":"","jetpack_publicize_message":"","jetpack_publicize_feature_enabled":true,"jetpack_social_post_already_shared":true,"jetpack_social_options":{"image_generator_settings":{"template":"highway","default_image_id":0,"font":"","enabled":false},"version":2},"_wpas_customize_per_network":false},"categories":[104],"tags":[7805,13238,8674,8715,2558],"class_list":["post-78217","post","type-post","status-publish","format-standard","has-post-thumbnail","hentry","category-cultura","tag-cultura","tag-diego-ismael","tag-mamm","tag-muestra","tag-pablo-russo","generate-columns","tablet-grid-50","mobile-grid-100","grid-parent","grid-50"],"jetpack_publicize_connections":[],"jetpack_featured_media_url":"https:\/\/www.hoymercedes.com.ar\/principal\/wp-content\/uploads\/2018\/07\/05-muestra-mamm.jpg","wps_subtitle":"Russo e Ismael","jetpack_sharing_enabled":true,"_links":{"self":[{"href":"https:\/\/www.hoymercedes.com.ar\/principal\/wp-json\/wp\/v2\/posts\/78217","targetHints":{"allow":["GET"]}}],"collection":[{"href":"https:\/\/www.hoymercedes.com.ar\/principal\/wp-json\/wp\/v2\/posts"}],"about":[{"href":"https:\/\/www.hoymercedes.com.ar\/principal\/wp-json\/wp\/v2\/types\/post"}],"author":[{"embeddable":true,"href":"https:\/\/www.hoymercedes.com.ar\/principal\/wp-json\/wp\/v2\/users\/1"}],"replies":[{"embeddable":true,"href":"https:\/\/www.hoymercedes.com.ar\/principal\/wp-json\/wp\/v2\/comments?post=78217"}],"version-history":[{"count":0,"href":"https:\/\/www.hoymercedes.com.ar\/principal\/wp-json\/wp\/v2\/posts\/78217\/revisions"}],"wp:featuredmedia":[{"embeddable":true,"href":"https:\/\/www.hoymercedes.com.ar\/principal\/wp-json\/wp\/v2\/media\/78220"}],"wp:attachment":[{"href":"https:\/\/www.hoymercedes.com.ar\/principal\/wp-json\/wp\/v2\/media?parent=78217"}],"wp:term":[{"taxonomy":"category","embeddable":true,"href":"https:\/\/www.hoymercedes.com.ar\/principal\/wp-json\/wp\/v2\/categories?post=78217"},{"taxonomy":"post_tag","embeddable":true,"href":"https:\/\/www.hoymercedes.com.ar\/principal\/wp-json\/wp\/v2\/tags?post=78217"}],"curies":[{"name":"wp","href":"https:\/\/api.w.org\/{rel}","templated":true}]}}