{"id":78291,"date":"2018-07-06T18:30:27","date_gmt":"2018-07-06T21:30:27","guid":{"rendered":"http:\/\/www.hoymercedes.com.ar\/principal\/?p=78291"},"modified":"2018-07-06T17:12:57","modified_gmt":"2018-07-06T20:12:57","slug":"la-cem-trabaja-en-dos-proyectos-para-emprendedores-con-la-direccion-de-produccion-municipal","status":"publish","type":"post","link":"https:\/\/www.hoymercedes.com.ar\/principal\/2018\/07\/06\/la-cem-trabaja-en-dos-proyectos-para-emprendedores-con-la-direccion-de-produccion-municipal\/","title":{"rendered":"La CEM trabaja en dos proyectos para emprendedores con la Direcci\u00f3n de Producci\u00f3n Municipal"},"content":{"rendered":"<p>\u201cCl\u00ednicos Tecnol\u00f3gicos\u201d y \u201cComunidades con Valor\u201d son los dos programas que las instituciones mercedinas participan junto a la UNLu, la C\u00e1mara Textil de Luj\u00e1n, el Ministerio de Ciencia, Tecnolog\u00eda e Innovaci\u00f3n, la Fundaci\u00f3n Empretec del Banco Naci\u00f3n y a los Municipios de Luj\u00e1n y Pilar.<\/p>\n<p><img loading=\"lazy\" decoding=\"async\" data-attachment-id=\"78292\" data-permalink=\"https:\/\/www.hoymercedes.com.ar\/principal\/2018\/07\/06\/la-cem-trabaja-en-dos-proyectos-para-emprendedores-con-la-direccion-de-produccion-municipal\/2018-cem-muni-progr-provincia\/#main\" data-orig-file=\"https:\/\/www.hoymercedes.com.ar\/principal\/wp-content\/uploads\/2018\/07\/2018-CEM-Muni-Progr-provincia-e1530907908388.jpg\" data-orig-size=\"750,500\" data-comments-opened=\"0\" data-image-meta=\"{&quot;aperture&quot;:&quot;3.5&quot;,&quot;credit&quot;:&quot;&quot;,&quot;camera&quot;:&quot;NIKON D3100&quot;,&quot;caption&quot;:&quot;&quot;,&quot;created_timestamp&quot;:&quot;1530884686&quot;,&quot;copyright&quot;:&quot;&quot;,&quot;focal_length&quot;:&quot;18&quot;,&quot;iso&quot;:&quot;800&quot;,&quot;shutter_speed&quot;:&quot;0.033333333333333&quot;,&quot;title&quot;:&quot;&quot;,&quot;orientation&quot;:&quot;1&quot;}\" data-image-title=\"2018 CEM Muni Progr provincia\" data-image-description=\"\" data-image-caption=\"\" data-large-file=\"https:\/\/www.hoymercedes.com.ar\/principal\/wp-content\/uploads\/2018\/07\/2018-CEM-Muni-Progr-provincia-1024x683.jpg\" class=\"aligncenter size-medium wp-image-78292\" src=\"https:\/\/www.hoymercedes.com.ar\/principal\/wp-content\/uploads\/2018\/07\/2018-CEM-Muni-Progr-provincia-630x420.jpg\" alt=\"\" width=\"630\" height=\"420\" \/><\/p>\n<p>Dos proyectos est\u00e1n en marcha para emprendedores mercedinos. El primero se denomina \u201cCl\u00ednicos Tecnol\u00f3gicos\u201d y tiene como objetivo hacer un diagn\u00f3stico a industrias locales para establecer los nexos necesarios para resolver sus necesidades. En tanto, el segundo\u00a0 se llama \u201cComunidades con Valor\u201d y busca capacitar y desarrollar emprendimientos que luego podr\u00e1n obtener un financiamiento bancario.<\/p>\n<p>De manera conjunta lo llevan a cabo la C\u00e1mara Econ\u00f3mica Mercedina, la Direcci\u00f3n de Producci\u00f3n de la Municipalidad de Mercedes, la Universidad de Luj\u00e1n y el Ministerio de Ciencia, Tecnolog\u00eda e Innovaci\u00f3n. Esto permiti\u00f3 que el Gerente de la CEM Ariel Pietrucha estuviese presente en un evento en Pilar del cual tambi\u00e9n participaron el Director de Producci\u00f3n Municipal Marcelo Den\u00e1pole y el Jefe del \u00e1rea Fernando Zapata y en donde el Ministro Jorge Elustondo present\u00f3 propuestas para el desarrollo de emprendimientos relacionados con la ciencia, la tecnolog\u00eda y la innovaci\u00f3n.<\/p>\n<p>En este momento son dos los programas en los que trabajan la CEM y Producci\u00f3n del Municipio. A ellos se les suma la Universidad de Luj\u00e1n, representada por el Rector Antonio Lapolla. El primero de los programas se lo llama\u00a0 \u201cCl\u00ednicos Tecnol\u00f3gicos\u201d. Esta propuesta implica la posibilidad de hacer, desde la UNLu, diagn\u00f3sticos a industrias locales. El programa establece que la Ing. Industrial Flavia Rossi realice estudios de diagn\u00f3sticos que establezcan nexos de respuestas a las necesidades diagnosticadas. El programa est\u00e1 en pleno funcionamiento y son dos las industrias mercedinas \u2013 Qu\u00edmica JP y Clonaquim &#8211; que recibieron el diagn\u00f3stico de la ingeniera y les permiti\u00f3 un mayor desarrollo empresarial. La propuesta est\u00e1 abierta para que otras industrias puedan ser diagnosticadas por los ingenieros de la UNLu. \u201cInvitamos a las empresas que se comuniquen con la C\u00e1mara Econ\u00f3mica o con la Direcci\u00f3n de Producci\u00f3n para conocer m\u00e1s el programa y la posibilidad de hacerles un diagn\u00f3stico desde la Universidad\u201d, explicaron Ariel Pietrucha y Marcelo Den\u00e1pole.<\/p>\n<p>El segundo programa se llama \u201cComunidades con Valor\u201d. Son tres los\u00a0 municipios bonaerenses involucrados: Pilar, Luj\u00e1n y Mercedes. En esta propuesta tambi\u00e9n participa la Fundaci\u00f3n Empretec, perteneciente al Banco Naci\u00f3n, as\u00ed como Naciones Unidas.<\/p>\n<p>\u201cCon el aval de Empretec y los tres municipios, adem\u00e1s de la C\u00e1mara Econ\u00f3mica y la C\u00e1mara de la Industria Textil de Luj\u00e1n, se invita a empresas PyMEs o emprendimientos que no est\u00e1n desarrollados como tal para presentarlos como postulantes a la selecci\u00f3n final de 30 participantes para las capacitaciones a gran escala\u201d, expuso \u00a0Pietrucha y resalt\u00f3 que las inscripciones al Programa empezaron el 3 de julio y se extienden hasta el 1\u00b0 de agosto.<\/p>\n<p>Los Emprendedores y PyMES seleccionados participar\u00e1n de Capacitaciones intensivas sobre desarrollo empresario y emprendedor, que culminar\u00e1 con la elaboraci\u00f3n de su Plan de Negocios y su vinculaci\u00f3n con Instituciones p\u00fablicas y privadas. El proceso de selecci\u00f3n y capacitaci\u00f3n se llevar\u00e1 a cabo atendiendo a criterios como: creaci\u00f3n de empleo, viabilidad t\u00e9cnica y comercial, sustentabilidad econ\u00f3mica y financiera, generaci\u00f3n de valor agregado, vinculaci\u00f3n con alguna\/s de las oportunidades relevadas en la regi\u00f3n, entre otros.<\/p>\n<p>La primera capacitaci\u00f3n est\u00e1 prevista del 13 al 18 de agosto en la localidad de Luj\u00e1n. La segunda instancia de capacitaci\u00f3n ser\u00e1 el 1\u00b0 de septiembre en la sede de la C\u00e1mara Econ\u00f3mica Mercedina. Aqu\u00ed se desarrollar\u00e1 sobre Responsabilidad Social Empresarial. Luego, la tercera instancia ser\u00e1 de quince encuentros en cada una de las localidades para darle forma final al plan de negocio.<\/p>\n<p>Las industrias, emprendedores o empresarios que deseen conocer m\u00e1s detalles de los dos programas pueden acercarse a la Direcci\u00f3n de Producci\u00f3n de la Municipalidad de Mercedes o a la sede de la C\u00e1mara Econ\u00f3mica Mercedina, avenida 29 N\u00b0 638 o comunicarse a los tel\u00e9fonos<\/p>\n","protected":false},"excerpt":{"rendered":"<p>\u201cCl\u00ednicos Tecnol\u00f3gicos\u201d y \u201cComunidades con Valor\u201d son los dos programas que las instituciones mercedinas participan junto a la UNLu, la &#8230; <a title=\"La CEM trabaja en dos proyectos para emprendedores con la Direcci\u00f3n de Producci\u00f3n Municipal\" class=\"read-more\" href=\"https:\/\/www.hoymercedes.com.ar\/principal\/2018\/07\/06\/la-cem-trabaja-en-dos-proyectos-para-emprendedores-con-la-direccion-de-produccion-municipal\/\" aria-label=\"Leer m\u00e1s sobre La CEM trabaja en dos proyectos para emprendedores con la Direcci\u00f3n de Producci\u00f3n Municipal\">Leer m\u00e1s<\/a><\/p>\n","protected":false},"author":1,"featured_media":78292,"comment_status":"closed","ping_status":"open","sticky":false,"template":"","format":"standard","meta":{"_monsterinsights_skip_tracking":false,"_monsterinsights_sitenote_active":false,"_monsterinsights_sitenote_note":"","_monsterinsights_sitenote_category":0,"jetpack_post_was_ever_published":false,"_jetpack_newsletter_access":"","_jetpack_dont_email_post_to_subs":false,"_jetpack_newsletter_tier_id":0,"_jetpack_memberships_contains_paywalled_content":false,"_jetpack_memberships_contains_paid_content":false,"footnotes":"","jetpack_publicize_message":"","jetpack_publicize_feature_enabled":true,"jetpack_social_post_already_shared":true,"jetpack_social_options":{"image_generator_settings":{"template":"highway","default_image_id":0,"font":"","enabled":false},"version":2},"_wpas_customize_per_network":false},"categories":[8],"tags":[1271,682,4939,12228,13433,244],"class_list":["post-78291","post","type-post","status-publish","format-standard","has-post-thumbnail","hentry","category-sociedad","tag-camara-economica","tag-cem","tag-direccion-de-produccion","tag-emprendimientos","tag-ministerio-de-ciencia-tecnologia-e-innovacion","tag-municipio-2","generate-columns","tablet-grid-50","mobile-grid-100","grid-parent","grid-50"],"jetpack_publicize_connections":[],"jetpack_featured_media_url":"https:\/\/www.hoymercedes.com.ar\/principal\/wp-content\/uploads\/2018\/07\/2018-CEM-Muni-Progr-provincia-e1530907908388.jpg","wps_subtitle":"Programas provinciales","jetpack_sharing_enabled":true,"_links":{"self":[{"href":"https:\/\/www.hoymercedes.com.ar\/principal\/wp-json\/wp\/v2\/posts\/78291","targetHints":{"allow":["GET"]}}],"collection":[{"href":"https:\/\/www.hoymercedes.com.ar\/principal\/wp-json\/wp\/v2\/posts"}],"about":[{"href":"https:\/\/www.hoymercedes.com.ar\/principal\/wp-json\/wp\/v2\/types\/post"}],"author":[{"embeddable":true,"href":"https:\/\/www.hoymercedes.com.ar\/principal\/wp-json\/wp\/v2\/users\/1"}],"replies":[{"embeddable":true,"href":"https:\/\/www.hoymercedes.com.ar\/principal\/wp-json\/wp\/v2\/comments?post=78291"}],"version-history":[{"count":0,"href":"https:\/\/www.hoymercedes.com.ar\/principal\/wp-json\/wp\/v2\/posts\/78291\/revisions"}],"wp:featuredmedia":[{"embeddable":true,"href":"https:\/\/www.hoymercedes.com.ar\/principal\/wp-json\/wp\/v2\/media\/78292"}],"wp:attachment":[{"href":"https:\/\/www.hoymercedes.com.ar\/principal\/wp-json\/wp\/v2\/media?parent=78291"}],"wp:term":[{"taxonomy":"category","embeddable":true,"href":"https:\/\/www.hoymercedes.com.ar\/principal\/wp-json\/wp\/v2\/categories?post=78291"},{"taxonomy":"post_tag","embeddable":true,"href":"https:\/\/www.hoymercedes.com.ar\/principal\/wp-json\/wp\/v2\/tags?post=78291"}],"curies":[{"name":"wp","href":"https:\/\/api.w.org\/{rel}","templated":true}]}}