{"id":78302,"date":"2018-07-07T20:35:50","date_gmt":"2018-07-07T23:35:50","guid":{"rendered":"http:\/\/www.hoymercedes.com.ar\/principal\/?p=78302"},"modified":"2018-07-07T16:06:54","modified_gmt":"2018-07-07T19:06:54","slug":"referentes-comunitarios-en-mesa-de-trabajo-con-eje-solidario-junto-al-intendente-ustarroz","status":"publish","type":"post","link":"https:\/\/www.hoymercedes.com.ar\/principal\/2018\/07\/07\/referentes-comunitarios-en-mesa-de-trabajo-con-eje-solidario-junto-al-intendente-ustarroz\/","title":{"rendered":"Referentes comunitarios en mesa de trabajo, con eje solidario, junto al intendente Ustarroz"},"content":{"rendered":"<figure id=\"attachment_78303\" aria-describedby=\"caption-attachment-78303\" style=\"width: 620px\" class=\"wp-caption aligncenter\"><img loading=\"lazy\" decoding=\"async\" data-attachment-id=\"78303\" data-permalink=\"https:\/\/www.hoymercedes.com.ar\/principal\/2018\/07\/07\/referentes-comunitarios-en-mesa-de-trabajo-con-eje-solidario-junto-al-intendente-ustarroz\/comedores-3\/#main\" data-orig-file=\"https:\/\/www.hoymercedes.com.ar\/principal\/wp-content\/uploads\/2018\/07\/comedores-3.jpg\" data-orig-size=\"980,654\" data-comments-opened=\"0\" data-image-meta=\"{&quot;aperture&quot;:&quot;0&quot;,&quot;credit&quot;:&quot;&quot;,&quot;camera&quot;:&quot;&quot;,&quot;caption&quot;:&quot;&quot;,&quot;created_timestamp&quot;:&quot;0&quot;,&quot;copyright&quot;:&quot;&quot;,&quot;focal_length&quot;:&quot;0&quot;,&quot;iso&quot;:&quot;0&quot;,&quot;shutter_speed&quot;:&quot;0&quot;,&quot;title&quot;:&quot;&quot;,&quot;orientation&quot;:&quot;0&quot;}\" data-image-title=\"comedores-3\" data-image-description=\"\" data-image-caption=\"&lt;p&gt;Reuni\u00f3n con referentes sociales &lt;\/p&gt;\n\" data-large-file=\"https:\/\/www.hoymercedes.com.ar\/principal\/wp-content\/uploads\/2018\/07\/comedores-3.jpg\" class=\"size-medium wp-image-78303\" src=\"https:\/\/www.hoymercedes.com.ar\/principal\/wp-content\/uploads\/2018\/07\/comedores-3-630x420.jpg\" alt=\"\" width=\"630\" height=\"420\" srcset=\"https:\/\/www.hoymercedes.com.ar\/principal\/wp-content\/uploads\/2018\/07\/comedores-3-630x420.jpg 630w, https:\/\/www.hoymercedes.com.ar\/principal\/wp-content\/uploads\/2018\/07\/comedores-3-150x100.jpg 150w, https:\/\/www.hoymercedes.com.ar\/principal\/wp-content\/uploads\/2018\/07\/comedores-3.jpg 980w\" sizes=\"auto, (max-width: 630px) 100vw, 630px\" \/><figcaption id=\"caption-attachment-78303\" class=\"wp-caption-text\">Reuni\u00f3n con referentes sociales<\/figcaption><\/figure>\n<p>Integrantes del Programa de Educaci\u00f3n Barrial (ProEBa) y representantes de merenderos y comedores de la ciudad, junto a miembros de la Secretar\u00eda de Desarrollo Social se reunieron con el jefe comunal, Dr. Juan Ignacio Ustarroz, donde intercambiaron ideas, reflexiones y analizaron la actualidad.<\/p>\n<p>Una importante cantidad de asistentes fueron parte del encuentro donde m\u00e1s de 30 personas dialogaron y efectuaron \u201cun rico intercambio\u201d, tal como manifestaron.<\/p>\n<p>La coordinadora del ProEBa, Florencia Comalini, cont\u00f3 que el intendente \u201chizo hincapi\u00e9 en lo importante que es para la gesti\u00f3n el cuidado de la ni\u00f1ez\u201d y que debemos seguir trabajando para que \u201cen Mercedes no exista ni un chico con hambre o desnutrici\u00f3n, por es quiso convocarnos, apoyarnos en el trabajo que cada referente de merendero hace porque hace que el Estado llegue a cada ni\u00f1o\u201d sostuvo.<\/p>\n<p>Tambi\u00e9n cont\u00f3 que \u201cplante\u00f3 el intendente lo importante de trabajar juntos. Si el Municipio se propondr\u00eda llegar a todos los rincones de la ciudad s\u00f3lo no podr\u00eda, por eso agradece el trabajo que cada uno hace para hacer llegar una taza de leche o un plato de comida, con lo que desde desarrollo social se brinda\u201d.<\/p>\n<p>Son muchos los programas de trabajo y asistencia que se despliegan desde la Comuna. Se asiste a una destacada cantidad de vecinos en los variados programas existentes, con entrega de leche, productos frescos, calefacci\u00f3n, coment\u00f3 la secretaria de desarrollo social, Lic. Jorgelina Silva.<\/p>\n<p>Una de las participantes narr\u00f3 que \u201cla situaci\u00f3n es realmente dif\u00edcil. Hay en los barrios mucha preocupaci\u00f3n. Desde nuestro lugar, desde ProEBa, desde el apoyo que nos da el municipio hacemos mucho, pero est\u00e1 muy dura la calle\u201d, sostuvo una de las referentes barriales en el encuentro.<\/p>\n<p>Por su parte, Ustarroz, destac\u00f3 que \u201cel trabajo que cada uno de ellos realiza es fundamental, es clave para poder seguir trabajando por una ciudad mejor. Sabemos lo dif\u00edcil del panorama, que el Estado debe estar presente, pero no puede hacerlo solo. Por eso seguimos trabajando con la idea del esfuerzo compartido y la solidaridad como herramienta\u201d sin olvidar que \u201cdeseo realmente felicitarlos a todos, a los referentes, a los voluntarios, a cada uno de los que pone lo mejor de s\u00ed para d\u00eda\u201d<\/p>\n<p>De esta manera, junto a los referentes, que recibieron adem\u00e1s todo el reconocimiento a su tarea solidaria, desinteresada y en pos del vecino y en especial de los ni\u00f1os, se gener\u00f3 una \u201cexcelente mesa de trabajo, que tambi\u00e9n es una suerte de homenaje a ellos, que d\u00eda a d\u00eda dan lo mejor de s\u00ed\u201d, destac\u00f3 Silva.<\/p>\n<p>&nbsp;<\/p>\n<p><span style=\"color: #808080;\">Fuente: Desarrollo Social<\/span><\/p>\n","protected":false},"excerpt":{"rendered":"<p>Integrantes del Programa de Educaci\u00f3n Barrial (ProEBa) y representantes de merenderos y comedores de la ciudad, junto a miembros de &#8230; <a title=\"Referentes comunitarios en mesa de trabajo, con eje solidario, junto al intendente Ustarroz\" class=\"read-more\" href=\"https:\/\/www.hoymercedes.com.ar\/principal\/2018\/07\/07\/referentes-comunitarios-en-mesa-de-trabajo-con-eje-solidario-junto-al-intendente-ustarroz\/\" aria-label=\"Leer m\u00e1s sobre Referentes comunitarios en mesa de trabajo, con eje solidario, junto al intendente Ustarroz\">Leer m\u00e1s<\/a><\/p>\n","protected":false},"author":1,"featured_media":78303,"comment_status":"closed","ping_status":"open","sticky":false,"template":"","format":"standard","meta":{"_monsterinsights_skip_tracking":false,"_monsterinsights_sitenote_active":false,"_monsterinsights_sitenote_note":"","_monsterinsights_sitenote_category":0,"jetpack_post_was_ever_published":false,"_jetpack_newsletter_access":"","_jetpack_dont_email_post_to_subs":false,"_jetpack_newsletter_tier_id":0,"_jetpack_memberships_contains_paywalled_content":false,"_jetpack_memberships_contains_paid_content":false,"footnotes":"","jetpack_publicize_message":"","jetpack_publicize_feature_enabled":true,"jetpack_social_post_already_shared":true,"jetpack_social_options":{"image_generator_settings":{"template":"highway","default_image_id":0,"font":"","enabled":false},"version":2},"_wpas_customize_per_network":false},"categories":[30],"tags":[870,5473,585],"class_list":["post-78302","post","type-post","status-publish","format-standard","has-post-thumbnail","hentry","category-municipio","tag-desarrollo-social","tag-jorgelina-silva","tag-juan-ustarroz","generate-columns","tablet-grid-50","mobile-grid-100","grid-parent","grid-50"],"jetpack_publicize_connections":[],"jetpack_featured_media_url":"https:\/\/www.hoymercedes.com.ar\/principal\/wp-content\/uploads\/2018\/07\/comedores-3.jpg","wps_subtitle":"Acci\u00f3n social","jetpack_sharing_enabled":true,"_links":{"self":[{"href":"https:\/\/www.hoymercedes.com.ar\/principal\/wp-json\/wp\/v2\/posts\/78302","targetHints":{"allow":["GET"]}}],"collection":[{"href":"https:\/\/www.hoymercedes.com.ar\/principal\/wp-json\/wp\/v2\/posts"}],"about":[{"href":"https:\/\/www.hoymercedes.com.ar\/principal\/wp-json\/wp\/v2\/types\/post"}],"author":[{"embeddable":true,"href":"https:\/\/www.hoymercedes.com.ar\/principal\/wp-json\/wp\/v2\/users\/1"}],"replies":[{"embeddable":true,"href":"https:\/\/www.hoymercedes.com.ar\/principal\/wp-json\/wp\/v2\/comments?post=78302"}],"version-history":[{"count":0,"href":"https:\/\/www.hoymercedes.com.ar\/principal\/wp-json\/wp\/v2\/posts\/78302\/revisions"}],"wp:featuredmedia":[{"embeddable":true,"href":"https:\/\/www.hoymercedes.com.ar\/principal\/wp-json\/wp\/v2\/media\/78303"}],"wp:attachment":[{"href":"https:\/\/www.hoymercedes.com.ar\/principal\/wp-json\/wp\/v2\/media?parent=78302"}],"wp:term":[{"taxonomy":"category","embeddable":true,"href":"https:\/\/www.hoymercedes.com.ar\/principal\/wp-json\/wp\/v2\/categories?post=78302"},{"taxonomy":"post_tag","embeddable":true,"href":"https:\/\/www.hoymercedes.com.ar\/principal\/wp-json\/wp\/v2\/tags?post=78302"}],"curies":[{"name":"wp","href":"https:\/\/api.w.org\/{rel}","templated":true}]}}