{"id":7832,"date":"2011-10-02T02:12:07","date_gmt":"2011-10-02T02:12:07","guid":{"rendered":"http:\/\/www.hoymercedes.com.ar\/principal\/?p=7832"},"modified":"2011-10-02T02:12:07","modified_gmt":"2011-10-02T02:12:07","slug":"ustarroz-anuncia-apoyo-de-la-mesa-sindical","status":"publish","type":"post","link":"https:\/\/www.hoymercedes.com.ar\/principal\/2011\/10\/02\/ustarroz-anuncia-apoyo-de-la-mesa-sindical\/","title":{"rendered":"Ustarroz anuncia apoyo de la mesa sindical"},"content":{"rendered":"<p><a href=\"https:\/\/www.hoymercedes.com.ar\/principal\/wp-content\/uploads\/2011\/10\/Mesa-Sindical.jpg\"><img loading=\"lazy\" decoding=\"async\" data-attachment-id=\"7834\" data-permalink=\"https:\/\/www.hoymercedes.com.ar\/principal\/2011\/10\/02\/ustarroz-anuncia-apoyo-de-la-mesa-sindical\/mesa-sindical\/#main\" data-orig-file=\"https:\/\/www.hoymercedes.com.ar\/principal\/wp-content\/uploads\/2011\/10\/Mesa-Sindical.jpg\" data-orig-size=\"608,456\" data-comments-opened=\"1\" data-image-meta=\"{&quot;aperture&quot;:&quot;3&quot;,&quot;credit&quot;:&quot;&quot;,&quot;camera&quot;:&quot;DSC-S3000&quot;,&quot;caption&quot;:&quot;&quot;,&quot;created_timestamp&quot;:&quot;1317378865&quot;,&quot;copyright&quot;:&quot;&quot;,&quot;focal_length&quot;:&quot;4&quot;,&quot;iso&quot;:&quot;400&quot;,&quot;shutter_speed&quot;:&quot;0.033333333333333&quot;,&quot;title&quot;:&quot;&quot;}\" data-image-title=\"Mesa-Sindical\" data-image-description=\"\" data-image-caption=\"\" data-large-file=\"https:\/\/www.hoymercedes.com.ar\/principal\/wp-content\/uploads\/2011\/10\/Mesa-Sindical.jpg\" class=\"aligncenter size-full wp-image-7834\" title=\"Mesa-Sindical\" src=\"https:\/\/www.hoymercedes.com.ar\/principal\/wp-content\/uploads\/2011\/10\/Mesa-Sindical.jpg\" alt=\"\" width=\"608\" height=\"456\" \/><\/a><\/p>\n<p>El pasado viernes en las instalaciones de la sede local de A.C.TR.A.C, se reuni\u00f3 la mesa de acci\u00f3n pol\u00edtica de los sindicatos y agrupaciones sindicales que apoyan a los candidatos del Frente Mercedino para la Victoria, Eduardo De Pedro para Diputado Nacional , Alberto Espa\u00f1a para Diputado Provincial, Juan Ignacio Ustarroz como candidato a Intendente de Mercedes y Juan Martin Andres como candidato a concejal; la que recientemente se consituyera como mesa sindical politica y se dieran a conocer mediante una solicitada salida a la prensa el lunes pasado.<\/p>\n<p>Esta mesa se encuentra compuesta por sindicatos y agrupaciones sindicales enroladas en CGT y en la CTA; bajo un mismo objetivo de apoyar el Proyecto Nacional y Popular llevado adelante por la compa\u00f1era presidenta Cristiana Fernandez de Kichner.-<\/p>\n<p>Tambien arribaron a dicha reuni\u00f3n no solo los candidatos mencionados, sino tambi\u00e9n dirigentes gremiales de otras ciudades como Luj\u00e1n y Moron, que vinieron a dar su apoyo. Seguidamente los locales hablaron sobre las futuras acciones y actos politicos que realizara esta mesa sindical, en apoyo a la campa\u00f1a de Juan Ignacio Ustarroz, por la Intendencia de esta ciudad. En tal sentido, y luego de la bienvenida brindada por el Secretario Gral de A.C.TR.A.C Eduardo Musso, uno de los voceros de la mesa sindical, el Secretario Gral. de los fideeros Carlos Uviedo , quien anuncio la realizaci\u00f3n de una pe\u00f1a \u201cen apoyo al candidato del Frente Mercedino para la Victoria\u201d para que los trabajadores y sus familias disfruten de hermosos espect\u00e1culos. La misma se realizara en el Club Comunicaciones el pr\u00f3ximo domingo 9 de octubre a partir de las 20 hs. con entrada libre y gratuita. Entre los espect\u00e1culos programados se encuentran el grupo La Vereda con Amarilis Diaz, Carlos Ferreyra y Fernando Aschero junto a Claudio Tejo, parejas de Folclore y Tango, artistas sorpresa. Tambien habra una muestra de artistas plasticos de Mercedes. Se espera la presencia de Bruno Arias y la posibilidad de contar con Rita Cortese.<\/p>\n<p>Luego tomo la palabra Juani quien agradecio al movimiento obrero por el apoyo recibido e insto a seguir con la militancia para que el 23 de octubre se confirme en las urnas la posibilidad de un Mercedes mejor , con justicia social a traves del trabajo digno; con capacitaci\u00f3n y futuro. Finalmente Tomo la Palabra Cucho Espa\u00f1a, quien defini\u00f3 el perfil industrial que se pretende para Mercedes, con lo que eso significa para nuestra querida ciudad.<\/p>\n","protected":false},"excerpt":{"rendered":"<p>El pasado viernes en las instalaciones de la sede local de A.C.TR.A.C, se reuni\u00f3 la mesa de acci\u00f3n pol\u00edtica de &#8230; <a title=\"Ustarroz anuncia apoyo de la mesa sindical\" class=\"read-more\" href=\"https:\/\/www.hoymercedes.com.ar\/principal\/2011\/10\/02\/ustarroz-anuncia-apoyo-de-la-mesa-sindical\/\" aria-label=\"Leer m\u00e1s sobre Ustarroz anuncia apoyo de la mesa sindical\">Leer m\u00e1s<\/a><\/p>\n","protected":false},"author":1,"featured_media":0,"comment_status":"open","ping_status":"open","sticky":false,"template":"","format":"standard","meta":{"_monsterinsights_skip_tracking":false,"_monsterinsights_sitenote_active":false,"_monsterinsights_sitenote_note":"","_monsterinsights_sitenote_category":0,"jetpack_post_was_ever_published":false,"_jetpack_newsletter_access":"","_jetpack_dont_email_post_to_subs":false,"_jetpack_newsletter_tier_id":0,"_jetpack_memberships_contains_paywalled_content":false,"_jetpack_memberships_contains_paid_content":false,"footnotes":"","jetpack_publicize_message":"","jetpack_publicize_feature_enabled":true,"jetpack_social_post_already_shared":false,"jetpack_social_options":{"image_generator_settings":{"template":"highway","default_image_id":0,"font":"","enabled":false},"version":2},"_wpas_customize_per_network":false},"categories":[5],"tags":[1384,424],"class_list":["post-7832","post","type-post","status-publish","format-standard","hentry","category-politica","tag-sindicalistas","tag-ustarroz","generate-columns","tablet-grid-50","mobile-grid-100","grid-parent","grid-50"],"jetpack_publicize_connections":[],"jetpack_featured_media_url":"","wps_subtitle":"","jetpack_sharing_enabled":true,"_links":{"self":[{"href":"https:\/\/www.hoymercedes.com.ar\/principal\/wp-json\/wp\/v2\/posts\/7832","targetHints":{"allow":["GET"]}}],"collection":[{"href":"https:\/\/www.hoymercedes.com.ar\/principal\/wp-json\/wp\/v2\/posts"}],"about":[{"href":"https:\/\/www.hoymercedes.com.ar\/principal\/wp-json\/wp\/v2\/types\/post"}],"author":[{"embeddable":true,"href":"https:\/\/www.hoymercedes.com.ar\/principal\/wp-json\/wp\/v2\/users\/1"}],"replies":[{"embeddable":true,"href":"https:\/\/www.hoymercedes.com.ar\/principal\/wp-json\/wp\/v2\/comments?post=7832"}],"version-history":[{"count":0,"href":"https:\/\/www.hoymercedes.com.ar\/principal\/wp-json\/wp\/v2\/posts\/7832\/revisions"}],"wp:attachment":[{"href":"https:\/\/www.hoymercedes.com.ar\/principal\/wp-json\/wp\/v2\/media?parent=7832"}],"wp:term":[{"taxonomy":"category","embeddable":true,"href":"https:\/\/www.hoymercedes.com.ar\/principal\/wp-json\/wp\/v2\/categories?post=7832"},{"taxonomy":"post_tag","embeddable":true,"href":"https:\/\/www.hoymercedes.com.ar\/principal\/wp-json\/wp\/v2\/tags?post=7832"}],"curies":[{"name":"wp","href":"https:\/\/api.w.org\/{rel}","templated":true}]}}