{"id":78336,"date":"2018-07-08T12:03:18","date_gmt":"2018-07-08T15:03:18","guid":{"rendered":"http:\/\/www.hoymercedes.com.ar\/principal\/?p=78336"},"modified":"2018-07-08T11:11:55","modified_gmt":"2018-07-08T14:11:55","slug":"cesar-lalla-gano-el-primer-premio-local-del-salon-de-pintura","status":"publish","type":"post","link":"https:\/\/www.hoymercedes.com.ar\/principal\/2018\/07\/08\/cesar-lalla-gano-el-primer-premio-local-del-salon-de-pintura\/","title":{"rendered":"C\u00e9sar Lalla gan\u00f3 el primer premio local del Sal\u00f3n de Pintura"},"content":{"rendered":"<p><em><strong>Por TeCleArte &#8211; En la noche del s\u00e1bado se conocieron los ganadores del 15\u00b0 Sal\u00f3n Anual de Pintura \u201cCiudad de Mercedes\u201d. El primer premio local fue para el artista pl\u00e1stico mercedino C\u00e9sar Lalla por su obra \u201cEl Refugio\u201d. En tanto, los premios del Sal\u00f3n fueron para Ariel Venegas con \u201cVictoria\u201d, Francisco Inchausti por la pintura \u201cAmigos, mates y torta fritas\u201d y el tercero para Mariano Llaneza por la obra \u201cCosificaci\u00f3n\u201d. Otro mercedino, Jorge Blanco obtuvo una menci\u00f3n del jurado.\u00a0<\/strong><\/em><\/p>\n<figure id=\"attachment_78337\" aria-describedby=\"caption-attachment-78337\" style=\"width: 620px\" class=\"wp-caption aligncenter\"><img loading=\"lazy\" decoding=\"async\" data-attachment-id=\"78337\" data-permalink=\"https:\/\/www.hoymercedes.com.ar\/principal\/2018\/07\/08\/cesar-lalla-gano-el-primer-premio-local-del-salon-de-pintura\/08-salon-premios\/#main\" data-orig-file=\"https:\/\/www.hoymercedes.com.ar\/principal\/wp-content\/uploads\/2018\/07\/08-salon-premios.jpg\" data-orig-size=\"750,500\" data-comments-opened=\"0\" data-image-meta=\"{&quot;aperture&quot;:&quot;3.5&quot;,&quot;credit&quot;:&quot;&quot;,&quot;camera&quot;:&quot;NIKON D3100&quot;,&quot;caption&quot;:&quot;&quot;,&quot;created_timestamp&quot;:&quot;1530996039&quot;,&quot;copyright&quot;:&quot;&quot;,&quot;focal_length&quot;:&quot;19&quot;,&quot;iso&quot;:&quot;2000&quot;,&quot;shutter_speed&quot;:&quot;0.016666666666667&quot;,&quot;title&quot;:&quot;&quot;,&quot;orientation&quot;:&quot;1&quot;}\" data-image-title=\"08 salon premios\" data-image-description=\"\" data-image-caption=\"\" data-large-file=\"https:\/\/www.hoymercedes.com.ar\/principal\/wp-content\/uploads\/2018\/07\/08-salon-premios.jpg\" class=\"wp-image-78337 size-medium\" src=\"https:\/\/www.hoymercedes.com.ar\/principal\/wp-content\/uploads\/2018\/07\/08-salon-premios-630x420.jpg\" alt=\"\" width=\"630\" height=\"420\" srcset=\"https:\/\/www.hoymercedes.com.ar\/principal\/wp-content\/uploads\/2018\/07\/08-salon-premios-630x420.jpg 630w, https:\/\/www.hoymercedes.com.ar\/principal\/wp-content\/uploads\/2018\/07\/08-salon-premios-150x100.jpg 150w, https:\/\/www.hoymercedes.com.ar\/principal\/wp-content\/uploads\/2018\/07\/08-salon-premios.jpg 750w\" sizes=\"auto, (max-width: 630px) 100vw, 630px\" \/><figcaption id=\"caption-attachment-78337\" class=\"wp-caption-text\">Todos los ganadores y menciones del jurado del Sal\u00f3n junto a las autoridades municipales.<\/figcaption><\/figure>\n<p>La ceremonia de entrega de premios del Sal\u00f3n de Pintura se dio en el marco de la inauguraci\u00f3n oficial de la muestra. Las autoridades presentes entregaron diplomas, medallas y el premio adquisici\u00f3n correspondiente a cada uno de los artistas distinguidos por el jurado que actu\u00f3 la semana pasada en el Museo de Arte.<\/p>\n<p>Es la cuarta vez que gana C\u00e9sar Lalla el premio local. Se demostr\u00f3 contento y aclar\u00f3 que \u201cmientras exista la posibilidad\u201d seguir\u00e1 participando de los salones en general y del local en particular. \u201cMe gusta participar. Mandaron m\u00e1s de 200 pinturas y hay colgada unas 30. Hay muchas ilusiones y esperanzas puestas en esas pinturas. El Sal\u00f3n de Mercedes est\u00e1 jerarquizado y la realidad es que necesitamos m\u00e1s pared. Seguramente entre los que no fueron seleccionados hay obras muy buenas tambi\u00e9n. Los que participamos somos colegas. Y de este lado, pedimos m\u00e1s. Cuando podemos, pedimos m\u00e1s\u201d, expres\u00f3 el artista pl\u00e1stico.<\/p>\n<p>La obra de Lalla que gan\u00f3 el primer premio local tiene como t\u00edtulo \u201cEl Refugio\u201d. \u201cSe hace una bajada ideol\u00f3gica con la pintura que uno hace. Por el tipo de imagen que elige pintar. Intento una imagen abierta, donde no se cierre a ver qu\u00e9 bien me sali\u00f3 la figura. Apuesto a una pintura abierta y en eso me siento m\u00e1s c\u00f3modo. La pintura que se entiende parece que es m\u00e1s f\u00e1cil, pero se termina ah\u00ed. Yo tomo mis riesgos. El t\u00edtulo es aleatorio y juega con el condicionante al lector de la pintura. Pero la pincelada brinda muchas posibilidades aunque sea reconocible un bandoneonista\u201d, agrega C\u00e9sar Lalla.<\/p>\n<p>El acto inaugural cont\u00f3 con la presencia del Intendente Municipal Juan Ignacio Ustarroz y la Directora de Cultura Luc\u00eda Capaccio, ambos tomaron la palabra la primera al principio y el Jefe Comunal al cierre. Tambi\u00e9n estuvieron presentes y entregaron las distinciones el Jefe de Gabinete Mat\u00edas Dematei, el Secretario de Gobierno Juan Pablo L\u00f3pez Baggio, la Directora del MAMM Stella Maris Gonz\u00e1lez y el Concejal Santiago Altube.<\/p>\n<figure id=\"attachment_78338\" aria-describedby=\"caption-attachment-78338\" style=\"width: 620px\" class=\"wp-caption aligncenter\"><img loading=\"lazy\" decoding=\"async\" data-attachment-id=\"78338\" data-permalink=\"https:\/\/www.hoymercedes.com.ar\/principal\/2018\/07\/08\/cesar-lalla-gano-el-primer-premio-local-del-salon-de-pintura\/08-salon-premios1\/#main\" data-orig-file=\"https:\/\/www.hoymercedes.com.ar\/principal\/wp-content\/uploads\/2018\/07\/08-salon-premios1.jpg\" data-orig-size=\"750,500\" data-comments-opened=\"0\" data-image-meta=\"{&quot;aperture&quot;:&quot;3.5&quot;,&quot;credit&quot;:&quot;&quot;,&quot;camera&quot;:&quot;NIKON D3100&quot;,&quot;caption&quot;:&quot;&quot;,&quot;created_timestamp&quot;:&quot;1530995796&quot;,&quot;copyright&quot;:&quot;&quot;,&quot;focal_length&quot;:&quot;20&quot;,&quot;iso&quot;:&quot;2000&quot;,&quot;shutter_speed&quot;:&quot;0.016666666666667&quot;,&quot;title&quot;:&quot;&quot;,&quot;orientation&quot;:&quot;1&quot;}\" data-image-title=\"08 salon premios1\" data-image-description=\"\" data-image-caption=\"&lt;p&gt;C\u00e9sar Lalla festeja su cuarto primer premio local en el Sal\u00f3n de Pintura de Mercedes&lt;\/p&gt;\n\" data-large-file=\"https:\/\/www.hoymercedes.com.ar\/principal\/wp-content\/uploads\/2018\/07\/08-salon-premios1.jpg\" class=\"size-medium wp-image-78338\" src=\"https:\/\/www.hoymercedes.com.ar\/principal\/wp-content\/uploads\/2018\/07\/08-salon-premios1-630x420.jpg\" alt=\"\" width=\"630\" height=\"420\" srcset=\"https:\/\/www.hoymercedes.com.ar\/principal\/wp-content\/uploads\/2018\/07\/08-salon-premios1-630x420.jpg 630w, https:\/\/www.hoymercedes.com.ar\/principal\/wp-content\/uploads\/2018\/07\/08-salon-premios1-150x100.jpg 150w, https:\/\/www.hoymercedes.com.ar\/principal\/wp-content\/uploads\/2018\/07\/08-salon-premios1.jpg 750w\" sizes=\"auto, (max-width: 630px) 100vw, 630px\" \/><figcaption id=\"caption-attachment-78338\" class=\"wp-caption-text\">C\u00e9sar Lalla festeja su cuarto primer premio local en el Sal\u00f3n de Pintura de Mercedes<\/figcaption><\/figure>\n<p><strong>Premiados:<\/strong><\/p>\n<ul>\n<li>1\u00b0 Premio: Ariel Venegas \u201cVictoria\u201d (CABA)<\/li>\n<li>2\u00b0 Premio: Francisco Inchausti \u201cAmigos, mates y torta fritas\u201d (Villa Adelina)<\/li>\n<li>3\u00b0 Premio: Mariano Llaneza \u201cCosificaci\u00f3n\u201d (Merlo)<\/li>\n<li>Premio Local: C\u00e9sar Lalla \u201cEl Refugio\u201d (Mercedes)<\/li>\n<li>Premio Est\u00edmulo (para menores de 35 a\u00f1os): Ezequiel Quines \u201c2:27:29\u201d (CABA)<\/li>\n<\/ul>\n<p><strong>Menci\u00f3n de Jurado<\/strong>: Diego iba\u00f1ez \u201cDel Mismo R\u00edo\u201d (Pontevedra), Franco Lezcano \u201cretrato de Familia\u201d (Chivilcoy), Lapo Cirich \u201cSoledades\u201d (Ituzaing\u00f3) y Jorge Blanco \u201cSala de Juegos\u201d (Mercedes).<\/p>\n<p>Entre las obras seleccionadas para la exposici\u00f3n se encuentran las obras de otros mercedinos. Uno de ellos es Pablo Russo seleccionada su obra \u201cCartel N\u00b0 18) y otra artista nacida en Mercedes pero que reside en Luj\u00e1n, Martina Swinnen por su pintura \u201cAm\u00e9 en Octubre\u201d. En la muestra se pueden ver obras de la Ciudad de Buenos Aires, Luj\u00e1n, Castelas, San Antonio de Padua, Ezeiza, Bella Vista, Lobos, Moreno, Quilmes, y Espeleta. (<a href=\"https:\/\/www.hoymercedes.com.ar\/principal\/2018\/06\/28\/el-jurado-actuo-se-conocen-los-seleccionados-para-el-salon-de-pintura\/\" target=\"_blank\" rel=\"noopener\">Ver Seleccionados<\/a>)<\/p>\n<p>La muestra del Sal\u00f3n de Pintura se puede visitar a lo largo de este mes en las salas A y B del Museo de Arte \u201cMunicipalidad de Mercedes\u201d de calle 23 N\u00b0 383. Los horarios son de martes a viernes de 8 a 19 horas y los s\u00e1bados y domingos de 16 a 20 horas.<\/p>\n<figure id=\"attachment_78339\" aria-describedby=\"caption-attachment-78339\" style=\"width: 620px\" class=\"wp-caption aligncenter\"><img loading=\"lazy\" decoding=\"async\" data-attachment-id=\"78339\" data-permalink=\"https:\/\/www.hoymercedes.com.ar\/principal\/2018\/07\/08\/cesar-lalla-gano-el-primer-premio-local-del-salon-de-pintura\/08-salon-premios2\/#main\" data-orig-file=\"https:\/\/www.hoymercedes.com.ar\/principal\/wp-content\/uploads\/2018\/07\/08-salon-premios2.jpg\" data-orig-size=\"750,500\" data-comments-opened=\"0\" data-image-meta=\"{&quot;aperture&quot;:&quot;3.5&quot;,&quot;credit&quot;:&quot;&quot;,&quot;camera&quot;:&quot;NIKON D3100&quot;,&quot;caption&quot;:&quot;&quot;,&quot;created_timestamp&quot;:&quot;1530993231&quot;,&quot;copyright&quot;:&quot;&quot;,&quot;focal_length&quot;:&quot;19&quot;,&quot;iso&quot;:&quot;1600&quot;,&quot;shutter_speed&quot;:&quot;0.016666666666667&quot;,&quot;title&quot;:&quot;&quot;,&quot;orientation&quot;:&quot;1&quot;}\" data-image-title=\"08 salon premios2\" data-image-description=\"\" data-image-caption=\"&lt;p&gt;Los dos primeros premios del Sal\u00f3n se exponen en la Sala A del MAMM&lt;\/p&gt;\n\" data-large-file=\"https:\/\/www.hoymercedes.com.ar\/principal\/wp-content\/uploads\/2018\/07\/08-salon-premios2.jpg\" class=\"size-medium wp-image-78339\" src=\"https:\/\/www.hoymercedes.com.ar\/principal\/wp-content\/uploads\/2018\/07\/08-salon-premios2-630x420.jpg\" alt=\"\" width=\"630\" height=\"420\" srcset=\"https:\/\/www.hoymercedes.com.ar\/principal\/wp-content\/uploads\/2018\/07\/08-salon-premios2-630x420.jpg 630w, https:\/\/www.hoymercedes.com.ar\/principal\/wp-content\/uploads\/2018\/07\/08-salon-premios2-150x100.jpg 150w, https:\/\/www.hoymercedes.com.ar\/principal\/wp-content\/uploads\/2018\/07\/08-salon-premios2.jpg 750w\" sizes=\"auto, (max-width: 630px) 100vw, 630px\" \/><figcaption id=\"caption-attachment-78339\" class=\"wp-caption-text\">Los dos primeros premios del Sal\u00f3n se exponen en la Sala A del MAMM<\/figcaption><\/figure>\n","protected":false},"excerpt":{"rendered":"<p>Por TeCleArte &#8211; En la noche del s\u00e1bado se conocieron los ganadores del 15\u00b0 Sal\u00f3n Anual de Pintura \u201cCiudad de &#8230; <a title=\"C\u00e9sar Lalla gan\u00f3 el primer premio local del Sal\u00f3n de Pintura\" class=\"read-more\" href=\"https:\/\/www.hoymercedes.com.ar\/principal\/2018\/07\/08\/cesar-lalla-gano-el-primer-premio-local-del-salon-de-pintura\/\" aria-label=\"Leer m\u00e1s sobre C\u00e9sar Lalla gan\u00f3 el primer premio local del Sal\u00f3n de Pintura\">Leer m\u00e1s<\/a><\/p>\n","protected":false},"author":1,"featured_media":78338,"comment_status":"closed","ping_status":"open","sticky":false,"template":"","format":"standard","meta":{"_monsterinsights_skip_tracking":false,"_monsterinsights_sitenote_active":false,"_monsterinsights_sitenote_note":"","_monsterinsights_sitenote_category":0,"jetpack_post_was_ever_published":false,"_jetpack_newsletter_access":"","_jetpack_dont_email_post_to_subs":false,"_jetpack_newsletter_tier_id":0,"_jetpack_memberships_contains_paywalled_content":false,"_jetpack_memberships_contains_paid_content":false,"footnotes":"","jetpack_publicize_message":"","jetpack_publicize_feature_enabled":true,"jetpack_social_post_already_shared":true,"jetpack_social_options":{"image_generator_settings":{"template":"highway","default_image_id":0,"font":"","enabled":false},"version":2},"_wpas_customize_per_network":false},"categories":[104],"tags":[987,7805,3384,8674,13438],"class_list":["post-78336","post","type-post","status-publish","format-standard","has-post-thumbnail","hentry","category-cultura","tag-cesar-lalla","tag-cultura","tag-ganadores","tag-mamm","tag-salon-anual-de-pintura-ciudad-de-mercedes","generate-columns","tablet-grid-50","mobile-grid-100","grid-parent","grid-50"],"jetpack_publicize_connections":[],"jetpack_featured_media_url":"https:\/\/www.hoymercedes.com.ar\/principal\/wp-content\/uploads\/2018\/07\/08-salon-premios1.jpg","wps_subtitle":"15 Sal\u00f3n de Pintura Ciudad de Mercedes","jetpack_sharing_enabled":true,"_links":{"self":[{"href":"https:\/\/www.hoymercedes.com.ar\/principal\/wp-json\/wp\/v2\/posts\/78336","targetHints":{"allow":["GET"]}}],"collection":[{"href":"https:\/\/www.hoymercedes.com.ar\/principal\/wp-json\/wp\/v2\/posts"}],"about":[{"href":"https:\/\/www.hoymercedes.com.ar\/principal\/wp-json\/wp\/v2\/types\/post"}],"author":[{"embeddable":true,"href":"https:\/\/www.hoymercedes.com.ar\/principal\/wp-json\/wp\/v2\/users\/1"}],"replies":[{"embeddable":true,"href":"https:\/\/www.hoymercedes.com.ar\/principal\/wp-json\/wp\/v2\/comments?post=78336"}],"version-history":[{"count":0,"href":"https:\/\/www.hoymercedes.com.ar\/principal\/wp-json\/wp\/v2\/posts\/78336\/revisions"}],"wp:featuredmedia":[{"embeddable":true,"href":"https:\/\/www.hoymercedes.com.ar\/principal\/wp-json\/wp\/v2\/media\/78338"}],"wp:attachment":[{"href":"https:\/\/www.hoymercedes.com.ar\/principal\/wp-json\/wp\/v2\/media?parent=78336"}],"wp:term":[{"taxonomy":"category","embeddable":true,"href":"https:\/\/www.hoymercedes.com.ar\/principal\/wp-json\/wp\/v2\/categories?post=78336"},{"taxonomy":"post_tag","embeddable":true,"href":"https:\/\/www.hoymercedes.com.ar\/principal\/wp-json\/wp\/v2\/tags?post=78336"}],"curies":[{"name":"wp","href":"https:\/\/api.w.org\/{rel}","templated":true}]}}