{"id":78349,"date":"2018-07-08T17:45:22","date_gmt":"2018-07-08T20:45:22","guid":{"rendered":"http:\/\/www.hoymercedes.com.ar\/principal\/?p=78349"},"modified":"2018-07-09T10:02:06","modified_gmt":"2018-07-09T13:02:06","slug":"martin-minadevino-es-refuerzo-de-flandria","status":"publish","type":"post","link":"https:\/\/www.hoymercedes.com.ar\/principal\/2018\/07\/08\/martin-minadevino-es-refuerzo-de-flandria\/","title":{"rendered":"Mart\u00edn Minadevino es refuerzo de Flandria"},"content":{"rendered":"<p>Dos refuerzos m\u00e1s se sumaron a los entrenamientos de Flandria. Martin Minadevino, volante de 34 a\u00f1os proveniente de Brown de Adrogu\u00e9, y Leonel Alvarez, lateral o volante por izquierda de 22 a\u00f1os proveniente de Ferro, son las nuevas incorporaciones para el equipo de Pancho Martinez.<\/p>\n<p><img loading=\"lazy\" decoding=\"async\" data-attachment-id=\"78350\" data-permalink=\"https:\/\/www.hoymercedes.com.ar\/principal\/2018\/07\/08\/martin-minadevino-es-refuerzo-de-flandria\/martin-minadevino-brown-2-sarmiento-4-2\/#main\" data-orig-file=\"https:\/\/www.hoymercedes.com.ar\/principal\/wp-content\/uploads\/2018\/07\/Martin-MInadevino-Brown-2-Sarmiento-4.jpg\" data-orig-size=\"653,435\" data-comments-opened=\"0\" data-image-meta=\"{&quot;aperture&quot;:&quot;0&quot;,&quot;credit&quot;:&quot;&quot;,&quot;camera&quot;:&quot;&quot;,&quot;caption&quot;:&quot;&quot;,&quot;created_timestamp&quot;:&quot;0&quot;,&quot;copyright&quot;:&quot;&quot;,&quot;focal_length&quot;:&quot;0&quot;,&quot;iso&quot;:&quot;0&quot;,&quot;shutter_speed&quot;:&quot;0&quot;,&quot;title&quot;:&quot;&quot;,&quot;orientation&quot;:&quot;0&quot;}\" data-image-title=\"Martin MInadevino Brown 2 Sarmiento 4\" data-image-description=\"\" data-image-caption=\"\" data-large-file=\"https:\/\/www.hoymercedes.com.ar\/principal\/wp-content\/uploads\/2018\/07\/Martin-MInadevino-Brown-2-Sarmiento-4.jpg\" class=\"aligncenter size-medium wp-image-78350\" src=\"https:\/\/www.hoymercedes.com.ar\/principal\/wp-content\/uploads\/2018\/07\/Martin-MInadevino-Brown-2-Sarmiento-4-630x420.jpg\" alt=\"\" width=\"630\" height=\"420\" srcset=\"https:\/\/www.hoymercedes.com.ar\/principal\/wp-content\/uploads\/2018\/07\/Martin-MInadevino-Brown-2-Sarmiento-4-630x420.jpg 630w, https:\/\/www.hoymercedes.com.ar\/principal\/wp-content\/uploads\/2018\/07\/Martin-MInadevino-Brown-2-Sarmiento-4-150x100.jpg 150w, https:\/\/www.hoymercedes.com.ar\/principal\/wp-content\/uploads\/2018\/07\/Martin-MInadevino-Brown-2-Sarmiento-4.jpg 653w\" sizes=\"auto, (max-width: 630px) 100vw, 630px\" \/><\/p>\n<p>El volante oriundo de Mercedes jug\u00f3 en: Rosario Central, Argentinos Juniors, Defensores de Belgrano, All Boys, Brown de Adrogu\u00e9, Temperley y Central C\u00f3rdoba (SdE). Tambi\u00e9n pas\u00f3 por el f\u00fatbol extranjero, cuando visti\u00f3 la camiseta de Am\u00e9rica MG (Bra), Joinville (Bra), Once Caldas (Col) y Blooming (Bol).<\/p>\n<p>Por su parte, Leonel Alvarez, lleg\u00f3 a pr\u00e9stamo de Ferro con varios partidos disputados en la B Nacional. Tambi\u00e9n lo hicieronel defensor central Alan Gim\u00e9nez (ex Defensores de Belgrano), el volante V\u00edctor Hugo Rodr\u00edguez (ex San Mart\u00edn de Tucum\u00e1n), el volante central Gonzalo Gim\u00e9nez (ex Estudiantes de Buenos Aires) y volante Juli\u00e1n Gim\u00e9nez (ex Acassuso) y\u00a0regresaron al club Franco Rodr\u00edguez y Emanuel Escudero, quienes estaban a pr\u00e9stamo en Luj\u00e1n y Deportivo Espa\u00f1ol respectivamente.<\/p>\n<p>El Canario empieza de a poco a armar el plantel de cara a la parte m\u00e1s fuerte de la pretemporada que ser\u00e1 a partir del 9\/7 en Praderas<\/p>\n","protected":false},"excerpt":{"rendered":"<p>Dos refuerzos m\u00e1s se sumaron a los entrenamientos de Flandria. Martin Minadevino, volante de 34 a\u00f1os proveniente de Brown de &#8230; <a title=\"Mart\u00edn Minadevino es refuerzo de Flandria\" class=\"read-more\" href=\"https:\/\/www.hoymercedes.com.ar\/principal\/2018\/07\/08\/martin-minadevino-es-refuerzo-de-flandria\/\" aria-label=\"Leer m\u00e1s sobre Mart\u00edn Minadevino es refuerzo de Flandria\">Leer m\u00e1s<\/a><\/p>\n","protected":false},"author":1,"featured_media":78350,"comment_status":"closed","ping_status":"open","sticky":false,"template":"","format":"standard","meta":{"_monsterinsights_skip_tracking":false,"_monsterinsights_sitenote_active":false,"_monsterinsights_sitenote_note":"","_monsterinsights_sitenote_category":0,"jetpack_post_was_ever_published":false,"_jetpack_newsletter_access":"","_jetpack_dont_email_post_to_subs":false,"_jetpack_newsletter_tier_id":0,"_jetpack_memberships_contains_paywalled_content":false,"_jetpack_memberships_contains_paid_content":false,"footnotes":"","jetpack_publicize_message":"","jetpack_publicize_feature_enabled":true,"jetpack_social_post_already_shared":true,"jetpack_social_options":{"image_generator_settings":{"template":"highway","default_image_id":0,"font":"","enabled":false},"version":2},"_wpas_customize_per_network":false},"categories":[21],"tags":[204,3129,1003,10649,10,13222],"class_list":["post-78349","post","type-post","status-publish","format-standard","has-post-thumbnail","hentry","category-deportes","tag-deportes-2","tag-flandria","tag-futbol","tag-martin-minadevino","tag-mercedes","tag-primera-b","generate-columns","tablet-grid-50","mobile-grid-100","grid-parent","grid-50"],"jetpack_publicize_connections":[],"jetpack_featured_media_url":"https:\/\/www.hoymercedes.com.ar\/principal\/wp-content\/uploads\/2018\/07\/Martin-MInadevino-Brown-2-Sarmiento-4.jpg","wps_subtitle":"Primera B","jetpack_sharing_enabled":true,"_links":{"self":[{"href":"https:\/\/www.hoymercedes.com.ar\/principal\/wp-json\/wp\/v2\/posts\/78349","targetHints":{"allow":["GET"]}}],"collection":[{"href":"https:\/\/www.hoymercedes.com.ar\/principal\/wp-json\/wp\/v2\/posts"}],"about":[{"href":"https:\/\/www.hoymercedes.com.ar\/principal\/wp-json\/wp\/v2\/types\/post"}],"author":[{"embeddable":true,"href":"https:\/\/www.hoymercedes.com.ar\/principal\/wp-json\/wp\/v2\/users\/1"}],"replies":[{"embeddable":true,"href":"https:\/\/www.hoymercedes.com.ar\/principal\/wp-json\/wp\/v2\/comments?post=78349"}],"version-history":[{"count":0,"href":"https:\/\/www.hoymercedes.com.ar\/principal\/wp-json\/wp\/v2\/posts\/78349\/revisions"}],"wp:featuredmedia":[{"embeddable":true,"href":"https:\/\/www.hoymercedes.com.ar\/principal\/wp-json\/wp\/v2\/media\/78350"}],"wp:attachment":[{"href":"https:\/\/www.hoymercedes.com.ar\/principal\/wp-json\/wp\/v2\/media?parent=78349"}],"wp:term":[{"taxonomy":"category","embeddable":true,"href":"https:\/\/www.hoymercedes.com.ar\/principal\/wp-json\/wp\/v2\/categories?post=78349"},{"taxonomy":"post_tag","embeddable":true,"href":"https:\/\/www.hoymercedes.com.ar\/principal\/wp-json\/wp\/v2\/tags?post=78349"}],"curies":[{"name":"wp","href":"https:\/\/api.w.org\/{rel}","templated":true}]}}