{"id":78357,"date":"2018-07-08T17:35:58","date_gmt":"2018-07-08T20:35:58","guid":{"rendered":"http:\/\/www.hoymercedes.com.ar\/principal\/?p=78357"},"modified":"2018-07-08T17:35:58","modified_gmt":"2018-07-08T20:35:58","slug":"mientras-efectuaban-tareas-de-prevencion-identifican-intento-de-robo-y-detienen-al-autor","status":"publish","type":"post","link":"https:\/\/www.hoymercedes.com.ar\/principal\/2018\/07\/08\/mientras-efectuaban-tareas-de-prevencion-identifican-intento-de-robo-y-detienen-al-autor\/","title":{"rendered":"Mientras efectuaban tareas de prevenci\u00f3n identifican intento de robo y detienen al autor"},"content":{"rendered":"<p>Personal de la Comisar\u00eda de nuestra ciudad logr\u00f3 detener a un mayor de edad que hab\u00eda sustra\u00eddo una bicicleta que se encontraba en exhibici\u00f3n en su puesto de venta. El hecho se resolvi\u00f3 r\u00e1pidamente logrando restituyendo el bien a su propietario, que es un comerciante de calle 24 y 15.<\/p>\n<p>Seg\u00fan se supo un menor de edad \u201ctir\u00f3\u201d de la soga con la cual se ten\u00eda atada la bicicleta marca Spy de color negro que estaba expuesta para su venta en el local denominado \u201cMiguel\u201d.<\/p>\n<p>El sujeto nota que el personal de calle de la Polic\u00eda Comunal estaba muy cerca en sus habituales tareas de vigilancia y cuidado ciudadano y es as\u00ed que decide arrobar la bicicleta.<\/p>\n<p>Una vez detenido se le incauta una cuchilla de gran tama\u00f1o, no sin antes tener un forcejeo que genera un golpe en la vidriera generando una rotura que rompe el chaleco antibalas del <strong>oficial Kloster,<\/strong> que era parte del procedimiento y hab\u00eda detectado el hecho.<\/p>\n<p>El <strong>comisario Sergio Macedo<\/strong> destac\u00f3 la r\u00e1pida y correcta intervenci\u00f3n de los uniformados, logrando detectar en flagrancia un acontecimiento que se resolvi\u00f3 positivamente tanto para el comerciante como para la ciudadan\u00eda, dejando en claro nuevamente lo valioso de contar con presencia policial en la v\u00eda p\u00fablica.<\/p>\n<p>Se la intervenci\u00f3n, como es habitual y cumpliendo los protocolos correspondientes, a la Justicia de Mercedes, siendo este caso la UFI y J N\u00b08 de menores.<\/p>\n","protected":false},"excerpt":{"rendered":"<p>Personal de la Comisar\u00eda de nuestra ciudad logr\u00f3 detener a un mayor de edad que hab\u00eda sustra\u00eddo una bicicleta que &#8230; <a title=\"Mientras efectuaban tareas de prevenci\u00f3n identifican intento de robo y detienen al autor\" class=\"read-more\" href=\"https:\/\/www.hoymercedes.com.ar\/principal\/2018\/07\/08\/mientras-efectuaban-tareas-de-prevencion-identifican-intento-de-robo-y-detienen-al-autor\/\" aria-label=\"Leer m\u00e1s sobre Mientras efectuaban tareas de prevenci\u00f3n identifican intento de robo y detienen al autor\">Leer m\u00e1s<\/a><\/p>\n","protected":false},"author":1,"featured_media":70401,"comment_status":"closed","ping_status":"open","sticky":false,"template":"","format":"standard","meta":{"_monsterinsights_skip_tracking":false,"_monsterinsights_sitenote_active":false,"_monsterinsights_sitenote_note":"","_monsterinsights_sitenote_category":0,"jetpack_post_was_ever_published":false,"_jetpack_newsletter_access":"","_jetpack_dont_email_post_to_subs":false,"_jetpack_newsletter_tier_id":0,"_jetpack_memberships_contains_paywalled_content":false,"_jetpack_memberships_contains_paid_content":false,"footnotes":"","jetpack_publicize_message":"","jetpack_publicize_feature_enabled":true,"jetpack_social_post_already_shared":true,"jetpack_social_options":{"image_generator_settings":{"template":"highway","default_image_id":0,"font":"","enabled":false},"version":2},"_wpas_customize_per_network":false},"categories":[85],"tags":[83,10277],"class_list":["post-78357","post","type-post","status-publish","format-standard","has-post-thumbnail","hentry","category-policial","tag-policia","tag-sergio-macedo","generate-columns","tablet-grid-50","mobile-grid-100","grid-parent","grid-50"],"jetpack_publicize_connections":[],"jetpack_featured_media_url":"https:\/\/www.hoymercedes.com.ar\/principal\/wp-content\/uploads\/2017\/12\/Comisario.Macedo.jpg","wps_subtitle":"Policia","jetpack_sharing_enabled":true,"_links":{"self":[{"href":"https:\/\/www.hoymercedes.com.ar\/principal\/wp-json\/wp\/v2\/posts\/78357","targetHints":{"allow":["GET"]}}],"collection":[{"href":"https:\/\/www.hoymercedes.com.ar\/principal\/wp-json\/wp\/v2\/posts"}],"about":[{"href":"https:\/\/www.hoymercedes.com.ar\/principal\/wp-json\/wp\/v2\/types\/post"}],"author":[{"embeddable":true,"href":"https:\/\/www.hoymercedes.com.ar\/principal\/wp-json\/wp\/v2\/users\/1"}],"replies":[{"embeddable":true,"href":"https:\/\/www.hoymercedes.com.ar\/principal\/wp-json\/wp\/v2\/comments?post=78357"}],"version-history":[{"count":0,"href":"https:\/\/www.hoymercedes.com.ar\/principal\/wp-json\/wp\/v2\/posts\/78357\/revisions"}],"wp:featuredmedia":[{"embeddable":true,"href":"https:\/\/www.hoymercedes.com.ar\/principal\/wp-json\/wp\/v2\/media\/70401"}],"wp:attachment":[{"href":"https:\/\/www.hoymercedes.com.ar\/principal\/wp-json\/wp\/v2\/media?parent=78357"}],"wp:term":[{"taxonomy":"category","embeddable":true,"href":"https:\/\/www.hoymercedes.com.ar\/principal\/wp-json\/wp\/v2\/categories?post=78357"},{"taxonomy":"post_tag","embeddable":true,"href":"https:\/\/www.hoymercedes.com.ar\/principal\/wp-json\/wp\/v2\/tags?post=78357"}],"curies":[{"name":"wp","href":"https:\/\/api.w.org\/{rel}","templated":true}]}}