{"id":7836,"date":"2011-10-02T02:12:59","date_gmt":"2011-10-02T02:12:59","guid":{"rendered":"http:\/\/www.hoymercedes.com.ar\/principal\/?p=7836"},"modified":"2011-10-02T02:12:59","modified_gmt":"2011-10-02T02:12:59","slug":"el-ministro-lino-baranao-estara-en-mercedes-2","status":"publish","type":"post","link":"https:\/\/www.hoymercedes.com.ar\/principal\/2011\/10\/02\/el-ministro-lino-baranao-estara-en-mercedes-2\/","title":{"rendered":"El Ministro Lino Bara\u00f1ao estar\u00e1 en Mercedes"},"content":{"rendered":"<p>A principios de este mes se realizo una capacitaci\u00f3n destinada a empresas pymes donde se detallo principalmente los alcances del Fondo Tecnol\u00f3gico Argentino (FONTAR)<\/p>\n<p>El martes pasado el Dr Ustarroz y el Subsecretario de Coordinaci\u00f3n Administrativa, Dr Rodolfo Blasco y el equipo de Tecnopolis hicieron una presentaci\u00f3n y donaci\u00f3n de 4 sets de robots capacitadores al Colegio Industrial.<\/p>\n<p>El pr\u00f3ximo viernes 7 de octubre a las 11.30 hs el Ministro de Ciencia Tecnolog\u00eda e Innovaci\u00f3n Productiva de la Naci\u00f3n, Dr. Lino Bara\u00f1ao, visitar\u00e1 nuestra ciudad. Apoyando al candidato a Intendente Juani Ustarroz, disertar\u00e1 sobre la importancia de un polo cient\u00edfico y tecnol\u00f3gico en la ciudad, avalando de esta manera, la propuesta t\u00e9cnica presentada por el Frente Mercedino para la Victoria en su plan de gobierno.<\/p>\n","protected":false},"excerpt":{"rendered":"<p>A principios de este mes se realizo una capacitaci\u00f3n destinada a empresas pymes donde se detallo principalmente los alcances del &#8230; <a title=\"El Ministro Lino Bara\u00f1ao estar\u00e1 en Mercedes\" class=\"read-more\" href=\"https:\/\/www.hoymercedes.com.ar\/principal\/2011\/10\/02\/el-ministro-lino-baranao-estara-en-mercedes-2\/\" aria-label=\"Leer m\u00e1s sobre El Ministro Lino Bara\u00f1ao estar\u00e1 en Mercedes\">Leer m\u00e1s<\/a><\/p>\n","protected":false},"author":1,"featured_media":0,"comment_status":"open","ping_status":"open","sticky":false,"template":"","format":"standard","meta":{"_monsterinsights_skip_tracking":false,"_monsterinsights_sitenote_active":false,"_monsterinsights_sitenote_note":"","_monsterinsights_sitenote_category":0,"jetpack_post_was_ever_published":false,"_jetpack_newsletter_access":"","_jetpack_dont_email_post_to_subs":false,"_jetpack_newsletter_tier_id":0,"_jetpack_memberships_contains_paywalled_content":false,"_jetpack_memberships_contains_paid_content":false,"footnotes":"","jetpack_publicize_message":"","jetpack_publicize_feature_enabled":true,"jetpack_social_post_already_shared":false,"jetpack_social_options":{"image_generator_settings":{"template":"highway","default_image_id":0,"font":"","enabled":false},"version":2},"_wpas_customize_per_network":false},"categories":[5],"tags":[1385,424],"class_list":["post-7836","post","type-post","status-publish","format-standard","hentry","category-politica","tag-baranao","tag-ustarroz","generate-columns","tablet-grid-50","mobile-grid-100","grid-parent","grid-50"],"jetpack_publicize_connections":[],"jetpack_featured_media_url":"","wps_subtitle":"","jetpack_sharing_enabled":true,"_links":{"self":[{"href":"https:\/\/www.hoymercedes.com.ar\/principal\/wp-json\/wp\/v2\/posts\/7836","targetHints":{"allow":["GET"]}}],"collection":[{"href":"https:\/\/www.hoymercedes.com.ar\/principal\/wp-json\/wp\/v2\/posts"}],"about":[{"href":"https:\/\/www.hoymercedes.com.ar\/principal\/wp-json\/wp\/v2\/types\/post"}],"author":[{"embeddable":true,"href":"https:\/\/www.hoymercedes.com.ar\/principal\/wp-json\/wp\/v2\/users\/1"}],"replies":[{"embeddable":true,"href":"https:\/\/www.hoymercedes.com.ar\/principal\/wp-json\/wp\/v2\/comments?post=7836"}],"version-history":[{"count":0,"href":"https:\/\/www.hoymercedes.com.ar\/principal\/wp-json\/wp\/v2\/posts\/7836\/revisions"}],"wp:attachment":[{"href":"https:\/\/www.hoymercedes.com.ar\/principal\/wp-json\/wp\/v2\/media?parent=7836"}],"wp:term":[{"taxonomy":"category","embeddable":true,"href":"https:\/\/www.hoymercedes.com.ar\/principal\/wp-json\/wp\/v2\/categories?post=7836"},{"taxonomy":"post_tag","embeddable":true,"href":"https:\/\/www.hoymercedes.com.ar\/principal\/wp-json\/wp\/v2\/tags?post=7836"}],"curies":[{"name":"wp","href":"https:\/\/api.w.org\/{rel}","templated":true}]}}