{"id":78378,"date":"2018-07-09T17:43:39","date_gmt":"2018-07-09T20:43:39","guid":{"rendered":"http:\/\/www.hoymercedes.com.ar\/principal\/?p=78378"},"modified":"2018-07-09T16:55:48","modified_gmt":"2018-07-09T19:55:48","slug":"extraditan-al-presunto-homicida-de-casati-que-esta-preso-en-uruguay","status":"publish","type":"post","link":"https:\/\/www.hoymercedes.com.ar\/principal\/2018\/07\/09\/extraditan-al-presunto-homicida-de-casati-que-esta-preso-en-uruguay\/","title":{"rendered":"Extraditan al presunto homicida de  Casati que est\u00e1 preso en Uruguay"},"content":{"rendered":"<p>Tras m\u00e1s de un a\u00f1o y medio del homicidio de Mario Oscar Casati, de 69 a\u00f1os &#8211; ocurrido en su vivienda en la localidad de Agote \u2013 finalmente los investigadores tendr\u00e1n la posibilidad de indagar al principal sospechoso del hecho. Se trata de Luis Marcelo Benavidez M\u00e9ndez, de 40 a\u00f1os, oriundo de Uruguay quien fue detenido en su pa\u00eds de origen en mayo de 2017 tras una extensa investigaci\u00f3n a cargo de la UFI N\u00b0 2, por entonces, a cargo del doctor Leandro Marquiegui.<\/p>\n<p>Tras reunir una serie de elementos probatorios, se obtuvo la aprobaci\u00f3n del Juzgado de Garant\u00edas N\u00b0 3 para solicitar la detenci\u00f3n de este sujeto, objetivo que se logr\u00f3 r\u00e1pidamente en el pa\u00eds vecino. Desde ese momento comenzaron las tramitaciones legales para su extradici\u00f3n. A pesar de la preocupaci\u00f3n del cuerpo de fiscales, no se logr\u00f3 hasta hace algunos d\u00edas que desde el pa\u00eds vecino lo pongan a disposici\u00f3n de la justicia local para tomarle declaraci\u00f3n y avanzar en la resoluci\u00f3n del hecho.<\/p>\n<p>Benav\u00eddez M\u00e9ndez permaneci\u00f3 hasta la fecha recluido en Uruguay. Por estas horas, estar\u00eda arribando al pa\u00eds con el apoyo de Interpol y se espera que en la jornada de ma\u00f1ana martes comparezca ante el cuerpo de fiscales, hoy a cargo del doctor Sebasti\u00e1n Villalba.<\/p>\n<p>Por otro lado, seg\u00fan trascendi\u00f3, la defensa la ocupar\u00eda la defensa oficial y se espera una declaraci\u00f3n, o al menos una serie de pericias al imputado para poder determinar si efectivamente fue el autor material de un crimen que conmocion\u00f3 a toda la comunidad rural.<\/p>\n<p>&nbsp;<\/p>\n<p>El hecho<\/p>\n<p>El martes 20 de diciembre de 2016 Mario Oscar Casati, de 69 a\u00f1os muri\u00f3 en la casa donde moraba con signos de haber sido agredido, en horas de la madrugada.<\/p>\n<p>El hombre hac\u00eda dos a\u00f1os viv\u00eda en una casa de calle 516 entre 509 y 511 de la localidad. En las primeras horas del mi\u00e9rcoles 21, un sobrino suyo que sol\u00eda ir a quedarse algunos d\u00edas a la casa de vez en cuando lleg\u00f3 y lo encontr\u00f3 tirado en el piso de la cocina ya fallecido, al lado de la mesa y con signos de una agresi\u00f3n en la cabeza severa.<\/p>\n<p>En el lugar, hab\u00eda restos de utensilios utilizados por dos personas. Casati habr\u00eda cenado con alguien esa noche. Los peritos estimaron que esta persona que lo acompa\u00f1\u00f3 a cenar estuvo por algunas horas con la v\u00edctima. No se sabe qu\u00e9 ocurri\u00f3, pero de pronto, esta persona tom\u00f3 un palo (parecido a una varilla que se usan en los alambrados que utilizaba Casati para trabar la hendija inferior de la puerta que da al patio para que no ingresen sapos a la casa) y lo golpe\u00f3 fuertemente en la cabeza. El golpe se lo dio desde atr\u00e1s, a traici\u00f3n, mientras estaba sentado a la mesa y luego un segundo golpe en la espalda lo dej\u00f3 al hombre tumbado en el suelo, y al poco tiempo producto de ello perdi\u00f3 la vida.<\/p>\n<p>Tras el hecho, \u201cla visita\u201d se fue de la casa, cerr\u00f3 con llave y la arroj\u00f3 afuera entre el pasto en la entrada del lugar.<\/p>\n<p>Distintos elementos, entre ellos c\u00e1maras de seguridad, vinculaciones telef\u00f3nicas y testigos, lo ubican a Benav\u00eddez M\u00e9ndez como la \u00faltima persona que vio con vida a Casati. Posteriormente, su r\u00e1pida salida del pa\u00eds aviv\u00f3 a\u00fan m\u00e1s las sospechas que llevaron finalmente a su detenci\u00f3n.<\/p>\n<p>&nbsp;<\/p>\n<p>\u00bfVinculaciones?<\/p>\n<p>Por otro lado, no se descarta que Benav\u00eddez M\u00e9ndez sea tambi\u00e9n convocado por la UFI N\u00b0 3, a cargo del doctor Pedro Illanes. Y es que tres d\u00edas despu\u00e9s del homicidio del vecino Casati ocurri\u00f3 la muerte de Sof\u00eda Santill\u00e1n, una joven trans que se hall\u00f3 fallecida en el predio ferroviario.<\/p>\n<p>Si bien es cierto que la vinculaci\u00f3n del sujeto no es la hip\u00f3tesis m\u00e1s fuerte de este segundo homicidio, no se descarta que tras algunas versiones de aquel momento, se lleven a cabo \u2013 al menos \u2013 pericias m\u00e9dicas para dilucidar si este hombre presenta las caracter\u00edsticas f\u00edsicas con las que se describi\u00f3 al presunto homicida de Sof\u00eda. No es un dato menor que en los reconocimientos fotogr\u00e1ficos efectuados, este sujeto jam\u00e1s fue sindicato por los testigos del caso Sof\u00eda, pero no se descartar\u00eda que la imagen del momento pudiera estar desactualizada a la fecha en que se cometi\u00f3 el crimen.<\/p>\n<p>Todo ello ser\u00e1 materia de investigaci\u00f3n, al menos para agotar todas las instancias en un homicidio que preocupa a los investigadores tras los vaivenes de las declaraciones de las pocas personas allegadas a Sof\u00eda que la vieron por \u00faltima vez, y los pocos elementos con los que se cuenta con la investigaci\u00f3n. Vale recordar que la joven fue encontrada tres d\u00edas despu\u00e9s de su desaparici\u00f3n, y que las lluvias y temperaturas de aquella \u00e9poca causaron estragos en el cuerpo de Sof\u00eda dejando pocas pruebas sobre su atacante.<\/p>\n<p>&nbsp;<\/p>\n<p>(Fuente: El Nuevo Cronista)<\/p>\n","protected":false},"excerpt":{"rendered":"<p>Tras m\u00e1s de un a\u00f1o y medio del homicidio de Mario Oscar Casati, de 69 a\u00f1os &#8211; ocurrido en su &#8230; <a title=\"Extraditan al presunto homicida de  Casati que est\u00e1 preso en Uruguay\" class=\"read-more\" href=\"https:\/\/www.hoymercedes.com.ar\/principal\/2018\/07\/09\/extraditan-al-presunto-homicida-de-casati-que-esta-preso-en-uruguay\/\" aria-label=\"Leer m\u00e1s sobre Extraditan al presunto homicida de  Casati que est\u00e1 preso en Uruguay\">Leer m\u00e1s<\/a><\/p>\n","protected":false},"author":1,"featured_media":0,"comment_status":"closed","ping_status":"open","sticky":false,"template":"","format":"standard","meta":{"_monsterinsights_skip_tracking":false,"_monsterinsights_sitenote_active":false,"_monsterinsights_sitenote_note":"","_monsterinsights_sitenote_category":0,"jetpack_post_was_ever_published":false,"_jetpack_newsletter_access":"","_jetpack_dont_email_post_to_subs":false,"_jetpack_newsletter_tier_id":0,"_jetpack_memberships_contains_paywalled_content":false,"_jetpack_memberships_contains_paid_content":false,"footnotes":"","jetpack_publicize_message":"","jetpack_publicize_feature_enabled":true,"jetpack_social_post_already_shared":true,"jetpack_social_options":{"image_generator_settings":{"template":"highway","default_image_id":0,"font":"","enabled":false},"version":2},"_wpas_customize_per_network":false},"categories":[85],"tags":[4647,10352,13441,96],"class_list":["post-78378","post","type-post","status-publish","format-standard","hentry","category-policial","tag-asesinato","tag-detencion","tag-extradicion","tag-policial-2","generate-columns","tablet-grid-50","mobile-grid-100","grid-parent","grid-50"],"jetpack_publicize_connections":[],"jetpack_featured_media_url":"","wps_subtitle":"Tras un a\u00f1o y medio del hecho","jetpack_sharing_enabled":true,"_links":{"self":[{"href":"https:\/\/www.hoymercedes.com.ar\/principal\/wp-json\/wp\/v2\/posts\/78378","targetHints":{"allow":["GET"]}}],"collection":[{"href":"https:\/\/www.hoymercedes.com.ar\/principal\/wp-json\/wp\/v2\/posts"}],"about":[{"href":"https:\/\/www.hoymercedes.com.ar\/principal\/wp-json\/wp\/v2\/types\/post"}],"author":[{"embeddable":true,"href":"https:\/\/www.hoymercedes.com.ar\/principal\/wp-json\/wp\/v2\/users\/1"}],"replies":[{"embeddable":true,"href":"https:\/\/www.hoymercedes.com.ar\/principal\/wp-json\/wp\/v2\/comments?post=78378"}],"version-history":[{"count":0,"href":"https:\/\/www.hoymercedes.com.ar\/principal\/wp-json\/wp\/v2\/posts\/78378\/revisions"}],"wp:attachment":[{"href":"https:\/\/www.hoymercedes.com.ar\/principal\/wp-json\/wp\/v2\/media?parent=78378"}],"wp:term":[{"taxonomy":"category","embeddable":true,"href":"https:\/\/www.hoymercedes.com.ar\/principal\/wp-json\/wp\/v2\/categories?post=78378"},{"taxonomy":"post_tag","embeddable":true,"href":"https:\/\/www.hoymercedes.com.ar\/principal\/wp-json\/wp\/v2\/tags?post=78378"}],"curies":[{"name":"wp","href":"https:\/\/api.w.org\/{rel}","templated":true}]}}