{"id":78380,"date":"2018-07-09T17:03:14","date_gmt":"2018-07-09T20:03:14","guid":{"rendered":"http:\/\/www.hoymercedes.com.ar\/principal\/?p=78380"},"modified":"2018-07-09T17:03:14","modified_gmt":"2018-07-09T20:03:14","slug":"se-conmemoro-el-dia-de-la-independencia-en-plaza-san-martin","status":"publish","type":"post","link":"https:\/\/www.hoymercedes.com.ar\/principal\/2018\/07\/09\/se-conmemoro-el-dia-de-la-independencia-en-plaza-san-martin\/","title":{"rendered":"Se conmemor\u00f3 el D\u00eda de la Independencia en Plaza San Mart\u00edn"},"content":{"rendered":"<p>Este 9 de julio se conmemor\u00f3, en la plaza San Mart\u00edn de nuestra ciudad, el 202 aniversario de la declaraci\u00f3n de la independencia. El encuentro fue encabezado por el jefe comunal de la ciudad de Mercedes, Juan Ignacio Ustarroz, qui\u00e9n expres\u00f3 \u201cpara que un pueblo sea independiente se necesita de la educaci\u00f3n, la cultura, necesitamos de un proyecto de pa\u00eds que incluya a todos\u201d y agreg\u00f3 \u201cprecisamos apostar cada vez m\u00e1s al trabajo, la industria, la producci\u00f3n, a la ciencia y a la tecnolog\u00eda, como condiciones para generar eso que necesita el ser humano para ser independiente, que es el trabajo\u201d.<\/p>\n<p><img loading=\"lazy\" decoding=\"async\" data-attachment-id=\"78381\" data-permalink=\"https:\/\/www.hoymercedes.com.ar\/principal\/2018\/07\/09\/se-conmemoro-el-dia-de-la-independencia-en-plaza-san-martin\/09-acto-9dejulio-1\/#main\" data-orig-file=\"https:\/\/www.hoymercedes.com.ar\/principal\/wp-content\/uploads\/2018\/07\/09-acto-9dejulio-1.jpg\" data-orig-size=\"835,557\" data-comments-opened=\"0\" data-image-meta=\"{&quot;aperture&quot;:&quot;0&quot;,&quot;credit&quot;:&quot;&quot;,&quot;camera&quot;:&quot;&quot;,&quot;caption&quot;:&quot;&quot;,&quot;created_timestamp&quot;:&quot;0&quot;,&quot;copyright&quot;:&quot;&quot;,&quot;focal_length&quot;:&quot;0&quot;,&quot;iso&quot;:&quot;0&quot;,&quot;shutter_speed&quot;:&quot;0&quot;,&quot;title&quot;:&quot;&quot;,&quot;orientation&quot;:&quot;0&quot;}\" data-image-title=\"09 acto 9dejulio 1\" data-image-description=\"\" data-image-caption=\"\" data-large-file=\"https:\/\/www.hoymercedes.com.ar\/principal\/wp-content\/uploads\/2018\/07\/09-acto-9dejulio-1.jpg\" class=\"aligncenter size-medium wp-image-78381\" src=\"https:\/\/www.hoymercedes.com.ar\/principal\/wp-content\/uploads\/2018\/07\/09-acto-9dejulio-1-630x420.jpg\" alt=\"\" width=\"630\" height=\"420\" srcset=\"https:\/\/www.hoymercedes.com.ar\/principal\/wp-content\/uploads\/2018\/07\/09-acto-9dejulio-1-630x420.jpg 630w, https:\/\/www.hoymercedes.com.ar\/principal\/wp-content\/uploads\/2018\/07\/09-acto-9dejulio-1-150x100.jpg 150w, https:\/\/www.hoymercedes.com.ar\/principal\/wp-content\/uploads\/2018\/07\/09-acto-9dejulio-1.jpg 835w\" sizes=\"auto, (max-width: 630px) 100vw, 630px\" \/><\/p>\n<p>Estuvieron presentes autoridades del departamento ejecutivo y legislativo del estado municipal, representantes eclesi\u00e1sticos, autoridades, veteranos de Guerra de Malvinas, Bomberos Voluntarios, Polic\u00eda Comunal, instituciones de nuestra ciudad y p\u00fablico en general. En cuanto a las instituciones educativas, se cont\u00f3 con la participaci\u00f3n Instituto San Antonio, Escuela Secundaria N\u00b012, Colegio Misericordia, Instituto Camila Rol\u00f3n, Escuela Media N\u00b03 Colegio Nacional, Colegio San Patricio, Colegio Santa Mar\u00eda, Escuela de Educaci\u00f3n T\u00e9cnica N\u00b01, Profesorado de Educaci\u00f3n F\u00edsica, Escuela Agraria N\u00b01, Escuela T\u00e9cnica N\u00b02, y Escuela Normal.<\/p>\n<p>En primer lugar, se entonaron las estrofas del Himno Nacional Argentino. Luego se colocaron las ofrendas florales al pie del monumento del Gral. Jos\u00e9 de San Mart\u00edn. Acto seguido, tom\u00f3 la palabra Mar\u00eda del Pilar Robledo, alumna de sexto a\u00f1o A de la Escuela Secundaria n\u00famero 12 \u201cmi mensaje es un pedido al di\u00e1logo, que nuestro mensaje al futuro sea el deseo de imaginarnos, como lo hicieron esos hombres de Tucum\u00e1n, libres de Espa\u00f1a y de toda dominaci\u00f3n extranjera\u201d.<\/p>\n<p>Asimismo, el Dr. Juan Ignacio Ustarroz entreg\u00f3 un reconocimiento a la instituci\u00f3n educativa, Colegio San Antonio de Padua, por su iniciativa y propuesta a contribuir a una sociedad m\u00e1s inclusiva.<\/p>\n<p>A su vez, el jefe comunal, explic\u00f3 por qu\u00e9 se incluy\u00f3 una int\u00e9rprete de se\u00f1as en este aniversario de la patria \u201cen un acto los chicos se nos acercaron y nos plantearon porque no hab\u00eda alguien que interpretara el lenguaje de se\u00f1as para poder comunicarnos entre todos, y la verdad que nos apreci\u00f3 un gesto enorme, simple que denota la esperanza fundada que tenemos en nuestros j\u00f3venes y en la educaci\u00f3n\u201d y puntualiz\u00f3 \u201ccomo es a trav\u00e9s de la solidaridad y de pensar en el pr\u00f3jimo, es como se van construyendo esos peque\u00f1os actos que dan pie a los grandes acontecimientos\u201d.<\/p>\n<p><img loading=\"lazy\" decoding=\"async\" data-attachment-id=\"78382\" data-permalink=\"https:\/\/www.hoymercedes.com.ar\/principal\/2018\/07\/09\/se-conmemoro-el-dia-de-la-independencia-en-plaza-san-martin\/09-acto-9dejulio-2\/#main\" data-orig-file=\"https:\/\/www.hoymercedes.com.ar\/principal\/wp-content\/uploads\/2018\/07\/09-acto-9dejulio-2.jpg\" data-orig-size=\"718,479\" data-comments-opened=\"0\" data-image-meta=\"{&quot;aperture&quot;:&quot;0&quot;,&quot;credit&quot;:&quot;&quot;,&quot;camera&quot;:&quot;&quot;,&quot;caption&quot;:&quot;&quot;,&quot;created_timestamp&quot;:&quot;0&quot;,&quot;copyright&quot;:&quot;&quot;,&quot;focal_length&quot;:&quot;0&quot;,&quot;iso&quot;:&quot;0&quot;,&quot;shutter_speed&quot;:&quot;0&quot;,&quot;title&quot;:&quot;&quot;,&quot;orientation&quot;:&quot;0&quot;}\" data-image-title=\"09 acto 9dejulio 2\" data-image-description=\"\" data-image-caption=\"\" data-large-file=\"https:\/\/www.hoymercedes.com.ar\/principal\/wp-content\/uploads\/2018\/07\/09-acto-9dejulio-2.jpg\" class=\"aligncenter size-medium wp-image-78382\" src=\"https:\/\/www.hoymercedes.com.ar\/principal\/wp-content\/uploads\/2018\/07\/09-acto-9dejulio-2-630x420.jpg\" alt=\"\" width=\"630\" height=\"420\" srcset=\"https:\/\/www.hoymercedes.com.ar\/principal\/wp-content\/uploads\/2018\/07\/09-acto-9dejulio-2-630x420.jpg 630w, https:\/\/www.hoymercedes.com.ar\/principal\/wp-content\/uploads\/2018\/07\/09-acto-9dejulio-2-150x100.jpg 150w, https:\/\/www.hoymercedes.com.ar\/principal\/wp-content\/uploads\/2018\/07\/09-acto-9dejulio-2.jpg 718w\" sizes=\"auto, (max-width: 630px) 100vw, 630px\" \/><\/p>\n<p>Conjuntamente, el primer mandatario realiz\u00f3 un reconocimiento a todas las escuelas e instituciones educativas de la ciudad.<\/p>\n<p>El Dr. Ustarroz, adem\u00e1s destac\u00f3 \u201ceste d\u00eda nos permite reflexionar sobre nuestro pa\u00eds, su historia, el presente y su futuro. Un pa\u00eds necesita independencia, la misma es una b\u00fasqueda permanente y constante, es una construcci\u00f3n en un mundo globalizado y cada vez m\u00e1s complejo\u201d.<\/p>\n<p>\u201cEn esta fecha que une a los argentinos debemos aprovechar para pensar que es lo que nosotros aportamos a la independencia de nuestra ciudad, a la nuestra como sujetos y desde ah\u00ed proyectar un presente y un futuro diferente\u201d recalc\u00f3 el jefe comunal.<\/p>\n<p>Asimismo, record\u00f3 a los excombatientes \u201cque fueron a luchar por nuestra soberan\u00eda y por nuestra patria\u201d.<\/p>\n<p>\u201cEn este d\u00eda tan importante para todos los argentinos, uno busca encontrar los ejemplos simples que nos permitan tener esperanza de cara al presente y futuro, por eso me detuve en la educaci\u00f3n como herramienta necesaria para construir una ciudad y un pa\u00eds mejor\u201d subray\u00f3 el intendente, Dr. Ustarroz.<\/p>\n<p>Culminado los actos protocolares correspondientes, las Banderas de Ceremonia, las autoridades y todos los presentes se trasladaron al interior de la Catedral Bas\u00edlica Nuestra Se\u00f1ora de las Mercedes, donde se ofici\u00f3 el Solemne Te Deum.<\/p>\n<p>Fuente: Prensa Municipal<\/p>\n","protected":false},"excerpt":{"rendered":"<p>Este 9 de julio se conmemor\u00f3, en la plaza San Mart\u00edn de nuestra ciudad, el 202 aniversario de la declaraci\u00f3n &#8230; <a title=\"Se conmemor\u00f3 el D\u00eda de la Independencia en Plaza San Mart\u00edn\" class=\"read-more\" href=\"https:\/\/www.hoymercedes.com.ar\/principal\/2018\/07\/09\/se-conmemoro-el-dia-de-la-independencia-en-plaza-san-martin\/\" aria-label=\"Leer m\u00e1s sobre Se conmemor\u00f3 el D\u00eda de la Independencia en Plaza San Mart\u00edn\">Leer m\u00e1s<\/a><\/p>\n","protected":false},"author":1,"featured_media":78381,"comment_status":"closed","ping_status":"open","sticky":false,"template":"","format":"standard","meta":{"_monsterinsights_skip_tracking":false,"_monsterinsights_sitenote_active":false,"_monsterinsights_sitenote_note":"","_monsterinsights_sitenote_category":0,"jetpack_post_was_ever_published":false,"_jetpack_newsletter_access":"","_jetpack_dont_email_post_to_subs":false,"_jetpack_newsletter_tier_id":0,"_jetpack_memberships_contains_paywalled_content":false,"_jetpack_memberships_contains_paid_content":false,"footnotes":"","jetpack_publicize_message":"","jetpack_publicize_feature_enabled":true,"jetpack_social_post_already_shared":true,"jetpack_social_options":{"image_generator_settings":{"template":"highway","default_image_id":0,"font":"","enabled":false},"version":2},"_wpas_customize_per_network":false},"categories":[30],"tags":[11495,13443,10,244,13442],"class_list":["post-78380","post","type-post","status-publish","format-standard","has-post-thumbnail","hentry","category-municipio","tag-acto-9-de-julio","tag-dia-de-la-independencia","tag-mercedes","tag-municipio-2","tag-protocolo","generate-columns","tablet-grid-50","mobile-grid-100","grid-parent","grid-50"],"jetpack_publicize_connections":[],"jetpack_featured_media_url":"https:\/\/www.hoymercedes.com.ar\/principal\/wp-content\/uploads\/2018\/07\/09-acto-9dejulio-1.jpg","wps_subtitle":"En la ma\u00f1ana del lunes","jetpack_sharing_enabled":true,"_links":{"self":[{"href":"https:\/\/www.hoymercedes.com.ar\/principal\/wp-json\/wp\/v2\/posts\/78380","targetHints":{"allow":["GET"]}}],"collection":[{"href":"https:\/\/www.hoymercedes.com.ar\/principal\/wp-json\/wp\/v2\/posts"}],"about":[{"href":"https:\/\/www.hoymercedes.com.ar\/principal\/wp-json\/wp\/v2\/types\/post"}],"author":[{"embeddable":true,"href":"https:\/\/www.hoymercedes.com.ar\/principal\/wp-json\/wp\/v2\/users\/1"}],"replies":[{"embeddable":true,"href":"https:\/\/www.hoymercedes.com.ar\/principal\/wp-json\/wp\/v2\/comments?post=78380"}],"version-history":[{"count":0,"href":"https:\/\/www.hoymercedes.com.ar\/principal\/wp-json\/wp\/v2\/posts\/78380\/revisions"}],"wp:featuredmedia":[{"embeddable":true,"href":"https:\/\/www.hoymercedes.com.ar\/principal\/wp-json\/wp\/v2\/media\/78381"}],"wp:attachment":[{"href":"https:\/\/www.hoymercedes.com.ar\/principal\/wp-json\/wp\/v2\/media?parent=78380"}],"wp:term":[{"taxonomy":"category","embeddable":true,"href":"https:\/\/www.hoymercedes.com.ar\/principal\/wp-json\/wp\/v2\/categories?post=78380"},{"taxonomy":"post_tag","embeddable":true,"href":"https:\/\/www.hoymercedes.com.ar\/principal\/wp-json\/wp\/v2\/tags?post=78380"}],"curies":[{"name":"wp","href":"https:\/\/api.w.org\/{rel}","templated":true}]}}