{"id":78386,"date":"2018-07-09T18:53:30","date_gmt":"2018-07-09T21:53:30","guid":{"rendered":"http:\/\/www.hoymercedes.com.ar\/principal\/?p=78386"},"modified":"2018-07-10T10:07:03","modified_gmt":"2018-07-10T13:07:03","slug":"mujer-detenida-por-circular-en-moto-con-pedido-de-captura","status":"publish","type":"post","link":"https:\/\/www.hoymercedes.com.ar\/principal\/2018\/07\/09\/mujer-detenida-por-circular-en-moto-con-pedido-de-captura\/","title":{"rendered":"Mujer detenida por circular en moto con pedido de captura"},"content":{"rendered":"<figure id=\"attachment_78387\" aria-describedby=\"caption-attachment-78387\" style=\"width: 620px\" class=\"wp-caption aligncenter\"><img loading=\"lazy\" decoding=\"async\" data-attachment-id=\"78387\" data-permalink=\"https:\/\/www.hoymercedes.com.ar\/principal\/2018\/07\/09\/mujer-detenida-por-circular-en-moto-con-pedido-de-captura\/keller\/#main\" data-orig-file=\"https:\/\/www.hoymercedes.com.ar\/principal\/wp-content\/uploads\/2018\/07\/keller.jpeg\" data-orig-size=\"1280,960\" data-comments-opened=\"0\" data-image-meta=\"{&quot;aperture&quot;:&quot;0&quot;,&quot;credit&quot;:&quot;&quot;,&quot;camera&quot;:&quot;&quot;,&quot;caption&quot;:&quot;&quot;,&quot;created_timestamp&quot;:&quot;0&quot;,&quot;copyright&quot;:&quot;&quot;,&quot;focal_length&quot;:&quot;0&quot;,&quot;iso&quot;:&quot;0&quot;,&quot;shutter_speed&quot;:&quot;0&quot;,&quot;title&quot;:&quot;&quot;,&quot;orientation&quot;:&quot;0&quot;}\" data-image-title=\"keller\" data-image-description=\"\" data-image-caption=\"&lt;p&gt;Moto recuperada &lt;\/p&gt;\n\" data-large-file=\"https:\/\/www.hoymercedes.com.ar\/principal\/wp-content\/uploads\/2018\/07\/keller-1024x768.jpeg\" class=\"size-medium wp-image-78387\" src=\"https:\/\/www.hoymercedes.com.ar\/principal\/wp-content\/uploads\/2018\/07\/keller-630x473.jpeg\" alt=\"\" width=\"630\" height=\"473\" srcset=\"https:\/\/www.hoymercedes.com.ar\/principal\/wp-content\/uploads\/2018\/07\/keller-630x473.jpeg 630w, https:\/\/www.hoymercedes.com.ar\/principal\/wp-content\/uploads\/2018\/07\/keller-150x113.jpeg 150w, https:\/\/www.hoymercedes.com.ar\/principal\/wp-content\/uploads\/2018\/07\/keller-1024x768.jpeg 1024w, https:\/\/www.hoymercedes.com.ar\/principal\/wp-content\/uploads\/2018\/07\/keller.jpeg 1280w\" sizes=\"auto, (max-width: 630px) 100vw, 630px\" \/><figcaption id=\"caption-attachment-78387\" class=\"wp-caption-text\">Moto recuperadapo<\/figcaption><\/figure>\n<p>Personal de la Estaci\u00f3n Comunal Mercede, en acciones de vigilancia y prevenci\u00f3n ciudadana, logran detectar una motocicleta marca Keller 100cc que ten\u00eda pedido de captura. Los dirigidos por el comisario Sergio Macedo lograron resolver positivamente un acto delictivo.<\/p>\n<p>Conducida por una mujer, con domicilio en nuestra ciudad, fue detectada por el personal motorizado de la Polic\u00eda Comunal Mercedes que con soporte del personal de las cuadrillas de calle ponen en marca el habitual protocolo de detenci\u00f3n y consulta a base mediante sistema inform\u00e1tico sobre el veh\u00edculo. Es as\u00ed que confirman era buscado confirmando que se hab\u00eda suprimido el n\u00famero del motor.<\/p>\n<p>Los efectivos trasladan a la mujer y a la motocicleta para efectuar las acciones legales correspondientes, previo paso por el nosocomio local, como protocolarmente corresponde. Lo actuado es avalado por la justicia dando intervenci\u00f3n UFI N\u00b03 a cargo del Dr Pedro Illanes.<\/p>\n<p>El comisario Sergio Macedo puso nuevamente en valor lo importante de contar con prestaciones en la v\u00eda p\u00fablica, de estar atentos y tener siempre presente aquellos partes de b\u00fasqueda existentes destacando la celosa y fina labor del personal de las cuadrillas de calle, como as\u00ed tambi\u00e9n el motorizado, que en la \u00faltima semana han tenido muy buenos resultados en materia de recuperaci\u00f3n vehicular.<\/p>\n","protected":false},"excerpt":{"rendered":"<p>Personal de la Estaci\u00f3n Comunal Mercede, en acciones de vigilancia y prevenci\u00f3n ciudadana, logran detectar una motocicleta marca Keller 100cc &#8230; <a title=\"Mujer detenida por circular en moto con pedido de captura\" class=\"read-more\" href=\"https:\/\/www.hoymercedes.com.ar\/principal\/2018\/07\/09\/mujer-detenida-por-circular-en-moto-con-pedido-de-captura\/\" aria-label=\"Leer m\u00e1s sobre Mujer detenida por circular en moto con pedido de captura\">Leer m\u00e1s<\/a><\/p>\n","protected":false},"author":1,"featured_media":78387,"comment_status":"closed","ping_status":"open","sticky":false,"template":"","format":"standard","meta":{"_monsterinsights_skip_tracking":false,"_monsterinsights_sitenote_active":false,"_monsterinsights_sitenote_note":"","_monsterinsights_sitenote_category":0,"jetpack_post_was_ever_published":false,"_jetpack_newsletter_access":"","_jetpack_dont_email_post_to_subs":false,"_jetpack_newsletter_tier_id":0,"_jetpack_memberships_contains_paywalled_content":false,"_jetpack_memberships_contains_paid_content":false,"footnotes":"","jetpack_publicize_message":"","jetpack_publicize_feature_enabled":true,"jetpack_social_post_already_shared":true,"jetpack_social_options":{"image_generator_settings":{"template":"highway","default_image_id":0,"font":"","enabled":false},"version":2},"_wpas_customize_per_network":false},"categories":[85],"tags":[10352,10,5766,96,10277],"class_list":["post-78386","post","type-post","status-publish","format-standard","has-post-thumbnail","hentry","category-policial","tag-detencion","tag-mercedes","tag-policia-comunal","tag-policial-2","tag-sergio-macedo","generate-columns","tablet-grid-50","mobile-grid-100","grid-parent","grid-50"],"jetpack_publicize_connections":[],"jetpack_featured_media_url":"https:\/\/www.hoymercedes.com.ar\/principal\/wp-content\/uploads\/2018\/07\/keller.jpeg","wps_subtitle":"Prevenci\u00f3n","jetpack_sharing_enabled":true,"jetpack-related-posts":[{"id":78017,"url":"https:\/\/www.hoymercedes.com.ar\/principal\/2018\/06\/30\/policia-comunal-recupera-moto-con-pedido-de-captura\/","url_meta":{"origin":78386,"position":0},"title":"Polic\u00eda Comunal recupera moto con pedido de captura","author":"hoymercedes","date":"30 junio, 2018","format":false,"excerpt":"En sus habituales acciones preventivas y de vigilancia los uniformados dirigidos por el comisario Macedo lograron detener a un masculino que circulaba con una motocicleta Yamaha que ten\u00eda pedido de captura a instancia de la justicia mercedina. El imputado por el hecho es de apellido Sequeira, soltero, de 36 a\u00f1os\u2026","rel":"","context":"En \u00abPolicial\u00bb","block_context":{"text":"Policial","link":"https:\/\/www.hoymercedes.com.ar\/principal\/category\/policial\/"},"img":{"alt_text":"","src":"https:\/\/i0.wp.com\/www.hoymercedes.com.ar\/principal\/wp-content\/uploads\/2018\/06\/motorecuperada-a.jpeg?resize=350%2C200&ssl=1","width":350,"height":200,"srcset":"https:\/\/i0.wp.com\/www.hoymercedes.com.ar\/principal\/wp-content\/uploads\/2018\/06\/motorecuperada-a.jpeg?resize=350%2C200&ssl=1 1x, https:\/\/i0.wp.com\/www.hoymercedes.com.ar\/principal\/wp-content\/uploads\/2018\/06\/motorecuperada-a.jpeg?resize=525%2C300&ssl=1 1.5x, https:\/\/i0.wp.com\/www.hoymercedes.com.ar\/principal\/wp-content\/uploads\/2018\/06\/motorecuperada-a.jpeg?resize=700%2C400&ssl=1 2x, https:\/\/i0.wp.com\/www.hoymercedes.com.ar\/principal\/wp-content\/uploads\/2018\/06\/motorecuperada-a.jpeg?resize=1050%2C600&ssl=1 3x"},"classes":[]},{"id":76362,"url":"https:\/\/www.hoymercedes.com.ar\/principal\/2018\/05\/25\/policia-comunal-detiene-a-morenense-con-pedido-de-captura\/","url_meta":{"origin":78386,"position":1},"title":"Polic\u00eda Comunal detiene a morenense con pedido de captura","author":"hoymercedes","date":"25 mayo, 2018","format":false,"excerpt":"\u00a0 La cuadrilla de patrullaje de la Estaci\u00f3n Comunal Mercedes, estando alerta a los sucesos cotidianos, logr\u00f3 identificar a un sujeto de la localidad de Moreno que estaba en nuestra ciudad y que desde hace un tiempo ten\u00eda pedido de captura. Los dirigidos por el Comisario Sergio Macedo lograron su\u2026","rel":"","context":"En \u00abPolicial\u00bb","block_context":{"text":"Policial","link":"https:\/\/www.hoymercedes.com.ar\/principal\/category\/policial\/"},"img":{"alt_text":"","src":"https:\/\/i0.wp.com\/www.hoymercedes.com.ar\/principal\/wp-content\/uploads\/2017\/12\/Comisario.Macedo.jpg?resize=350%2C200&ssl=1","width":350,"height":200,"srcset":"https:\/\/i0.wp.com\/www.hoymercedes.com.ar\/principal\/wp-content\/uploads\/2017\/12\/Comisario.Macedo.jpg?resize=350%2C200&ssl=1 1x, https:\/\/i0.wp.com\/www.hoymercedes.com.ar\/principal\/wp-content\/uploads\/2017\/12\/Comisario.Macedo.jpg?resize=525%2C300&ssl=1 1.5x"},"classes":[]},{"id":76560,"url":"https:\/\/www.hoymercedes.com.ar\/principal\/2018\/05\/30\/policia-comunal-recupera-moto-robada-y-efectua-detencion-por-robo-agravado\/","url_meta":{"origin":78386,"position":2},"title":"Polic\u00eda Comunal recupera moto robada y efect\u00faa detenci\u00f3n por robo agravado","author":"hoymercedes","date":"30 mayo, 2018","format":false,"excerpt":"La Polic\u00eda Comunal de nuestra ciudad, conducida por el Comisario Sergio Macedo, concret\u00f3 dos nuevas actuaciones en la v\u00eda p\u00fablica. Una de ellas vinculada a la recuperaci\u00f3n de una moto y la otra con la detenci\u00f3n de un masculino que pose\u00eda pedido de captura a instancias de la justicia local.\u2026","rel":"","context":"En \u00abPolicial\u00bb","block_context":{"text":"Policial","link":"https:\/\/www.hoymercedes.com.ar\/principal\/category\/policial\/"},"img":{"alt_text":"","src":"https:\/\/i0.wp.com\/www.hoymercedes.com.ar\/principal\/wp-content\/uploads\/2018\/05\/moto-robada-recuperada.jpg?resize=350%2C200&ssl=1","width":350,"height":200,"srcset":"https:\/\/i0.wp.com\/www.hoymercedes.com.ar\/principal\/wp-content\/uploads\/2018\/05\/moto-robada-recuperada.jpg?resize=350%2C200&ssl=1 1x, https:\/\/i0.wp.com\/www.hoymercedes.com.ar\/principal\/wp-content\/uploads\/2018\/05\/moto-robada-recuperada.jpg?resize=525%2C300&ssl=1 1.5x, https:\/\/i0.wp.com\/www.hoymercedes.com.ar\/principal\/wp-content\/uploads\/2018\/05\/moto-robada-recuperada.jpg?resize=700%2C400&ssl=1 2x"},"classes":[]},{"id":92671,"url":"https:\/\/www.hoymercedes.com.ar\/principal\/2019\/05\/09\/policia-comunal-detiene-a-hombre-con-pedido-de-captura%ef%bb%bf\/","url_meta":{"origin":78386,"position":3},"title":"Polic\u00eda Comunal detiene a hombre con pedido de captura\ufeff","author":"hoymercedes","date":"9 mayo, 2019","format":false,"excerpt":"Personal del Grupo T\u00e9cnico Operativo de la Estaci\u00f3n Comunal continuando con el plan de \u201ccalles seguras\u201d logra identificar a un masculino proveniente de Capital Federal que ten\u00eda pedido de captura. Los uniformados, dirigidos por el comisario Sergio Macedo, logran identificar al sujeto, de apellido Villa, de 25 a\u00f1os de edad,\u2026","rel":"","context":"En \u00abPolicial\u00bb","block_context":{"text":"Policial","link":"https:\/\/www.hoymercedes.com.ar\/principal\/category\/policial\/"},"img":{"alt_text":"","src":"https:\/\/i0.wp.com\/www.hoymercedes.com.ar\/principal\/wp-content\/uploads\/2018\/04\/ComisarioMacedo.jpg?resize=350%2C200&ssl=1","width":350,"height":200,"srcset":"https:\/\/i0.wp.com\/www.hoymercedes.com.ar\/principal\/wp-content\/uploads\/2018\/04\/ComisarioMacedo.jpg?resize=350%2C200&ssl=1 1x, https:\/\/i0.wp.com\/www.hoymercedes.com.ar\/principal\/wp-content\/uploads\/2018\/04\/ComisarioMacedo.jpg?resize=525%2C300&ssl=1 1.5x, https:\/\/i0.wp.com\/www.hoymercedes.com.ar\/principal\/wp-content\/uploads\/2018\/04\/ComisarioMacedo.jpg?resize=700%2C400&ssl=1 2x"},"classes":[]},{"id":94760,"url":"https:\/\/www.hoymercedes.com.ar\/principal\/2019\/06\/09\/detienen-mujer-que-lograba-evitar-su-detencion-desde-2015\/","url_meta":{"origin":78386,"position":4},"title":"Detienen mujer que lograba evitar su detenci\u00f3n desde 2015","author":"hoymercedes","date":"9 junio, 2019","format":false,"excerpt":"En un nuevo operativo de prevenci\u00f3n e inspecci\u00f3n en la v\u00eda p\u00fablica los dirigidos por el Comisario Inspector Sergio Macedo lograron detener a una mujer que hac\u00eda tres a\u00f1os ten\u00eda pedido de detenci\u00f3n a instancias de la justicia pampeana. Los efectivos detectan un veh\u00edculo que se mov\u00eda con movimientos extra\u00f1os\u2026","rel":"","context":"En \u00abPolicial\u00bb","block_context":{"text":"Policial","link":"https:\/\/www.hoymercedes.com.ar\/principal\/category\/policial\/"},"img":{"alt_text":"","src":"https:\/\/i0.wp.com\/www.hoymercedes.com.ar\/principal\/wp-content\/uploads\/2019\/06\/detenida-lapampa.jpeg?resize=350%2C200&ssl=1","width":350,"height":200,"srcset":"https:\/\/i0.wp.com\/www.hoymercedes.com.ar\/principal\/wp-content\/uploads\/2019\/06\/detenida-lapampa.jpeg?resize=350%2C200&ssl=1 1x, https:\/\/i0.wp.com\/www.hoymercedes.com.ar\/principal\/wp-content\/uploads\/2019\/06\/detenida-lapampa.jpeg?resize=525%2C300&ssl=1 1.5x, https:\/\/i0.wp.com\/www.hoymercedes.com.ar\/principal\/wp-content\/uploads\/2019\/06\/detenida-lapampa.jpeg?resize=700%2C400&ssl=1 2x"},"classes":[]},{"id":78333,"url":"https:\/\/www.hoymercedes.com.ar\/principal\/2018\/07\/08\/policia-comunal-en-accion-preventiva-recupera-moto-con-pedido-de-secuestro\/","url_meta":{"origin":78386,"position":5},"title":"Polic\u00eda Comunal en acci\u00f3n preventiva recupera moto con pedido de secuestro","author":"hoymercedes","date":"8 julio, 2018","format":false,"excerpt":"Los efectivos de la Polic\u00eda Comunal Mercedes lograron recuperar una moto Honda 125cc que ten\u00eda pedido de captura. La misma fue detectada en el marco de las tareas de control y vigilancia preventiva que efect\u00faan en distintos puntos de la ciudad. En calle 34 y 47 se concret\u00f3 la acci\u00f3n\u2026","rel":"","context":"En \u00abPolicial\u00bb","block_context":{"text":"Policial","link":"https:\/\/www.hoymercedes.com.ar\/principal\/category\/policial\/"},"img":{"alt_text":"","src":"https:\/\/i0.wp.com\/www.hoymercedes.com.ar\/principal\/wp-content\/uploads\/2018\/07\/motohonda-recuperada.jpeg?resize=350%2C200&ssl=1","width":350,"height":200,"srcset":"https:\/\/i0.wp.com\/www.hoymercedes.com.ar\/principal\/wp-content\/uploads\/2018\/07\/motohonda-recuperada.jpeg?resize=350%2C200&ssl=1 1x, https:\/\/i0.wp.com\/www.hoymercedes.com.ar\/principal\/wp-content\/uploads\/2018\/07\/motohonda-recuperada.jpeg?resize=525%2C300&ssl=1 1.5x, https:\/\/i0.wp.com\/www.hoymercedes.com.ar\/principal\/wp-content\/uploads\/2018\/07\/motohonda-recuperada.jpeg?resize=700%2C400&ssl=1 2x, https:\/\/i0.wp.com\/www.hoymercedes.com.ar\/principal\/wp-content\/uploads\/2018\/07\/motohonda-recuperada.jpeg?resize=1050%2C600&ssl=1 3x"},"classes":[]}],"_links":{"self":[{"href":"https:\/\/www.hoymercedes.com.ar\/principal\/wp-json\/wp\/v2\/posts\/78386","targetHints":{"allow":["GET"]}}],"collection":[{"href":"https:\/\/www.hoymercedes.com.ar\/principal\/wp-json\/wp\/v2\/posts"}],"about":[{"href":"https:\/\/www.hoymercedes.com.ar\/principal\/wp-json\/wp\/v2\/types\/post"}],"author":[{"embeddable":true,"href":"https:\/\/www.hoymercedes.com.ar\/principal\/wp-json\/wp\/v2\/users\/1"}],"replies":[{"embeddable":true,"href":"https:\/\/www.hoymercedes.com.ar\/principal\/wp-json\/wp\/v2\/comments?post=78386"}],"version-history":[{"count":0,"href":"https:\/\/www.hoymercedes.com.ar\/principal\/wp-json\/wp\/v2\/posts\/78386\/revisions"}],"wp:featuredmedia":[{"embeddable":true,"href":"https:\/\/www.hoymercedes.com.ar\/principal\/wp-json\/wp\/v2\/media\/78387"}],"wp:attachment":[{"href":"https:\/\/www.hoymercedes.com.ar\/principal\/wp-json\/wp\/v2\/media?parent=78386"}],"wp:term":[{"taxonomy":"category","embeddable":true,"href":"https:\/\/www.hoymercedes.com.ar\/principal\/wp-json\/wp\/v2\/categories?post=78386"},{"taxonomy":"post_tag","embeddable":true,"href":"https:\/\/www.hoymercedes.com.ar\/principal\/wp-json\/wp\/v2\/tags?post=78386"}],"curies":[{"name":"wp","href":"https:\/\/api.w.org\/{rel}","templated":true}]}}