{"id":78389,"date":"2018-07-10T11:00:44","date_gmt":"2018-07-10T14:00:44","guid":{"rendered":"http:\/\/www.hoymercedes.com.ar\/principal\/?p=78389"},"modified":"2018-07-09T19:05:45","modified_gmt":"2018-07-09T22:05:45","slug":"intervenciones-de-la-policia-comunal-permite-seguir-recuperando-motos-con-pedido-de-secuestro","status":"publish","type":"post","link":"https:\/\/www.hoymercedes.com.ar\/principal\/2018\/07\/10\/intervenciones-de-la-policia-comunal-permite-seguir-recuperando-motos-con-pedido-de-secuestro\/","title":{"rendered":"Intervenciones de la Polic\u00eda Comunal permite seguir recuperando motos con pedido de secuestro"},"content":{"rendered":"<figure id=\"attachment_78390\" aria-describedby=\"caption-attachment-78390\" style=\"width: 363px\" class=\"wp-caption aligncenter\"><img loading=\"lazy\" decoding=\"async\" data-attachment-id=\"78390\" data-permalink=\"https:\/\/www.hoymercedes.com.ar\/principal\/2018\/07\/10\/intervenciones-de-la-policia-comunal-permite-seguir-recuperando-motos-con-pedido-de-secuestro\/moto1\/#main\" data-orig-file=\"https:\/\/www.hoymercedes.com.ar\/principal\/wp-content\/uploads\/2018\/07\/moto1.jpeg\" data-orig-size=\"770,1280\" data-comments-opened=\"0\" data-image-meta=\"{&quot;aperture&quot;:&quot;0&quot;,&quot;credit&quot;:&quot;&quot;,&quot;camera&quot;:&quot;&quot;,&quot;caption&quot;:&quot;&quot;,&quot;created_timestamp&quot;:&quot;0&quot;,&quot;copyright&quot;:&quot;&quot;,&quot;focal_length&quot;:&quot;0&quot;,&quot;iso&quot;:&quot;0&quot;,&quot;shutter_speed&quot;:&quot;0&quot;,&quot;title&quot;:&quot;&quot;,&quot;orientation&quot;:&quot;0&quot;}\" data-image-title=\"moto1\" data-image-description=\"\" data-image-caption=\"&lt;p&gt;Moto recuperada&lt;\/p&gt;\n\" data-large-file=\"https:\/\/www.hoymercedes.com.ar\/principal\/wp-content\/uploads\/2018\/07\/moto1-616x1024.jpeg\" class=\"size-medium wp-image-78390\" src=\"https:\/\/www.hoymercedes.com.ar\/principal\/wp-content\/uploads\/2018\/07\/moto1-373x620.jpeg\" alt=\"\" width=\"373\" height=\"620\" srcset=\"https:\/\/www.hoymercedes.com.ar\/principal\/wp-content\/uploads\/2018\/07\/moto1-373x620.jpeg 373w, https:\/\/www.hoymercedes.com.ar\/principal\/wp-content\/uploads\/2018\/07\/moto1-90x150.jpeg 90w, https:\/\/www.hoymercedes.com.ar\/principal\/wp-content\/uploads\/2018\/07\/moto1-616x1024.jpeg 616w, https:\/\/www.hoymercedes.com.ar\/principal\/wp-content\/uploads\/2018\/07\/moto1.jpeg 770w\" sizes=\"auto, (max-width: 373px) 100vw, 373px\" \/><figcaption id=\"caption-attachment-78390\" class=\"wp-caption-text\">Moto recuperada<\/figcaption><\/figure>\n<p><strong>\u00a0<\/strong><\/p>\n<p>La fuerte acci\u00f3n desplegada por la Polic\u00eda Comunal dirigida por el Comisario Sergio Macedo en t\u00e9rminos de control vehicular ha permitido recuperar varias motocicletas con pedido de secuestro. En los \u00faltimos diez d\u00edas el personal motorizado y las cuadrillas de calles han tambi\u00e9n conseguido detener a un masculino que ten\u00eda como modalidad este tipo de acto delictivo. Ahora se supo que una nueva moto fue recuperada.<\/p>\n<p>En calle 21 y 22 se pudo, a instancias de los uniformados, recuperar una motocicleta marca Yamaha Modelo FZ 160 que pose\u00eda sobre s\u00ed un pedido de secuestro activo solicitado por Polic\u00eda Fedaral con data de diciembre \u00faltimo.<\/p>\n<p>Bajo car\u00e1tula de \u201cencubrimiento\u201d fue que se puso al joven de 17 a\u00f1os, menor de edad, a instancias de la Fiscal\u00eda N\u00b08 dando conocimiento al Dr. Alfons\u00edn quien aval\u00f3 las actuaciones y procedi\u00f3 con las acciones judiciales correspondientes.<\/p>\n<p>Por su parte, el comisario Sergio Macedo felicit\u00f3 a todo el equipo de trabajo y prevenci\u00f3n de la Estaci\u00f3n Comunal, a las cuadrillas de calle, motorizados, al personal de base que r\u00e1pidamente dan asistencia a sus colegas en la v\u00eda p\u00fablica y as\u00ed poder presentar a la sociedad los excelentes resultados de las \u00faltimas jornadas.<\/p>\n","protected":false},"excerpt":{"rendered":"<p>\u00a0 La fuerte acci\u00f3n desplegada por la Polic\u00eda Comunal dirigida por el Comisario Sergio Macedo en t\u00e9rminos de control vehicular &#8230; <a title=\"Intervenciones de la Polic\u00eda Comunal permite seguir recuperando motos con pedido de secuestro\" class=\"read-more\" href=\"https:\/\/www.hoymercedes.com.ar\/principal\/2018\/07\/10\/intervenciones-de-la-policia-comunal-permite-seguir-recuperando-motos-con-pedido-de-secuestro\/\" aria-label=\"Leer m\u00e1s sobre Intervenciones de la Polic\u00eda Comunal permite seguir recuperando motos con pedido de secuestro\">Leer m\u00e1s<\/a><\/p>\n","protected":false},"author":1,"featured_media":78390,"comment_status":"closed","ping_status":"open","sticky":false,"template":"","format":"standard","meta":{"_monsterinsights_skip_tracking":false,"_monsterinsights_sitenote_active":false,"_monsterinsights_sitenote_note":"","_monsterinsights_sitenote_category":0,"jetpack_post_was_ever_published":false,"_jetpack_newsletter_access":"","_jetpack_dont_email_post_to_subs":false,"_jetpack_newsletter_tier_id":0,"_jetpack_memberships_contains_paywalled_content":false,"_jetpack_memberships_contains_paid_content":false,"footnotes":"","jetpack_publicize_message":"","jetpack_publicize_feature_enabled":true,"jetpack_social_post_already_shared":true,"jetpack_social_options":{"image_generator_settings":{"template":"highway","default_image_id":0,"font":"","enabled":false},"version":2},"_wpas_customize_per_network":false},"categories":[85],"tags":[13444,10277],"class_list":["post-78389","post","type-post","status-publish","format-standard","has-post-thumbnail","hentry","category-policial","tag-recuperacion-de-motos","tag-sergio-macedo","generate-columns","tablet-grid-50","mobile-grid-100","grid-parent","grid-50"],"jetpack_publicize_connections":[],"jetpack_featured_media_url":"https:\/\/www.hoymercedes.com.ar\/principal\/wp-content\/uploads\/2018\/07\/moto1.jpeg","wps_subtitle":"Prevencion","jetpack_sharing_enabled":true,"_links":{"self":[{"href":"https:\/\/www.hoymercedes.com.ar\/principal\/wp-json\/wp\/v2\/posts\/78389","targetHints":{"allow":["GET"]}}],"collection":[{"href":"https:\/\/www.hoymercedes.com.ar\/principal\/wp-json\/wp\/v2\/posts"}],"about":[{"href":"https:\/\/www.hoymercedes.com.ar\/principal\/wp-json\/wp\/v2\/types\/post"}],"author":[{"embeddable":true,"href":"https:\/\/www.hoymercedes.com.ar\/principal\/wp-json\/wp\/v2\/users\/1"}],"replies":[{"embeddable":true,"href":"https:\/\/www.hoymercedes.com.ar\/principal\/wp-json\/wp\/v2\/comments?post=78389"}],"version-history":[{"count":0,"href":"https:\/\/www.hoymercedes.com.ar\/principal\/wp-json\/wp\/v2\/posts\/78389\/revisions"}],"wp:featuredmedia":[{"embeddable":true,"href":"https:\/\/www.hoymercedes.com.ar\/principal\/wp-json\/wp\/v2\/media\/78390"}],"wp:attachment":[{"href":"https:\/\/www.hoymercedes.com.ar\/principal\/wp-json\/wp\/v2\/media?parent=78389"}],"wp:term":[{"taxonomy":"category","embeddable":true,"href":"https:\/\/www.hoymercedes.com.ar\/principal\/wp-json\/wp\/v2\/categories?post=78389"},{"taxonomy":"post_tag","embeddable":true,"href":"https:\/\/www.hoymercedes.com.ar\/principal\/wp-json\/wp\/v2\/tags?post=78389"}],"curies":[{"name":"wp","href":"https:\/\/api.w.org\/{rel}","templated":true}]}}