{"id":7844,"date":"2011-10-02T02:22:34","date_gmt":"2011-10-02T02:22:34","guid":{"rendered":"http:\/\/www.hoymercedes.com.ar\/principal\/?p=7844"},"modified":"2011-10-02T02:22:34","modified_gmt":"2011-10-02T02:22:34","slug":"visito-una-vez-mas-nuestra-ciudad-la-diputada-margarita-stolbizer","status":"publish","type":"post","link":"https:\/\/www.hoymercedes.com.ar\/principal\/2011\/10\/02\/visito-una-vez-mas-nuestra-ciudad-la-diputada-margarita-stolbizer\/","title":{"rendered":"Visit\u00f3 una vez m\u00e1s nuestra ciudad la Diputada Margarita Stolbizer"},"content":{"rendered":"<p>Participo de un acto partidario del FAP en la Plaza San Mart\u00edn por dirigentes locales. Charlo con los vecinos y se reuni\u00f3 con representantes de la prensa<\/p>\n<p>Cumpliendo con su vista a nuestra ciudad que hab\u00eda sido postergada d\u00edas atr\u00e1s, ayer estuvo en Mercedes la candidata a Gobernadora por la provincia de Buenos Aires por el Frente Amplio Progresista Margarita Stolbizer qui\u00e9n sostuvo al dialogar con la prensa antes del encuentro propiamente dicho con vecinos de la ciudad \u201cmi llegada a Mercedes marca el final de un jornada muy intensa por varios partidos de la zona que comenzara esta ma\u00f1ana en Luj\u00e1n visitando una f\u00e1brica recuperada, para continuar en San Andr\u00e9s de Giles para llegar a Carmen de Areco y ahora a esta ciudad, una caravana que la hacemos con el entusiasmo que significa o que nos da sobre todo la convicci\u00f3n en esta herramienta tan importante que hemos logrado construir con el Frente Amplio Progresista.<\/p>\n<p>El FAP es la construcci\u00f3n y la amalgama de distintas fuerzas pol\u00edticas, de distintas historias partidarias y sociales, de algunos que durante muchos a\u00f1os trabajamos juntos en las grandes reivindicaciones populares acompa\u00f1ando luchas sociales y hasta protagoniz\u00e1ndolas, y cuando llegaban los tiempos electorales nuestros caminos se separaban y esta vez hemos logrado cumplir ese sue\u00f1o de haber trasmitido al plano de lo electoral aquellas construcciones que nosotros ten\u00edamos en nuestro reconocimiento en la lucha social.<\/p>\n<p>Esta herramienta ten\u00eda al 14 de agosto, que fue este test de la interna partidaria cinco semanas de existencia, casi era como que nos est\u00e1bamos conociendo entre nosotros, y por sobre todas las cosas discutiendo lo que hoy es el programa de gobierno del Frente Amplio Progresista.<\/p>\n<p>En esa tarea de construcci\u00f3n de las cinco semanas logramos un nivel de conocimiento p\u00fablico de nuestras propuestas y de nuestros candidatos y nos toco competir electoralmente con algunos que eran vendidos por los grandes aparatos medi\u00e1ticos como los monstruos de la pol\u00edtica que iban a polarizar la elecci\u00f3n con Cristina, que hasta se la iban a ganar, los que ven\u00edan de las viejas estructuras partidarias y que parec\u00edan que estaban en la etapa de recuperaci\u00f3n y as\u00ed instalaron la fantas\u00eda del voto \u00fanico y la polarizaci\u00f3n.<\/p>\n<p>El 14 de agosto marco que hubo un apoyo contundente que nosotros reconocemos al modelo oficialista, hay una mitad de la gente que est\u00e1 de acuerdo en darle continuidad al mismo, pero atenci\u00f3n que tambi\u00e9n hay otra mitad de la gente que lo que quiere es un cambio, hay otra mitad que le sigue dando importancia a los valores, a la cultura, a redistribuci\u00f3n de la riqueza y en ese sentido es que esa mitad de la poblaci\u00f3n reclam\u00f3 el cambio.<\/p>\n<p>Y a esa gente, a ese sector es a donde se encuentra dirigida en esta etapa nuestra acci\u00f3n pol\u00edtica porque lo que pretendemos es expresar a todos aquellos que quieren un verdadero cambio sostenido en la recuperaci\u00f3n de los valores y lo hacemos en una campa\u00f1a en la cual reivindicamos la pol\u00edtica y nuestra condici\u00f3n de militantes\u201d<\/p>\n<p>Luego la dirigente del GEN en primera instancia, y luego del FAP respondi\u00f3 preguntas de la gente durante varios minutos.<\/p>\n","protected":false},"excerpt":{"rendered":"<p>Participo de un acto partidario del FAP en la Plaza San Mart\u00edn por dirigentes locales. Charlo con los vecinos y &#8230; <a title=\"Visit\u00f3 una vez m\u00e1s nuestra ciudad la Diputada Margarita Stolbizer\" class=\"read-more\" href=\"https:\/\/www.hoymercedes.com.ar\/principal\/2011\/10\/02\/visito-una-vez-mas-nuestra-ciudad-la-diputada-margarita-stolbizer\/\" aria-label=\"Leer m\u00e1s sobre Visit\u00f3 una vez m\u00e1s nuestra ciudad la Diputada Margarita Stolbizer\">Leer m\u00e1s<\/a><\/p>\n","protected":false},"author":1,"featured_media":0,"comment_status":"open","ping_status":"open","sticky":false,"template":"","format":"standard","meta":{"_monsterinsights_skip_tracking":false,"_monsterinsights_sitenote_active":false,"_monsterinsights_sitenote_note":"","_monsterinsights_sitenote_category":0,"jetpack_post_was_ever_published":false,"_jetpack_newsletter_access":"","_jetpack_dont_email_post_to_subs":false,"_jetpack_newsletter_tier_id":0,"_jetpack_memberships_contains_paywalled_content":false,"_jetpack_memberships_contains_paid_content":false,"footnotes":"","jetpack_publicize_message":"","jetpack_publicize_feature_enabled":true,"jetpack_social_post_already_shared":false,"jetpack_social_options":{"image_generator_settings":{"template":"highway","default_image_id":0,"font":"","enabled":false},"version":2},"_wpas_customize_per_network":false},"categories":[5],"tags":[315,1387],"class_list":["post-7844","post","type-post","status-publish","format-standard","hentry","category-politica","tag-luis-colao","tag-margarita-stolbizer","generate-columns","tablet-grid-50","mobile-grid-100","grid-parent","grid-50"],"jetpack_publicize_connections":[],"jetpack_featured_media_url":"","wps_subtitle":"","jetpack_sharing_enabled":true,"_links":{"self":[{"href":"https:\/\/www.hoymercedes.com.ar\/principal\/wp-json\/wp\/v2\/posts\/7844","targetHints":{"allow":["GET"]}}],"collection":[{"href":"https:\/\/www.hoymercedes.com.ar\/principal\/wp-json\/wp\/v2\/posts"}],"about":[{"href":"https:\/\/www.hoymercedes.com.ar\/principal\/wp-json\/wp\/v2\/types\/post"}],"author":[{"embeddable":true,"href":"https:\/\/www.hoymercedes.com.ar\/principal\/wp-json\/wp\/v2\/users\/1"}],"replies":[{"embeddable":true,"href":"https:\/\/www.hoymercedes.com.ar\/principal\/wp-json\/wp\/v2\/comments?post=7844"}],"version-history":[{"count":0,"href":"https:\/\/www.hoymercedes.com.ar\/principal\/wp-json\/wp\/v2\/posts\/7844\/revisions"}],"wp:attachment":[{"href":"https:\/\/www.hoymercedes.com.ar\/principal\/wp-json\/wp\/v2\/media?parent=7844"}],"wp:term":[{"taxonomy":"category","embeddable":true,"href":"https:\/\/www.hoymercedes.com.ar\/principal\/wp-json\/wp\/v2\/categories?post=7844"},{"taxonomy":"post_tag","embeddable":true,"href":"https:\/\/www.hoymercedes.com.ar\/principal\/wp-json\/wp\/v2\/tags?post=7844"}],"curies":[{"name":"wp","href":"https:\/\/api.w.org\/{rel}","templated":true}]}}