{"id":78480,"date":"2018-07-12T13:59:26","date_gmt":"2018-07-12T16:59:26","guid":{"rendered":"http:\/\/www.hoymercedes.com.ar\/principal\/?p=78480"},"modified":"2018-07-12T11:13:00","modified_gmt":"2018-07-12T14:13:00","slug":"inauguran-muestra-del-anuario-de-ilustradores","status":"publish","type":"post","link":"https:\/\/www.hoymercedes.com.ar\/principal\/2018\/07\/12\/inauguran-muestra-del-anuario-de-ilustradores\/","title":{"rendered":"Inauguran muestra del anuario de ilustradores"},"content":{"rendered":"<p>Este s\u00e1bado 14 de julio a la hora 18, el Museo de Arte Municipalidad de Mercedes abrir\u00e1 las puertas de una nueva muestra: el Anuario de Ilustradores.\u00a0Se trata de un colectivo que se re\u00fane para exponer lo que sus participantes producen de forma individual y grupal en muestras, murales, eventos o publicaciones.<\/p>\n<p>Este colectivo art\u00edstico empez\u00f3 hace 11 a\u00f1os con doce integrantes y a lo largo del tiempo pasaron m\u00e1s de 200. Manteniendo una propuesta plural y diversa, a trav\u00e9s de formatos y soportes distintos con sus m\u00faltiples expresiones, trata de hacer visible no solo sus obras sino lo que los colectivos, las personas y el trabajo en conjunto pueden lograr.<\/p>\n<p>Durante la inauguraci\u00f3n habr\u00e1 una charla con los artistas que dar\u00e1n un breve taller de dibujo e ilustraci\u00f3n llamado \u00abJugando al cad\u00e1ver exquisito\u00bb, donde por medio de ejercicios cortos y simples, desde el azar y lo l\u00fadico, se construir\u00e1 entre todos una obra.<\/p>\n<p>Fuente: MAMM<\/p>\n<p><img loading=\"lazy\" decoding=\"async\" data-attachment-id=\"78481\" data-permalink=\"https:\/\/www.hoymercedes.com.ar\/principal\/2018\/07\/12\/inauguran-muestra-del-anuario-de-ilustradores\/12-flyer_mamm-01\/#main\" data-orig-file=\"https:\/\/www.hoymercedes.com.ar\/principal\/wp-content\/uploads\/2018\/07\/12-flyer_MAMM-01.jpg\" data-orig-size=\"620,877\" data-comments-opened=\"0\" data-image-meta=\"{&quot;aperture&quot;:&quot;0&quot;,&quot;credit&quot;:&quot;&quot;,&quot;camera&quot;:&quot;&quot;,&quot;caption&quot;:&quot;&quot;,&quot;created_timestamp&quot;:&quot;0&quot;,&quot;copyright&quot;:&quot;&quot;,&quot;focal_length&quot;:&quot;0&quot;,&quot;iso&quot;:&quot;0&quot;,&quot;shutter_speed&quot;:&quot;0&quot;,&quot;title&quot;:&quot;&quot;,&quot;orientation&quot;:&quot;0&quot;}\" data-image-title=\"12 flyer_MAMM-01\" data-image-description=\"\" data-image-caption=\"\" data-large-file=\"https:\/\/www.hoymercedes.com.ar\/principal\/wp-content\/uploads\/2018\/07\/12-flyer_MAMM-01.jpg\" class=\"aligncenter size-medium wp-image-78481\" src=\"https:\/\/www.hoymercedes.com.ar\/principal\/wp-content\/uploads\/2018\/07\/12-flyer_MAMM-01-438x620.jpg\" alt=\"\" width=\"438\" height=\"620\" srcset=\"https:\/\/www.hoymercedes.com.ar\/principal\/wp-content\/uploads\/2018\/07\/12-flyer_MAMM-01-438x620.jpg 438w, https:\/\/www.hoymercedes.com.ar\/principal\/wp-content\/uploads\/2018\/07\/12-flyer_MAMM-01-106x150.jpg 106w, https:\/\/www.hoymercedes.com.ar\/principal\/wp-content\/uploads\/2018\/07\/12-flyer_MAMM-01.jpg 620w\" sizes=\"auto, (max-width: 438px) 100vw, 438px\" \/><\/p>\n","protected":false},"excerpt":{"rendered":"<p>Este s\u00e1bado 14 de julio a la hora 18, el Museo de Arte Municipalidad de Mercedes abrir\u00e1 las puertas de &#8230; <a title=\"Inauguran muestra del anuario de ilustradores\" class=\"read-more\" href=\"https:\/\/www.hoymercedes.com.ar\/principal\/2018\/07\/12\/inauguran-muestra-del-anuario-de-ilustradores\/\" aria-label=\"Leer m\u00e1s sobre Inauguran muestra del anuario de ilustradores\">Leer m\u00e1s<\/a><\/p>\n","protected":false},"author":1,"featured_media":78482,"comment_status":"closed","ping_status":"open","sticky":false,"template":"","format":"standard","meta":{"_monsterinsights_skip_tracking":false,"_monsterinsights_sitenote_active":false,"_monsterinsights_sitenote_note":"","_monsterinsights_sitenote_category":0,"jetpack_post_was_ever_published":false,"_jetpack_newsletter_access":"","_jetpack_dont_email_post_to_subs":false,"_jetpack_newsletter_tier_id":0,"_jetpack_memberships_contains_paywalled_content":false,"_jetpack_memberships_contains_paid_content":false,"footnotes":"","jetpack_publicize_message":"","jetpack_publicize_feature_enabled":true,"jetpack_social_post_already_shared":true,"jetpack_social_options":{"image_generator_settings":{"template":"highway","default_image_id":0,"font":"","enabled":false},"version":2},"_wpas_customize_per_network":false},"categories":[104],"tags":[13458,7805,8674,8715,10869],"class_list":["post-78480","post","type-post","status-publish","format-standard","has-post-thumbnail","hentry","category-cultura","tag-anuario-de-ilustradores","tag-cultura","tag-mamm","tag-muestra","tag-museo-de-arte","generate-columns","tablet-grid-50","mobile-grid-100","grid-parent","grid-50"],"jetpack_publicize_connections":[],"jetpack_featured_media_url":"https:\/\/www.hoymercedes.com.ar\/principal\/wp-content\/uploads\/2018\/07\/12-flyer_MAMM-02.jpg","wps_subtitle":"Este s\u00e1bado 14 en MAMM","jetpack_sharing_enabled":true,"_links":{"self":[{"href":"https:\/\/www.hoymercedes.com.ar\/principal\/wp-json\/wp\/v2\/posts\/78480","targetHints":{"allow":["GET"]}}],"collection":[{"href":"https:\/\/www.hoymercedes.com.ar\/principal\/wp-json\/wp\/v2\/posts"}],"about":[{"href":"https:\/\/www.hoymercedes.com.ar\/principal\/wp-json\/wp\/v2\/types\/post"}],"author":[{"embeddable":true,"href":"https:\/\/www.hoymercedes.com.ar\/principal\/wp-json\/wp\/v2\/users\/1"}],"replies":[{"embeddable":true,"href":"https:\/\/www.hoymercedes.com.ar\/principal\/wp-json\/wp\/v2\/comments?post=78480"}],"version-history":[{"count":0,"href":"https:\/\/www.hoymercedes.com.ar\/principal\/wp-json\/wp\/v2\/posts\/78480\/revisions"}],"wp:featuredmedia":[{"embeddable":true,"href":"https:\/\/www.hoymercedes.com.ar\/principal\/wp-json\/wp\/v2\/media\/78482"}],"wp:attachment":[{"href":"https:\/\/www.hoymercedes.com.ar\/principal\/wp-json\/wp\/v2\/media?parent=78480"}],"wp:term":[{"taxonomy":"category","embeddable":true,"href":"https:\/\/www.hoymercedes.com.ar\/principal\/wp-json\/wp\/v2\/categories?post=78480"},{"taxonomy":"post_tag","embeddable":true,"href":"https:\/\/www.hoymercedes.com.ar\/principal\/wp-json\/wp\/v2\/tags?post=78480"}],"curies":[{"name":"wp","href":"https:\/\/api.w.org\/{rel}","templated":true}]}}