{"id":7851,"date":"2011-10-02T02:25:43","date_gmt":"2011-10-02T02:25:43","guid":{"rendered":"http:\/\/www.hoymercedes.com.ar\/principal\/?p=7851"},"modified":"2011-10-02T02:25:43","modified_gmt":"2011-10-02T02:25:43","slug":"selva-brindo-detalladamente-los-datos-finales-de-la-fiesta-del-salame","status":"publish","type":"post","link":"https:\/\/www.hoymercedes.com.ar\/principal\/2011\/10\/02\/selva-brindo-detalladamente-los-datos-finales-de-la-fiesta-del-salame\/","title":{"rendered":"Selva brind\u00f3 detalladamente los datos finales de la Fiesta del Salame"},"content":{"rendered":"<p>El Intendente Carlos Selva acompa\u00f1ado por el Director de Turismo Marcelo Melo y el Contador Marcelo Gorosito dieron a conocer ayer durante una conferencia de prensa los datos finales en materia econ\u00f3mica de la Edici\u00f3n 2011 de la Fiesta Nacional del Salame Quintero.<\/p>\n<p>El mandatario sostuvo \u201choy tenemos como aditamento la presencia de nuestra nueva soberana tratando de formalizar dos cosas que tienen que ver con el evento que todos los mercedinos disfrutamos muchos por la amplia implicancia previa y posterior que tuvo esta edici\u00f3n de la Fiesta Nacional del Salame Quintero.<\/p>\n<p>M\u00e1s que nunca este a\u00f1o la Fiesta colm\u00f3 todas las expectativas que siempre tenemos los mercedinos por lo cual realmente todo el grupo organizador se siente sumamente orgulloso porque la misma es un motor del desarrollo y la movilidad del mini turismo<\/p>\n<p>Toda la gente que ha venido a la Fiesta se han sentido muy motivados y sabemos por los informes que recibimos en la Direcci\u00f3n de turismo que muchas de ellas ya han regresado nuevamente para pasar un fin de semana, as\u00ed que se cumplieron todos los objetivos.<\/p>\n<p>Hay cosas que son importantes que la gente pueda conocer acerca de la gesti\u00f3n, una es cumplir con nuestra Soberana con lo prometido y para ello la Empresa Sacson hab\u00eda comprometido entregarle una moto 0Km como una forma de sumarse a la organizaci\u00f3n del evento.<\/p>\n<p>Por otra parte reci\u00e9n ahora puedo decirlo porque antes no nos daban el permiso correspondiente, tenemos que agradecer el aporte que nos hicieron dos empresas que reci\u00e9n en estos d\u00edas nos autorizaron a mencionarlas hicieron posible algo muy importante como fue la presencia de los dos n\u00fameros centrales, por un lado la empresa de colectivos Atl\u00e1ntida fue la que se hizo cargo del pago a Jorge Rojas y su grupo, mientras que la empresa Innova solvent\u00f3 los gastos de la presencia de Soledad, esto hace que pudi\u00e9semos cerrar las cuentas con n\u00fameros m\u00e1s que optimistas esta edici\u00f3n.<\/p>\n<p>De acuerdo al informe entregado por la parte contable de la organizaci\u00f3n, se registr\u00f3 un egreso debido a toda la infraestructura que se necesita para dejar el predio en condiciones y todo armado para comenzar con el evento de $ 665.636,75.<\/p>\n<p>Los ingresos, es decir la recaudaci\u00f3n que hemos tenido fue de $ 707.000 haciendo con las cantinas, los stands, los remates y otros \u00edtems un total de 959.245 pesos, lo que hace que hayamos tenido un superavit de casi Trescientos Mil pesos, concretamente Doscientos Noventa y Tres mil pesos ( $ 293.000) que han ingresado a la partida Eventos que es con la cual tambi\u00e9n financiamos otros espect\u00e1culos, por ejemplo la Fiesta del Durazno y la realizaci\u00f3n de diferentes tipo de eventos.<\/p>\n<p>Realmente nos sentimos muy contentos porque esto nos permite planificar mucho mejor las cosas para las pr\u00f3ximas ediciones.<\/p>\n<p>Pero hay un detalle mucho m\u00e1s importante aun que quiero dar a conocer y tiene que ver con los veh\u00edculos de quienes asistieron a la fiesta teniendo en cuenta que en el estacionamiento cerrado que junto a Bomberos se realiz\u00f3 el cobro del mismo hubo tres mil doscientos autos y en las calles adyacentes al predio casi otra cifra igual yopar\u00e1 orgullo de los mercedinos tenemos que decir que no debimos soportar la rotura de un solo vidrio, de ninguna luneta ni el robo de tan solo un stereo y eso es muy importante porque nadie de las personas de afuera puede decir que en Mercedes los trataron mal, les rompieron el auto o le robaron cosas, insisto eso es un verdadero orgullo para todos nosotros ya que nadie podr\u00e1 cuestionar como fueron recibidos y tratados en nuestra ciudad\u201d para luego agregar que de lo recaudado por el estacionamiento el Cuerpo de Bomberos Voluntarios recibi\u00f3 Veinte Milpesos y el Club V\u00e9lez alrededor de seis mil.<\/p>\n<p>Con relaci\u00f3n a las entradas efectivamente vendidas, Selva dijo \u201ca lo largo de las tres jornadas se vendieron de manera efectiva, contando las anticipadas, m\u00e1s de 29,000 entradas y a las mismas hay que sumar toda la gente que necesariamente debe estar dentro del predio, responsables de stands, de los puestos de productores y las carpas, el sonido y la iluminaci\u00f3n, el personal de mantenimiento de guardia, de seguridad, etc., y los chicos menores de 12 a\u00f1os que no pagaban se supera las cuarenta mil personas en las tres jornadas\u201d<\/p>\n","protected":false},"excerpt":{"rendered":"<p>El Intendente Carlos Selva acompa\u00f1ado por el Director de Turismo Marcelo Melo y el Contador Marcelo Gorosito dieron a conocer &#8230; <a title=\"Selva brind\u00f3 detalladamente los datos finales de la Fiesta del Salame\" class=\"read-more\" href=\"https:\/\/www.hoymercedes.com.ar\/principal\/2011\/10\/02\/selva-brindo-detalladamente-los-datos-finales-de-la-fiesta-del-salame\/\" aria-label=\"Leer m\u00e1s sobre Selva brind\u00f3 detalladamente los datos finales de la Fiesta del Salame\">Leer m\u00e1s<\/a><\/p>\n","protected":false},"author":1,"featured_media":0,"comment_status":"open","ping_status":"open","sticky":false,"template":"","format":"standard","meta":{"_monsterinsights_skip_tracking":false,"_monsterinsights_sitenote_active":false,"_monsterinsights_sitenote_note":"","_monsterinsights_sitenote_category":0,"jetpack_post_was_ever_published":false,"_jetpack_newsletter_access":"","_jetpack_dont_email_post_to_subs":false,"_jetpack_newsletter_tier_id":0,"_jetpack_memberships_contains_paywalled_content":false,"_jetpack_memberships_contains_paid_content":false,"footnotes":"","jetpack_publicize_message":"","jetpack_publicize_feature_enabled":true,"jetpack_social_post_already_shared":false,"jetpack_social_options":{"image_generator_settings":{"template":"highway","default_image_id":0,"font":"","enabled":false},"version":2},"_wpas_customize_per_network":false},"categories":[30],"tags":[1110,18],"class_list":["post-7851","post","type-post","status-publish","format-standard","hentry","category-municipio","tag-fiesta-del-salame","tag-selva","generate-columns","tablet-grid-50","mobile-grid-100","grid-parent","grid-50"],"jetpack_publicize_connections":[],"jetpack_featured_media_url":"","wps_subtitle":"","jetpack_sharing_enabled":true,"_links":{"self":[{"href":"https:\/\/www.hoymercedes.com.ar\/principal\/wp-json\/wp\/v2\/posts\/7851","targetHints":{"allow":["GET"]}}],"collection":[{"href":"https:\/\/www.hoymercedes.com.ar\/principal\/wp-json\/wp\/v2\/posts"}],"about":[{"href":"https:\/\/www.hoymercedes.com.ar\/principal\/wp-json\/wp\/v2\/types\/post"}],"author":[{"embeddable":true,"href":"https:\/\/www.hoymercedes.com.ar\/principal\/wp-json\/wp\/v2\/users\/1"}],"replies":[{"embeddable":true,"href":"https:\/\/www.hoymercedes.com.ar\/principal\/wp-json\/wp\/v2\/comments?post=7851"}],"version-history":[{"count":0,"href":"https:\/\/www.hoymercedes.com.ar\/principal\/wp-json\/wp\/v2\/posts\/7851\/revisions"}],"wp:attachment":[{"href":"https:\/\/www.hoymercedes.com.ar\/principal\/wp-json\/wp\/v2\/media?parent=7851"}],"wp:term":[{"taxonomy":"category","embeddable":true,"href":"https:\/\/www.hoymercedes.com.ar\/principal\/wp-json\/wp\/v2\/categories?post=7851"},{"taxonomy":"post_tag","embeddable":true,"href":"https:\/\/www.hoymercedes.com.ar\/principal\/wp-json\/wp\/v2\/tags?post=7851"}],"curies":[{"name":"wp","href":"https:\/\/api.w.org\/{rel}","templated":true}]}}