{"id":78510,"date":"2018-07-13T07:14:02","date_gmt":"2018-07-13T10:14:02","guid":{"rendered":"http:\/\/www.hoymercedes.com.ar\/principal\/?p=78510"},"modified":"2018-07-14T10:36:00","modified_gmt":"2018-07-14T13:36:00","slug":"jugadoras-de-estudiantes-y-mercedes-disputaron-un-partido-en-la-unidad-5","status":"publish","type":"post","link":"https:\/\/www.hoymercedes.com.ar\/principal\/2018\/07\/13\/jugadoras-de-estudiantes-y-mercedes-disputaron-un-partido-en-la-unidad-5\/","title":{"rendered":"Jugadoras de Estudiantes y Mercedes disputaron un partido en la Unidad 5"},"content":{"rendered":"<p>El jueves pasado internas de la Unidad 5 de Mercedes jugaron un partido amistoso de f\u00fatbol contra jugadoras de los clubes locales Mercedes y Estudiantes.<\/p>\n<p><img loading=\"lazy\" decoding=\"async\" data-attachment-id=\"78511\" data-permalink=\"https:\/\/www.hoymercedes.com.ar\/principal\/2018\/07\/13\/jugadoras-de-estudiantes-y-mercedes-disputaron-un-partido-en-la-unidad-5\/20180705_162110_resized-1\/#main\" data-orig-file=\"https:\/\/www.hoymercedes.com.ar\/principal\/wp-content\/uploads\/2018\/07\/20180705_162110_resized-1.jpg\" data-orig-size=\"1280,720\" data-comments-opened=\"0\" data-image-meta=\"{&quot;aperture&quot;:&quot;0&quot;,&quot;credit&quot;:&quot;&quot;,&quot;camera&quot;:&quot;&quot;,&quot;caption&quot;:&quot;&quot;,&quot;created_timestamp&quot;:&quot;0&quot;,&quot;copyright&quot;:&quot;&quot;,&quot;focal_length&quot;:&quot;0&quot;,&quot;iso&quot;:&quot;0&quot;,&quot;shutter_speed&quot;:&quot;0&quot;,&quot;title&quot;:&quot;&quot;,&quot;orientation&quot;:&quot;0&quot;}\" data-image-title=\"20180705_162110_resized (1)\" data-image-description=\"\" data-image-caption=\"\" data-large-file=\"https:\/\/www.hoymercedes.com.ar\/principal\/wp-content\/uploads\/2018\/07\/20180705_162110_resized-1-1024x576.jpg\" class=\"aligncenter size-medium wp-image-78511\" src=\"https:\/\/www.hoymercedes.com.ar\/principal\/wp-content\/uploads\/2018\/07\/20180705_162110_resized-1-630x354.jpg\" alt=\"\" width=\"630\" height=\"354\" srcset=\"https:\/\/www.hoymercedes.com.ar\/principal\/wp-content\/uploads\/2018\/07\/20180705_162110_resized-1-630x354.jpg 630w, https:\/\/www.hoymercedes.com.ar\/principal\/wp-content\/uploads\/2018\/07\/20180705_162110_resized-1-150x84.jpg 150w, https:\/\/www.hoymercedes.com.ar\/principal\/wp-content\/uploads\/2018\/07\/20180705_162110_resized-1-1024x576.jpg 1024w, https:\/\/www.hoymercedes.com.ar\/principal\/wp-content\/uploads\/2018\/07\/20180705_162110_resized-1.jpg 1280w\" sizes=\"auto, (max-width: 630px) 100vw, 630px\" \/><\/p>\n<p>La jornada deportiva consisti\u00f3 en un partido de dos tiempos de 40 minutos cada uno, organizadas en seis participantes por equipo que rotaban para que todas puedan participar.<\/p>\n<p>Las jugadoras que visitaron el establecimiento penitenciario fueron Natalia Soledad Mart\u00edn, Vanesa Carolina L\u00f3pez, Milagros Dafne Corrado, Ana Laura Brea Steimbrenner, Sandra Valeria Alomar, Yanina Beatriz Leiva, Liliana Rodr\u00edguez y Agustina Zunino. Varias de ellas, hab\u00edan concurrido con anterioridad a la Unidad 5 y coincidieron en se\u00f1alar lo grato que es poder realizar estos encuentros.<\/p>\n<p>La organizaci\u00f3n de la actividad estuvo a cargo de los profesores de educaci\u00f3n f\u00edsica Ramiro C\u00e1rdenas, Diego Moles y Mart\u00edn Borsalino. Tambi\u00e9n estuvieron coordinando el evento la Lic. Mar\u00eda de las Mercedes Gigena del Patronato de Liberados y Celeste Burone de la Oficina de Pre Egreso.<\/p>\n<p>Para culminar la jornada deportiva todas las presentes compartieron una merienda en el SUM donde conversaron acerca de la importancia de socializar y los beneficios de la pr\u00e1ctica deportiva.<\/p>\n","protected":false},"excerpt":{"rendered":"<p>El jueves pasado internas de la Unidad 5 de Mercedes jugaron un partido amistoso de f\u00fatbol contra jugadoras de los &#8230; <a title=\"Jugadoras de Estudiantes y Mercedes disputaron un partido en la Unidad 5\" class=\"read-more\" href=\"https:\/\/www.hoymercedes.com.ar\/principal\/2018\/07\/13\/jugadoras-de-estudiantes-y-mercedes-disputaron-un-partido-en-la-unidad-5\/\" aria-label=\"Leer m\u00e1s sobre Jugadoras de Estudiantes y Mercedes disputaron un partido en la Unidad 5\">Leer m\u00e1s<\/a><\/p>\n","protected":false},"author":1,"featured_media":78511,"comment_status":"closed","ping_status":"open","sticky":false,"template":"","format":"standard","meta":{"_monsterinsights_skip_tracking":false,"_monsterinsights_sitenote_active":false,"_monsterinsights_sitenote_note":"","_monsterinsights_sitenote_category":0,"jetpack_post_was_ever_published":false,"_jetpack_newsletter_access":"","_jetpack_dont_email_post_to_subs":false,"_jetpack_newsletter_tier_id":0,"_jetpack_memberships_contains_paywalled_content":false,"_jetpack_memberships_contains_paid_content":false,"footnotes":"","jetpack_publicize_message":"","jetpack_publicize_feature_enabled":true,"jetpack_social_post_already_shared":true,"jetpack_social_options":{"image_generator_settings":{"template":"highway","default_image_id":0,"font":"","enabled":false},"version":2},"_wpas_customize_per_network":false},"categories":[21],"tags":[204,895,1901],"class_list":["post-78510","post","type-post","status-publish","format-standard","has-post-thumbnail","hentry","category-deportes","tag-deportes-2","tag-futbol-femenino","tag-liga-mercedina","generate-columns","tablet-grid-50","mobile-grid-100","grid-parent","grid-50"],"jetpack_publicize_connections":[],"jetpack_featured_media_url":"https:\/\/www.hoymercedes.com.ar\/principal\/wp-content\/uploads\/2018\/07\/20180705_162110_resized-1.jpg","wps_subtitle":"F\u00fatbol Femenino","jetpack_sharing_enabled":true,"_links":{"self":[{"href":"https:\/\/www.hoymercedes.com.ar\/principal\/wp-json\/wp\/v2\/posts\/78510","targetHints":{"allow":["GET"]}}],"collection":[{"href":"https:\/\/www.hoymercedes.com.ar\/principal\/wp-json\/wp\/v2\/posts"}],"about":[{"href":"https:\/\/www.hoymercedes.com.ar\/principal\/wp-json\/wp\/v2\/types\/post"}],"author":[{"embeddable":true,"href":"https:\/\/www.hoymercedes.com.ar\/principal\/wp-json\/wp\/v2\/users\/1"}],"replies":[{"embeddable":true,"href":"https:\/\/www.hoymercedes.com.ar\/principal\/wp-json\/wp\/v2\/comments?post=78510"}],"version-history":[{"count":0,"href":"https:\/\/www.hoymercedes.com.ar\/principal\/wp-json\/wp\/v2\/posts\/78510\/revisions"}],"wp:featuredmedia":[{"embeddable":true,"href":"https:\/\/www.hoymercedes.com.ar\/principal\/wp-json\/wp\/v2\/media\/78511"}],"wp:attachment":[{"href":"https:\/\/www.hoymercedes.com.ar\/principal\/wp-json\/wp\/v2\/media?parent=78510"}],"wp:term":[{"taxonomy":"category","embeddable":true,"href":"https:\/\/www.hoymercedes.com.ar\/principal\/wp-json\/wp\/v2\/categories?post=78510"},{"taxonomy":"post_tag","embeddable":true,"href":"https:\/\/www.hoymercedes.com.ar\/principal\/wp-json\/wp\/v2\/tags?post=78510"}],"curies":[{"name":"wp","href":"https:\/\/api.w.org\/{rel}","templated":true}]}}