{"id":78528,"date":"2018-07-14T08:26:20","date_gmt":"2018-07-14T11:26:20","guid":{"rendered":"http:\/\/www.hoymercedes.com.ar\/principal\/?p=78528"},"modified":"2018-07-14T10:36:44","modified_gmt":"2018-07-14T13:36:44","slug":"importantes-cambios-para-la-proxima-doble-bragado","status":"publish","type":"post","link":"https:\/\/www.hoymercedes.com.ar\/principal\/2018\/07\/14\/importantes-cambios-para-la-proxima-doble-bragado\/","title":{"rendered":"Importantes cambios para la pr\u00f3xima Doble Bragado"},"content":{"rendered":"<p><strong>arciclismo.com.ar<\/strong> El Club Ciclista Naci\u00f3n, organizador de la competencia cicl\u00edstica por equipos y de ruta m\u00e1s antigua del pa\u00eds, le realiz\u00f3 varios cambios a la competencia que como habitualmente ocurre, tiene el final de la primera etapa en Mercedes y el inicio de la \u00faltima, tambi\u00e9n.<\/p>\n<p><img loading=\"lazy\" decoding=\"async\" data-attachment-id=\"78529\" data-permalink=\"https:\/\/www.hoymercedes.com.ar\/principal\/2018\/07\/14\/importantes-cambios-para-la-proxima-doble-bragado\/doble-bragado-etapa-6-2\/#main\" data-orig-file=\"https:\/\/www.hoymercedes.com.ar\/principal\/wp-content\/uploads\/2018\/07\/Doble-Bragado-etapa-6.jpg\" data-orig-size=\"581,350\" data-comments-opened=\"0\" data-image-meta=\"{&quot;aperture&quot;:&quot;0&quot;,&quot;credit&quot;:&quot;&quot;,&quot;camera&quot;:&quot;&quot;,&quot;caption&quot;:&quot;&quot;,&quot;created_timestamp&quot;:&quot;0&quot;,&quot;copyright&quot;:&quot;&quot;,&quot;focal_length&quot;:&quot;0&quot;,&quot;iso&quot;:&quot;0&quot;,&quot;shutter_speed&quot;:&quot;0&quot;,&quot;title&quot;:&quot;&quot;,&quot;orientation&quot;:&quot;0&quot;}\" data-image-title=\"Doble Bragado etapa 6\" data-image-description=\"\" data-image-caption=\"\" data-large-file=\"https:\/\/www.hoymercedes.com.ar\/principal\/wp-content\/uploads\/2018\/07\/Doble-Bragado-etapa-6.jpg\" class=\"aligncenter size-full wp-image-78529\" src=\"https:\/\/www.hoymercedes.com.ar\/principal\/wp-content\/uploads\/2018\/07\/Doble-Bragado-etapa-6.jpg\" alt=\"\" width=\"581\" height=\"350\" srcset=\"https:\/\/www.hoymercedes.com.ar\/principal\/wp-content\/uploads\/2018\/07\/Doble-Bragado-etapa-6.jpg 581w, https:\/\/www.hoymercedes.com.ar\/principal\/wp-content\/uploads\/2018\/07\/Doble-Bragado-etapa-6-150x90.jpg 150w\" sizes=\"auto, (max-width: 581px) 100vw, 581px\" \/><\/p>\n<p>En cuanto al Reglamento clasificatorio, el cupo de participaci\u00f3n de la 84\u00aa Doble Bragado ser\u00e1 de 18 equipos de 7 integrantes (126 ciclistas).\u00a0En cada equipo deber\u00e1 haber m\u00ednimo 2 ciclistas de categor\u00eda Sub 23.<\/p>\n<p>De los 18 equipos que participar\u00e1n de la 84\u00aa Doble Bragado, 10 de ellos deber\u00e1n superar un per\u00edodo clasificatorio y otros 8 ser\u00e1n invitados por la Comisi\u00f3n Directiva del\u00a0Club Ciclista Nacion.<\/p>\n<p>El per\u00edodo de clasificaci\u00f3n empezar\u00e1 a partir del 25 de agosto y se extender\u00e1 hasta el 20 de diciembre, \u00faltima competencia puntuable para el ranking.<\/p>\n<p>Los primeros 15 puestos de cada fecha clasificatoria otorgar\u00e1n puntos para el ranking, los equipos que ubiquen ciclistas dentro de esos primeros 15 puestos sumar\u00e1n dichos puntos siempre que al menos 3 ciclistas del mismo equipo completen la competencia.<\/p>\n<p>Si los tres ciclistas del mismo equipo clasifican entre los mejores 15, el equipo sumar\u00e1 todos los puntos conseguidos por sus ciclistas.<\/p>\n<p>Pos. \u2013 Puntos<br \/>\n1\u00ba 150<br \/>\n2\u00ba 120<br \/>\n3\u00ba 100<br \/>\n4\u00ba 90<br \/>\n5\u00ba 80<br \/>\n6\u00ba 70<br \/>\n7\u00ba 60<br \/>\n8\u00ba 55<br \/>\n9\u00ba 50<br \/>\n10\u00ba 45<br \/>\n11\u00ba 40<br \/>\n12\u00ba 35<br \/>\n13\u00ba 30<br \/>\n14\u00ba 20<br \/>\n15\u00ba 10<\/p>\n<p>Para participar de la clasificaci\u00f3n a la 84\u00aa Doble Bragado los equipos deber\u00e1n inscribirse con el Club Ciclista Naci\u00f3n presentando una n\u00f3mina de 8 ciclistas, los cuales sumar\u00e1n puntos durante los meses previos a la prueba.<\/p>\n<p>En cada competencia del ranking los equipos inscriptos deber\u00e1n presentarse con un m\u00ednimo de 4 ciclistas para poder sumar puntos.<\/p>\n<p>Todos los integrantes del equipo deber\u00e1n participar de al menos 2 fechas del ranking clasificatorio para poder luego competir en la Doble Bragado.<\/p>\n<p>En cada competencia del ranking clasificatorio todos los integrantes de cada equipo deber\u00e1n presentarse con la indumentaria correspondiente al equipo para el cual fueron inscriptos en la prueba.<\/p>\n<p>El ranking clasificatorio ser\u00e1 obligatorio para los equipos de las provincias en donde se disputen las pruebas en donde se sumen puntos.<\/p>\n<p>Los equipos de las provincias que no participen del ranking o incluso equipos extranjeros que puedan ser tenidos en cuenta para ser invitados por la Comisi\u00f3n del Club Ciclista Naci\u00f3n para la Doble Bragado, podr\u00e1n competir de las pruebas clasificatorias si lo desean, ingresar en la zona de puntos no afectar\u00e1 su futura invitaci\u00f3n ya que no sumar\u00e1n puntos, pero si le impedir\u00e1 a otros equipos sumar esos puntos.<\/p>\n<p>Las competencias que integren el per\u00edodo de clasificaci\u00f3n podr\u00e1n ser tenidas en cuenta por la ONAD (Organizaci\u00f3n Nacional Antidopaje) para realizar controles, situaci\u00f3n que excede al Club Ciclista Naci\u00f3n.<\/p>\n<p>Si durante el per\u00edodo clasificatorio 1 o m\u00e1s ciclistas de un equipo arrojasen resultados adversos en controles de dopaje, la Comisi\u00f3n del Club Ciclista Naci\u00f3n evaluar\u00e1 si dicho equipo podr\u00e1, por un lado seguir acumulando puntos en la competici\u00f3n y por otro, si podr\u00e1 competir en la Doble Bragado.<\/p>\n<p>Los ciclistas que durante el per\u00edodo clasificatorio pertenezcan al 2\u00ba a\u00f1o de categor\u00eda Junior (clase 2000), no podr\u00e1n ser tenidos en cuenta para competir en la Doble Bragado del a\u00f1o subsiguiente, pese a que para la fecha de la prueba ya sean parte del primer a\u00f1o de la categor\u00eda Sub 23, debido a que la extensi\u00f3n de algunas etapas de la prueba.<\/p>\n<p>En diciembre ser\u00e1 posible hacer una incorporaci\u00f3n, el ciclista que cambie de equipo no arrastrar\u00e1 los puntos que haya sumado durante el proceso clasificatorio, los cuales quedar\u00e1n en poder del equipo con el cual particip\u00f3 en dicho per\u00edodo.<\/p>\n<p>Los ciclistas que pertenecen a Equipos Continentales con licencia UCI s\u00f3lo podr\u00e1n participar dentro de sus equipos y no podr\u00e1n ser incorporados por ninguna otra formaci\u00f3n.<\/p>\n<p>Los mejores 10 equipos del ranking lograr\u00e1n un cupo para participar de la 84\u00aa Doble Bragado.<\/p>\n<p>El Club Ciclista Naci\u00f3n se reservar\u00e1 8 cupos para invitar equipos de otras provincias y otros pa\u00edses.<\/p>\n<p>Las fechas en donde se sumar\u00e1n puntos para el ranking se publicar\u00e1n en los pr\u00f3ximos d\u00edas.<\/p>\n<p>Los equipos interesados en inscribirse puede comunicarse por privado a este facebook, al del Club Ciclista Naci\u00f3n o por mail a clubciclistanacion@yahoo.com.ar<\/p>\n","protected":false},"excerpt":{"rendered":"<p>arciclismo.com.ar El Club Ciclista Naci\u00f3n, organizador de la competencia cicl\u00edstica por equipos y de ruta m\u00e1s antigua del pa\u00eds, le &#8230; <a title=\"Importantes cambios para la pr\u00f3xima Doble Bragado\" class=\"read-more\" href=\"https:\/\/www.hoymercedes.com.ar\/principal\/2018\/07\/14\/importantes-cambios-para-la-proxima-doble-bragado\/\" aria-label=\"Leer m\u00e1s sobre Importantes cambios para la pr\u00f3xima Doble Bragado\">Leer m\u00e1s<\/a><\/p>\n","protected":false},"author":1,"featured_media":78529,"comment_status":"closed","ping_status":"open","sticky":false,"template":"","format":"standard","meta":{"_monsterinsights_skip_tracking":false,"_monsterinsights_sitenote_active":false,"_monsterinsights_sitenote_note":"","_monsterinsights_sitenote_category":0,"jetpack_post_was_ever_published":false,"_jetpack_newsletter_access":"","_jetpack_dont_email_post_to_subs":false,"_jetpack_newsletter_tier_id":0,"_jetpack_memberships_contains_paywalled_content":false,"_jetpack_memberships_contains_paid_content":false,"footnotes":"","jetpack_publicize_message":"","jetpack_publicize_feature_enabled":true,"jetpack_social_post_already_shared":true,"jetpack_social_options":{"image_generator_settings":{"template":"highway","default_image_id":0,"font":"","enabled":false},"version":2},"_wpas_customize_per_network":false},"categories":[21],"tags":[1453,204,367],"class_list":["post-78528","post","type-post","status-publish","format-standard","has-post-thumbnail","hentry","category-deportes","tag-ciclismo","tag-deportes-2","tag-doble-bragado","generate-columns","tablet-grid-50","mobile-grid-100","grid-parent","grid-50"],"jetpack_publicize_connections":[],"jetpack_featured_media_url":"https:\/\/www.hoymercedes.com.ar\/principal\/wp-content\/uploads\/2018\/07\/Doble-Bragado-etapa-6.jpg","wps_subtitle":"","jetpack_sharing_enabled":true,"_links":{"self":[{"href":"https:\/\/www.hoymercedes.com.ar\/principal\/wp-json\/wp\/v2\/posts\/78528","targetHints":{"allow":["GET"]}}],"collection":[{"href":"https:\/\/www.hoymercedes.com.ar\/principal\/wp-json\/wp\/v2\/posts"}],"about":[{"href":"https:\/\/www.hoymercedes.com.ar\/principal\/wp-json\/wp\/v2\/types\/post"}],"author":[{"embeddable":true,"href":"https:\/\/www.hoymercedes.com.ar\/principal\/wp-json\/wp\/v2\/users\/1"}],"replies":[{"embeddable":true,"href":"https:\/\/www.hoymercedes.com.ar\/principal\/wp-json\/wp\/v2\/comments?post=78528"}],"version-history":[{"count":0,"href":"https:\/\/www.hoymercedes.com.ar\/principal\/wp-json\/wp\/v2\/posts\/78528\/revisions"}],"wp:featuredmedia":[{"embeddable":true,"href":"https:\/\/www.hoymercedes.com.ar\/principal\/wp-json\/wp\/v2\/media\/78529"}],"wp:attachment":[{"href":"https:\/\/www.hoymercedes.com.ar\/principal\/wp-json\/wp\/v2\/media?parent=78528"}],"wp:term":[{"taxonomy":"category","embeddable":true,"href":"https:\/\/www.hoymercedes.com.ar\/principal\/wp-json\/wp\/v2\/categories?post=78528"},{"taxonomy":"post_tag","embeddable":true,"href":"https:\/\/www.hoymercedes.com.ar\/principal\/wp-json\/wp\/v2\/tags?post=78528"}],"curies":[{"name":"wp","href":"https:\/\/api.w.org\/{rel}","templated":true}]}}