{"id":78547,"date":"2018-07-21T06:11:19","date_gmt":"2018-07-21T09:11:19","guid":{"rendered":"http:\/\/www.hoymercedes.com.ar\/principal\/?p=78547"},"modified":"2018-07-13T20:13:34","modified_gmt":"2018-07-13T23:13:34","slug":"recordatorio-carlos-martin-cardinal-2","status":"publish","type":"post","link":"https:\/\/www.hoymercedes.com.ar\/principal\/2018\/07\/21\/recordatorio-carlos-martin-cardinal-2\/","title":{"rendered":"Recordatorio: Carlos Mart\u00edn Cardinal"},"content":{"rendered":"<p><img loading=\"lazy\" decoding=\"async\" data-attachment-id=\"23797\" data-permalink=\"https:\/\/www.hoymercedes.com.ar\/principal\/2013\/07\/17\/homenajearan-a-martin-cardinal-colocando-su-nombre-a-una-calle-de-mercedes\/martincardinal\/#main\" data-orig-file=\"https:\/\/www.hoymercedes.com.ar\/principal\/wp-content\/uploads\/2013\/07\/martincardinal.jpg\" data-orig-size=\"620,294\" data-comments-opened=\"1\" data-image-meta=\"{&quot;aperture&quot;:&quot;0&quot;,&quot;credit&quot;:&quot;&quot;,&quot;camera&quot;:&quot;&quot;,&quot;caption&quot;:&quot;&quot;,&quot;created_timestamp&quot;:&quot;0&quot;,&quot;copyright&quot;:&quot;&quot;,&quot;focal_length&quot;:&quot;0&quot;,&quot;iso&quot;:&quot;0&quot;,&quot;shutter_speed&quot;:&quot;0&quot;,&quot;title&quot;:&quot;&quot;}\" data-image-title=\"martincardinal\" data-image-description=\"\" data-image-caption=\"&lt;p&gt;Mart\u00edn Cardinal&lt;\/p&gt;\n\" data-large-file=\"https:\/\/www.hoymercedes.com.ar\/principal\/wp-content\/uploads\/2013\/07\/martincardinal.jpg\" class=\"size-full wp-image-23797\" src=\"https:\/\/www.hoymercedes.com.ar\/principal\/wp-content\/uploads\/2013\/07\/martincardinal.jpg\" alt=\"\" width=\"620\" height=\"294\" \/><\/p>\n<p style=\"text-align: center;\">A 42 a\u00f1os de su desaparici\u00f3n el 21 &#8211; 07 \u2013 1976<\/p>\n<p style=\"text-align: center;\">a los 21 a\u00f1os de edad<\/p>\n<p>&nbsp;<\/p>\n<p>Cardinal, Carlos Mart\u00edn:\u00a0Naci\u00f3 en la ciudad de Mercedes el 19 de abril de 1955. Hijo de una conocida familia de comerciantes: Nilda Isabel Mazzocchi y Rosario Mart\u00edn Cardinal. Curs\u00f3 sus estudios en el Colegio San Patricio de Mercedes, siendo abanderado durante la primaria y la secundaria, y egres\u00f3 como Bachiller en 1972. Por sus virtudes personales se lo reconoci\u00f3 y distingui\u00f3 como mejor compa\u00f1ero.<\/p>\n<p>De joven conoci\u00f3 a Mar\u00eda Silvia Fasce, su gran amor, con quien se cas\u00f3 y tuvo un hijo llamado Mart\u00edn, formando su hogar en la ciudad de Buenos Aires. All\u00ed trabaj\u00f3 en la C\u00e1mara Electoral y luego en la Editorial Planeta, donde inici\u00f3\u00a0 su activismo gremial y pol\u00edtico. Fue militante del GOR, (Grupo Obrero Revolucionario).<\/p>\n<p>Adem\u00e1s de estudiar en la Facultad de Ciencias Econ\u00f3micas de la UBA, tiempo despu\u00e9s se incorpor\u00f3 como personal empleado en el Banco del Oeste.<\/p>\n<p>El 21 de julio de 1976 sali\u00f3 de su trabajo, fue secuestrado en una confiter\u00eda y nunca m\u00e1s se lo volvi\u00f3 a ver.<\/p>\n<p>En la b\u00fasqueda de la verdad para alcanzar la justicia, desde este caso se present\u00f3 una querella en 2008 en la Causa 14216\/03 \u201cSu\u00e1rez Mason y otros\u201d, con el patrocinio del incondicional compa\u00f1ero Pablo Llonto.<\/p>\n<p>Por iniciativa de sus seres queridos, a los 37 a\u00f1os de su desaparici\u00f3n y en su memoria, en la ciudad natal se lo homenaje\u00f3 con la colocaci\u00f3n de una placa, que dio su nombre a la calle 21 entre 16 y 18, cuadra en la que vivi\u00f3, en la que creci\u00f3 y en la que transcurri\u00f3 su infancia y adolescencia.<\/p>\n<p>Tambi\u00e9n, por reconocimiento de La Comisi\u00f3n por la Reconstrucci\u00f3n de la Memoria de la Facultad de Ciencias Econ\u00f3micas de la UBA, hoy un aula lleva su nombre.<\/p>\n<p>Carlos estar\u00e1 siempre presente en el vivo recuerdo de sus familiares y amigos, en la memoria colectiva del pueblo y en cada \u201csitio de la memoria\u201d que reivindique sus valores personales y su coheherencia militante, raz\u00f3n sublime de su existencia. Porque de eso se trat\u00f3 su entrega y compromiso: pensar y construir una sociedad justa y solidaria para brindarles a nuestros hijos un mundo mejor.<\/p>\n<p>A un nuevo aniversario de su desaparici\u00f3n, por \u00e9l y por los 30.000 compa\u00f1eros detenidos-desaparecidos y asesinados decimos \u00a1PRESENTE!<\/p>\n<p>No olvidamos, sostenemos la memoria, reclamamos la verdad, luchamos contra la impunidad y exigimos juicio y castigo a todos los culpables.<\/p>\n<p style=\"text-align: center;\">\n<p style=\"text-align: center;\">Memoria, Verdad y Justicia<\/p>\n<p style=\"text-align: center;\">Comisi\u00f3n Municipal por la Memoria de Mercedes<\/p>\n","protected":false},"excerpt":{"rendered":"<p>A 42 a\u00f1os de su desaparici\u00f3n el 21 &#8211; 07 \u2013 1976 a los 21 a\u00f1os de edad &nbsp; Cardinal, &#8230; <a title=\"Recordatorio: Carlos Mart\u00edn Cardinal\" class=\"read-more\" href=\"https:\/\/www.hoymercedes.com.ar\/principal\/2018\/07\/21\/recordatorio-carlos-martin-cardinal-2\/\" aria-label=\"Leer m\u00e1s sobre Recordatorio: Carlos Mart\u00edn Cardinal\">Leer m\u00e1s<\/a><\/p>\n","protected":false},"author":1,"featured_media":23797,"comment_status":"closed","ping_status":"open","sticky":false,"template":"","format":"standard","meta":{"_monsterinsights_skip_tracking":false,"_monsterinsights_sitenote_active":false,"_monsterinsights_sitenote_note":"","_monsterinsights_sitenote_category":0,"jetpack_post_was_ever_published":false,"_jetpack_newsletter_access":"","_jetpack_dont_email_post_to_subs":false,"_jetpack_newsletter_tier_id":0,"_jetpack_memberships_contains_paywalled_content":false,"_jetpack_memberships_contains_paid_content":false,"footnotes":"","jetpack_publicize_message":"","jetpack_publicize_feature_enabled":true,"jetpack_social_post_already_shared":true,"jetpack_social_options":{"image_generator_settings":{"template":"highway","default_image_id":0,"font":"","enabled":false},"version":2},"_wpas_customize_per_network":false},"categories":[8],"tags":[13464,9884,9744,7802],"class_list":["post-78547","post","type-post","status-publish","format-standard","has-post-thumbnail","hentry","category-sociedad","tag-comision-de-familiares","tag-comision-municipal-por-la-memoria","tag-recordatorio","tag-sociedad","generate-columns","tablet-grid-50","mobile-grid-100","grid-parent","grid-50"],"jetpack_publicize_connections":[],"jetpack_featured_media_url":"https:\/\/www.hoymercedes.com.ar\/principal\/wp-content\/uploads\/2013\/07\/martincardinal.jpg","wps_subtitle":"Memoria, verdad y justicia","jetpack_sharing_enabled":true,"jetpack-related-posts":[{"id":96705,"url":"https:\/\/www.hoymercedes.com.ar\/principal\/2019\/07\/21\/recordatorio-carlos-martin-cardinal-3\/","url_meta":{"origin":78547,"position":0},"title":"Recordatorio: Carlos Mart\u00edn Cardinal","author":"hoymercedes","date":"21 julio, 2019","format":false,"excerpt":"CARLOS\u00a0 MART\u00cdN\u00a0 CARDINAL Mart\u00edn Cardinal A 43 a\u00f1os de su desaparici\u00f3n el 21 - 07 \u2013 1976 a los 21 a\u00f1os de edad Cardinal, Carlos Mart\u00edn:\u00a0Naci\u00f3 en la ciudad de Mercedes el 19 de abril de 1955. Hijo de una conocida familia de comerciantes: Nilda Isabel Mazzocchi y Rosario Mart\u00edn\u2026","rel":"","context":"En \u00abSociedad\u00bb","block_context":{"text":"Sociedad","link":"https:\/\/www.hoymercedes.com.ar\/principal\/category\/sociedad\/"},"img":{"alt_text":"","src":"https:\/\/i0.wp.com\/www.hoymercedes.com.ar\/principal\/wp-content\/uploads\/2013\/07\/martincardinal.jpg?resize=350%2C200&ssl=1","width":350,"height":200,"srcset":"https:\/\/i0.wp.com\/www.hoymercedes.com.ar\/principal\/wp-content\/uploads\/2013\/07\/martincardinal.jpg?resize=350%2C200&ssl=1 1x, https:\/\/i0.wp.com\/www.hoymercedes.com.ar\/principal\/wp-content\/uploads\/2013\/07\/martincardinal.jpg?resize=525%2C300&ssl=1 1.5x"},"classes":[]},{"id":65082,"url":"https:\/\/www.hoymercedes.com.ar\/principal\/2017\/07\/21\/recordatorio-carlos-martin-cardinal\/","url_meta":{"origin":78547,"position":1},"title":"Recordatorio: Carlos Mart\u00edn Cardinal","author":"hoymercedes","date":"21 julio, 2017","format":false,"excerpt":"CARLOS\u00a0 MART\u00cdN\u00a0 CARDINAL A 41 a\u00f1os de su desaparici\u00f3n el 21 - 07 \u2013 1976 a los 21 a\u00f1os de edad \u00a0 Cardinal, Carlos Mart\u00edn:\u00a0Naci\u00f3 en la ciudad de Mercedes el 19 de abril de 1955. Hijo de una conocida familia de comerciantes: Nilda Isabel Mazzocchi y Rosario Mart\u00edn Cardinal.\u2026","rel":"","context":"En \u00abCiudad\u00bb","block_context":{"text":"Ciudad","link":"https:\/\/www.hoymercedes.com.ar\/principal\/category\/ciudad\/"},"img":{"alt_text":"","src":"https:\/\/i0.wp.com\/www.hoymercedes.com.ar\/principal\/wp-content\/uploads\/2013\/07\/martincardinal.jpg?resize=350%2C200&ssl=1","width":350,"height":200,"srcset":"https:\/\/i0.wp.com\/www.hoymercedes.com.ar\/principal\/wp-content\/uploads\/2013\/07\/martincardinal.jpg?resize=350%2C200&ssl=1 1x, https:\/\/i0.wp.com\/www.hoymercedes.com.ar\/principal\/wp-content\/uploads\/2013\/07\/martincardinal.jpg?resize=525%2C300&ssl=1 1.5x"},"classes":[]},{"id":150859,"url":"https:\/\/www.hoymercedes.com.ar\/principal\/2022\/07\/21\/recordatorio-carlos-martin-cardinal-4\/","url_meta":{"origin":78547,"position":2},"title":"Recordatorio: Carlos Mart\u00edn Cardinal","author":"hoymercedes","date":"21 julio, 2022","format":false,"excerpt":"Recordatorio: Carlos Mart\u00edn Cardinal. A 46 a\u00f1os de su desaparici\u00f3n el 21 - 07 - 1976 a los 21 a\u00f1os de edad","rel":"","context":"En \u00abSociedad\u00bb","block_context":{"text":"Sociedad","link":"https:\/\/www.hoymercedes.com.ar\/principal\/category\/sociedad\/"},"img":{"alt_text":"","src":"https:\/\/i0.wp.com\/www.hoymercedes.com.ar\/principal\/wp-content\/uploads\/2013\/07\/martincardinal.jpg?resize=350%2C200&ssl=1","width":350,"height":200,"srcset":"https:\/\/i0.wp.com\/www.hoymercedes.com.ar\/principal\/wp-content\/uploads\/2013\/07\/martincardinal.jpg?resize=350%2C200&ssl=1 1x, https:\/\/i0.wp.com\/www.hoymercedes.com.ar\/principal\/wp-content\/uploads\/2013\/07\/martincardinal.jpg?resize=525%2C300&ssl=1 1.5x"},"classes":[]},{"id":52590,"url":"https:\/\/www.hoymercedes.com.ar\/principal\/2016\/07\/17\/carlos-martin-cardinal-a-40-anos-de-su-desaparicion\/","url_meta":{"origin":78547,"position":3},"title":"Carlos Mart\u00edn Cardinal a 40 a\u00f1os de su desaparici\u00f3n","author":"hoymercedes","date":"17 julio, 2016","format":false,"excerpt":"A 40 a\u00f1os de su desaparici\u00f3n el 21 - 07 \u2013 1976\u00a0 A los 21 a\u00f1os de edad.\u00a0 Cardinal, Carlos Mart\u00edn:\u00a0Naci\u00f3 en la ciudad de Mercedes el 19 de abril de 1955. Hijo de una conocida familia de comerciantes: Nilda Isabel Mazzocchi y Rosario Mart\u00edn Cardinal. Curs\u00f3 sus estudios en\u2026","rel":"","context":"En \u00abCiudad\u00bb","block_context":{"text":"Ciudad","link":"https:\/\/www.hoymercedes.com.ar\/principal\/category\/ciudad\/"},"img":{"alt_text":"","src":"https:\/\/i0.wp.com\/www.hoymercedes.com.ar\/principal\/wp-content\/uploads\/2013\/07\/martincardinal.jpg?resize=350%2C200&ssl=1","width":350,"height":200,"srcset":"https:\/\/i0.wp.com\/www.hoymercedes.com.ar\/principal\/wp-content\/uploads\/2013\/07\/martincardinal.jpg?resize=350%2C200&ssl=1 1x, https:\/\/i0.wp.com\/www.hoymercedes.com.ar\/principal\/wp-content\/uploads\/2013\/07\/martincardinal.jpg?resize=525%2C300&ssl=1 1.5x"},"classes":[]},{"id":43237,"url":"https:\/\/www.hoymercedes.com.ar\/principal\/2015\/07\/21\/carlos-martin-cardinal-a-39-anos-de-su-desaparicion-el-21-07-1976\/","url_meta":{"origin":78547,"position":4},"title":"Carlos Mart\u00edn Cardinal: A 39 a\u00f1os de su desaparici\u00f3n el 21 &#8211; 07 \u2013 1976","author":"hoymercedes","date":"21 julio, 2015","format":false,"excerpt":"Cardinal, Carlos Mart\u00edn:\u00a0Naci\u00f3 en la ciudad de Mercedes el 19 de abril de 1955. Curs\u00f3 sus estudios en el Colegio San Patricio de Mercedes, siendo abanderado durante la primaria y la secundaria, y egres\u00f3 como Bachiller en 1972. Por sus virtudes personales se lo reconoci\u00f3 y distingui\u00f3 como mejor compa\u00f1ero.\u2026","rel":"","context":"En \u00abSociedad\u00bb","block_context":{"text":"Sociedad","link":"https:\/\/www.hoymercedes.com.ar\/principal\/category\/sociedad\/"},"img":{"alt_text":"","src":"https:\/\/i0.wp.com\/www.hoymercedes.com.ar\/principal\/wp-content\/uploads\/2013\/07\/martincardinal.jpg?resize=350%2C200&ssl=1","width":350,"height":200,"srcset":"https:\/\/i0.wp.com\/www.hoymercedes.com.ar\/principal\/wp-content\/uploads\/2013\/07\/martincardinal.jpg?resize=350%2C200&ssl=1 1x, https:\/\/i0.wp.com\/www.hoymercedes.com.ar\/principal\/wp-content\/uploads\/2013\/07\/martincardinal.jpg?resize=525%2C300&ssl=1 1.5x"},"classes":[]},{"id":55787,"url":"https:\/\/www.hoymercedes.com.ar\/principal\/2016\/10\/15\/recordatorio-carlos-martin-gatica\/","url_meta":{"origin":78547,"position":5},"title":"Recordatorio: Carlos Mart\u00edn Gatica","author":"hoymercedes","date":"15 octubre, 2016","format":false,"excerpt":"CARLOS MART\u00cdN GATICA A 40 a\u00f1os de su desaparici\u00f3n 15-10-1976 a los 24 a\u00f1os de edad En la memoria y el coraz\u00f3n de sus seres queridos, estar\u00e1 por siempre vivo el entra\u00f1able recuerdo de Mart\u00edn, \u201cCotorra\u201d,\u00a0 como un compa\u00f1ero alegre, sencillo, de firmes convicciones y de s\u00f3lidos principios pol\u00edticos basados\u2026","rel":"","context":"En \u00abCiudad\u00bb","block_context":{"text":"Ciudad","link":"https:\/\/www.hoymercedes.com.ar\/principal\/category\/ciudad\/"},"img":{"alt_text":"15-carlos-gatica","src":"https:\/\/i0.wp.com\/www.hoymercedes.com.ar\/principal\/wp-content\/uploads\/2016\/10\/15-Carlos-Gatica.jpg?resize=350%2C200","width":350,"height":200},"classes":[]}],"_links":{"self":[{"href":"https:\/\/www.hoymercedes.com.ar\/principal\/wp-json\/wp\/v2\/posts\/78547","targetHints":{"allow":["GET"]}}],"collection":[{"href":"https:\/\/www.hoymercedes.com.ar\/principal\/wp-json\/wp\/v2\/posts"}],"about":[{"href":"https:\/\/www.hoymercedes.com.ar\/principal\/wp-json\/wp\/v2\/types\/post"}],"author":[{"embeddable":true,"href":"https:\/\/www.hoymercedes.com.ar\/principal\/wp-json\/wp\/v2\/users\/1"}],"replies":[{"embeddable":true,"href":"https:\/\/www.hoymercedes.com.ar\/principal\/wp-json\/wp\/v2\/comments?post=78547"}],"version-history":[{"count":0,"href":"https:\/\/www.hoymercedes.com.ar\/principal\/wp-json\/wp\/v2\/posts\/78547\/revisions"}],"wp:featuredmedia":[{"embeddable":true,"href":"https:\/\/www.hoymercedes.com.ar\/principal\/wp-json\/wp\/v2\/media\/23797"}],"wp:attachment":[{"href":"https:\/\/www.hoymercedes.com.ar\/principal\/wp-json\/wp\/v2\/media?parent=78547"}],"wp:term":[{"taxonomy":"category","embeddable":true,"href":"https:\/\/www.hoymercedes.com.ar\/principal\/wp-json\/wp\/v2\/categories?post=78547"},{"taxonomy":"post_tag","embeddable":true,"href":"https:\/\/www.hoymercedes.com.ar\/principal\/wp-json\/wp\/v2\/tags?post=78547"}],"curies":[{"name":"wp","href":"https:\/\/api.w.org\/{rel}","templated":true}]}}