{"id":78598,"date":"2018-07-15T10:46:24","date_gmt":"2018-07-15T13:46:24","guid":{"rendered":"http:\/\/www.hoymercedes.com.ar\/principal\/?p=78598"},"modified":"2018-07-14T15:51:02","modified_gmt":"2018-07-14T18:51:02","slug":"la-defensoria-exigio-que-se-prohiba-la-publicidad-de-una-financiera-en-la-boleta-del-gas","status":"publish","type":"post","link":"https:\/\/www.hoymercedes.com.ar\/principal\/2018\/07\/15\/la-defensoria-exigio-que-se-prohiba-la-publicidad-de-una-financiera-en-la-boleta-del-gas\/","title":{"rendered":"La Defensor\u00eda exigi\u00f3 que se proh\u00edba la publicidad de una financiera en la boleta del gas"},"content":{"rendered":"<p>La Defensor\u00eda del Pueblo bonaerense reclam\u00f3 que se proh\u00edba la publicidad de una financiera en las \u00faltimas boletas emitidas por la empresa Gas Natural Fenosa, y exigi\u00f3 que el Estado garantice que no se repitan estas situaciones de abuso contra los usuarios.<\/p>\n<p>\u201cRechazamos totalmente esta situaci\u00f3n, ya que las facturas tienen que tener un car\u00e1cter institucional y no un perfil comercial y lucrativo ajeno a lo que corresponde estrictamente al servicio, sobre todo en un contexto de elevadas tarifas cuestionadas judicialmente en todo el pa\u00eds y que son cada vez m\u00e1s dif\u00edciles de pagar\u201d, sostuvo el Defensor del Pueblo, Guido Lorenzino.<\/p>\n<p>Este episodio, que despert\u00f3 la queja de los consumidores, se origin\u00f3 luego de que la empresa entregara facturas con la publicidad de una financiera, con una leyenda que indicaba que se pod\u00eda pagar el importe en los locales de esta firma como as\u00ed tambi\u00e9n obtener cr\u00e9ditos a tasas desproporcionadas para abonar el servicio.<\/p>\n<p>En ese sentido, Lorenzino indic\u00f3 que \u201cse trata de una clara situaci\u00f3n en la que los usuarios, a quienes se les debe dar un trato equitativo y digno, se encuentran totalmente vulnerados, y es tarea del Estado reparar este da\u00f1o\u201d.<\/p>\n<p>Es por eso que el Defensor del Pueblo exigi\u00f3 la intervenci\u00f3n del Ente Nacional Regulador del Gas (Enargas) para que tome las medidas necesarias para evitar que las prestadoras incurran en pr\u00e1cticas que vulneran la dignidad de los consumidores.<\/p>\n<p>\u201cEl Enargas tiene que cumplir con su rol y dejar de pasar por alto estos atropellos contra los usuarios. Debe investigar si la financiera puede actuar de la forma que lo hizo, si Gas Natural Fenosa pidi\u00f3 autorizaci\u00f3n para hacer esta publicidad y, en caso de ser necesario, aplique las sanciones correspondientes\u201d, puntualiz\u00f3 Lorenzino.<\/p>\n<p>Fuente: Delegaci\u00f3n Mercedes Defensor del Pueblo<\/p>\n","protected":false},"excerpt":{"rendered":"<p>La Defensor\u00eda del Pueblo bonaerense reclam\u00f3 que se proh\u00edba la publicidad de una financiera en las \u00faltimas boletas emitidas por &#8230; <a title=\"La Defensor\u00eda exigi\u00f3 que se proh\u00edba la publicidad de una financiera en la boleta del gas\" class=\"read-more\" href=\"https:\/\/www.hoymercedes.com.ar\/principal\/2018\/07\/15\/la-defensoria-exigio-que-se-prohiba-la-publicidad-de-una-financiera-en-la-boleta-del-gas\/\" aria-label=\"Leer m\u00e1s sobre La Defensor\u00eda exigi\u00f3 que se proh\u00edba la publicidad de una financiera en la boleta del gas\">Leer m\u00e1s<\/a><\/p>\n","protected":false},"author":1,"featured_media":78599,"comment_status":"closed","ping_status":"open","sticky":false,"template":"","format":"standard","meta":{"_monsterinsights_skip_tracking":false,"_monsterinsights_sitenote_active":false,"_monsterinsights_sitenote_note":"","_monsterinsights_sitenote_category":0,"jetpack_post_was_ever_published":false,"_jetpack_newsletter_access":"","_jetpack_dont_email_post_to_subs":false,"_jetpack_newsletter_tier_id":0,"_jetpack_memberships_contains_paywalled_content":false,"_jetpack_memberships_contains_paid_content":false,"footnotes":"","jetpack_publicize_message":"","jetpack_publicize_feature_enabled":true,"jetpack_social_post_already_shared":true,"jetpack_social_options":{"image_generator_settings":{"template":"highway","default_image_id":0,"font":"","enabled":false},"version":2},"_wpas_customize_per_network":false},"categories":[8881],"tags":[9284,1803,7802],"class_list":["post-78598","post","type-post","status-publish","format-standard","has-post-thumbnail","hentry","category-provincia","tag-defensor-del-pueblo","tag-provincia","tag-sociedad","generate-columns","tablet-grid-50","mobile-grid-100","grid-parent","grid-50"],"jetpack_publicize_connections":[],"jetpack_featured_media_url":"https:\/\/www.hoymercedes.com.ar\/principal\/wp-content\/uploads\/2018\/07\/15-publi-gas-fenosta.jpg","wps_subtitle":"Decisi\u00f3n para toda la provincia","jetpack_sharing_enabled":true,"jetpack-related-posts":[{"id":83345,"url":"https:\/\/www.hoymercedes.com.ar\/principal\/2018\/11\/01\/la-defensoria-cuestiono-a-movistar-por-cambios-en-la-facturacion\/","url_meta":{"origin":78598,"position":0},"title":"La Defensor\u00eda cuestion\u00f3 a Movistar por cambios en la facturaci\u00f3n","author":"hoymercedes","date":"1 noviembre, 2018","format":false,"excerpt":"El organismo que conduce Guido Lorenzino se hizo eco de los reclamos por la decisi\u00f3n de la empresa de adelantar la fecha de vencimiento de los abonos.\u00a0 El Defensor del Pueblo bonaerense, Guido Lorenzino, cuestion\u00f3 a Movistar por haber adelantado la fecha de vencimiento de sus facturas, y exigi\u00f3 a\u2026","rel":"","context":"En \u00abProvincia\u00bb","block_context":{"text":"Provincia","link":"https:\/\/www.hoymercedes.com.ar\/principal\/category\/provincia\/"},"img":{"alt_text":"","src":"https:\/\/i0.wp.com\/www.hoymercedes.com.ar\/principal\/wp-content\/uploads\/2018\/11\/01-defensoria-movistar.jpg?resize=350%2C200&ssl=1","width":350,"height":200,"srcset":"https:\/\/i0.wp.com\/www.hoymercedes.com.ar\/principal\/wp-content\/uploads\/2018\/11\/01-defensoria-movistar.jpg?resize=350%2C200&ssl=1 1x, https:\/\/i0.wp.com\/www.hoymercedes.com.ar\/principal\/wp-content\/uploads\/2018\/11\/01-defensoria-movistar.jpg?resize=525%2C300&ssl=1 1.5x, https:\/\/i0.wp.com\/www.hoymercedes.com.ar\/principal\/wp-content\/uploads\/2018\/11\/01-defensoria-movistar.jpg?resize=700%2C400&ssl=1 2x"},"classes":[]},{"id":77217,"url":"https:\/\/www.hoymercedes.com.ar\/principal\/2018\/06\/12\/defensor-del-pueblo-acompanara-en-la-justicia-a-usuarios-con-corte-de-gas\/","url_meta":{"origin":78598,"position":1},"title":"Defensor del Pueblo acompa\u00f1ar\u00e1 en la justicia a usuarios con corte de gas","author":"hoymercedes","date":"12 junio, 2018","format":false,"excerpt":"La Defensor\u00eda del Pueblo bonaerense lanz\u00f3 una campa\u00f1a para ayudar a los usuarios que les hayan cortado el gas por falta de pago, a quienes acompa\u00f1ar\u00e1 en la Justicia si las empresas prestatarias se niegan a reconectarles el servicio. \u201cLa medida tiene que ver con respetar el fallo de la\u2026","rel":"","context":"En \u00abProvincia\u00bb","block_context":{"text":"Provincia","link":"https:\/\/www.hoymercedes.com.ar\/principal\/category\/provincia\/"},"img":{"alt_text":"","src":"https:\/\/i0.wp.com\/www.hoymercedes.com.ar\/principal\/wp-content\/uploads\/2018\/06\/12-corte-gas.jpg?resize=350%2C200&ssl=1","width":350,"height":200,"srcset":"https:\/\/i0.wp.com\/www.hoymercedes.com.ar\/principal\/wp-content\/uploads\/2018\/06\/12-corte-gas.jpg?resize=350%2C200&ssl=1 1x, https:\/\/i0.wp.com\/www.hoymercedes.com.ar\/principal\/wp-content\/uploads\/2018\/06\/12-corte-gas.jpg?resize=525%2C300&ssl=1 1.5x, https:\/\/i0.wp.com\/www.hoymercedes.com.ar\/principal\/wp-content\/uploads\/2018\/06\/12-corte-gas.jpg?resize=700%2C400&ssl=1 2x"},"classes":[]},{"id":94847,"url":"https:\/\/www.hoymercedes.com.ar\/principal\/2019\/06\/10\/la-defensoria-recurrira-el-fallo-de-la-corte-que-habilita-los-tarifazos\/","url_meta":{"origin":78598,"position":2},"title":"La Defensor\u00eda recurrir\u00e1 el fallo de la Corte que habilita los tarifazos","author":"hoymercedes","date":"10 junio, 2019","format":false,"excerpt":"El m\u00e1ximo tribunal hab\u00eda rechazado la semana pasada un pedido del organismo para frenar aumentos de gas. La Defensor\u00eda del Pueblo de la Provincia, a cargo de Guido Lorenzino, recurrir\u00e1 el fallo de la Corte Suprema de Justicia de la Naci\u00f3n, que rechaz\u00f3 la presentaci\u00f3n del organismo provincial para intervenir\u2026","rel":"","context":"En \u00abProvincia\u00bb","block_context":{"text":"Provincia","link":"https:\/\/www.hoymercedes.com.ar\/principal\/category\/provincia\/"},"img":{"alt_text":"","src":"https:\/\/i0.wp.com\/www.hoymercedes.com.ar\/principal\/wp-content\/uploads\/2018\/06\/12-corte-gas.jpg?resize=350%2C200&ssl=1","width":350,"height":200,"srcset":"https:\/\/i0.wp.com\/www.hoymercedes.com.ar\/principal\/wp-content\/uploads\/2018\/06\/12-corte-gas.jpg?resize=350%2C200&ssl=1 1x, https:\/\/i0.wp.com\/www.hoymercedes.com.ar\/principal\/wp-content\/uploads\/2018\/06\/12-corte-gas.jpg?resize=525%2C300&ssl=1 1.5x, https:\/\/i0.wp.com\/www.hoymercedes.com.ar\/principal\/wp-content\/uploads\/2018\/06\/12-corte-gas.jpg?resize=700%2C400&ssl=1 2x"},"classes":[]},{"id":71792,"url":"https:\/\/www.hoymercedes.com.ar\/principal\/2018\/01\/25\/el-defensor-del-pueblo-exige-cambios-para-acceder-a-la-tarifa-social\/","url_meta":{"origin":78598,"position":3},"title":"El Defensor del Pueblo exige cambios para acceder a la Tarifa Social","author":"hoymercedes","date":"25 enero, 2018","format":false,"excerpt":"El Defensor del Pueblo provincial, Guido Lorenzino, pidi\u00f3 que se cambien los requisitos que se exigen para otorgar la tarifa social a usuarios de agua, luz y gas en la provincia de Buenos Aires. Lo hizo a trav\u00e9s de una resoluci\u00f3n dirigida a los gobiernos nacional y provincial, empresas prestadoras\u2026","rel":"","context":"En \u00abProvincia\u00bb","block_context":{"text":"Provincia","link":"https:\/\/www.hoymercedes.com.ar\/principal\/category\/provincia\/"},"img":{"alt_text":"","src":"https:\/\/i0.wp.com\/www.hoymercedes.com.ar\/principal\/wp-content\/uploads\/2018\/01\/24-defensor-pueblo.jpg?resize=350%2C200&ssl=1","width":350,"height":200,"srcset":"https:\/\/i0.wp.com\/www.hoymercedes.com.ar\/principal\/wp-content\/uploads\/2018\/01\/24-defensor-pueblo.jpg?resize=350%2C200&ssl=1 1x, https:\/\/i0.wp.com\/www.hoymercedes.com.ar\/principal\/wp-content\/uploads\/2018\/01\/24-defensor-pueblo.jpg?resize=525%2C300&ssl=1 1.5x, https:\/\/i0.wp.com\/www.hoymercedes.com.ar\/principal\/wp-content\/uploads\/2018\/01\/24-defensor-pueblo.jpg?resize=700%2C400&ssl=1 2x"},"classes":[]},{"id":81841,"url":"https:\/\/www.hoymercedes.com.ar\/principal\/2018\/09\/30\/el-defensor-bonaerense-recurrira-el-recorte-de-la-tarifa-social-del-gas\/","url_meta":{"origin":78598,"position":4},"title":"El Defensor bonaerense recurrir\u00e1 el recorte de la tarifa social del gas","author":"hoymercedes","date":"30 septiembre, 2018","format":false,"excerpt":"El titular de la Defensor\u00eda del Pueblo de la Provincia de Buenos,\u00a0que conduce Guido Lorenzino, recurrir\u00e1 la medida oficial que eliminar\u00e1 en parte este beneficio, adem\u00e1s de la bonificaci\u00f3n por ahorrar en el consumo. El Defensor del Pueblo bonaerense segura que la medida \u201cse trata de otro golpe m\u00e1s contra\u2026","rel":"","context":"En \u00abProvincia\u00bb","block_context":{"text":"Provincia","link":"https:\/\/www.hoymercedes.com.ar\/principal\/category\/provincia\/"},"img":{"alt_text":"","src":"https:\/\/i0.wp.com\/www.hoymercedes.com.ar\/principal\/wp-content\/uploads\/2018\/09\/30-lorenzino.jpg?resize=350%2C200&ssl=1","width":350,"height":200,"srcset":"https:\/\/i0.wp.com\/www.hoymercedes.com.ar\/principal\/wp-content\/uploads\/2018\/09\/30-lorenzino.jpg?resize=350%2C200&ssl=1 1x, https:\/\/i0.wp.com\/www.hoymercedes.com.ar\/principal\/wp-content\/uploads\/2018\/09\/30-lorenzino.jpg?resize=525%2C300&ssl=1 1.5x, https:\/\/i0.wp.com\/www.hoymercedes.com.ar\/principal\/wp-content\/uploads\/2018\/09\/30-lorenzino.jpg?resize=700%2C400&ssl=1 2x"},"classes":[]},{"id":110335,"url":"https:\/\/www.hoymercedes.com.ar\/principal\/2020\/05\/06\/defensor-del-pueblo-bonaerense-pide-marcha-atras-con-aumentos-en-telefonicas\/","url_meta":{"origin":78598,"position":5},"title":"Defensor del Pueblo Bonaerense pide marcha atr\u00e1s con aumentos en telef\u00f3nicas","author":"hoymercedes","date":"6 mayo, 2020","format":false,"excerpt":"El organismo provincial les pidi\u00f3 a la empresas telef\u00f3nicas que retrotraigan sus tarifas a las de febrero de 2020. El Defensro del Pueblo, Guido Lorenzino, consider\u00f3 que se trata de un incremento \u201cinoportuno e incoherente\u201d. La Defensor\u00eda del Pueblo bonaerense le reclam\u00f3 a las empresas de telefon\u00eda fija y m\u00f3vil\u2026","rel":"","context":"En \u00abProvincia\u00bb","block_context":{"text":"Provincia","link":"https:\/\/www.hoymercedes.com.ar\/principal\/category\/provincia\/"},"img":{"alt_text":"","src":"https:\/\/i0.wp.com\/www.hoymercedes.com.ar\/principal\/wp-content\/uploads\/2020\/05\/06-telefonos.jpg?resize=350%2C200&ssl=1","width":350,"height":200,"srcset":"https:\/\/i0.wp.com\/www.hoymercedes.com.ar\/principal\/wp-content\/uploads\/2020\/05\/06-telefonos.jpg?resize=350%2C200&ssl=1 1x, https:\/\/i0.wp.com\/www.hoymercedes.com.ar\/principal\/wp-content\/uploads\/2020\/05\/06-telefonos.jpg?resize=525%2C300&ssl=1 1.5x, https:\/\/i0.wp.com\/www.hoymercedes.com.ar\/principal\/wp-content\/uploads\/2020\/05\/06-telefonos.jpg?resize=700%2C400&ssl=1 2x"},"classes":[]}],"_links":{"self":[{"href":"https:\/\/www.hoymercedes.com.ar\/principal\/wp-json\/wp\/v2\/posts\/78598","targetHints":{"allow":["GET"]}}],"collection":[{"href":"https:\/\/www.hoymercedes.com.ar\/principal\/wp-json\/wp\/v2\/posts"}],"about":[{"href":"https:\/\/www.hoymercedes.com.ar\/principal\/wp-json\/wp\/v2\/types\/post"}],"author":[{"embeddable":true,"href":"https:\/\/www.hoymercedes.com.ar\/principal\/wp-json\/wp\/v2\/users\/1"}],"replies":[{"embeddable":true,"href":"https:\/\/www.hoymercedes.com.ar\/principal\/wp-json\/wp\/v2\/comments?post=78598"}],"version-history":[{"count":0,"href":"https:\/\/www.hoymercedes.com.ar\/principal\/wp-json\/wp\/v2\/posts\/78598\/revisions"}],"wp:featuredmedia":[{"embeddable":true,"href":"https:\/\/www.hoymercedes.com.ar\/principal\/wp-json\/wp\/v2\/media\/78599"}],"wp:attachment":[{"href":"https:\/\/www.hoymercedes.com.ar\/principal\/wp-json\/wp\/v2\/media?parent=78598"}],"wp:term":[{"taxonomy":"category","embeddable":true,"href":"https:\/\/www.hoymercedes.com.ar\/principal\/wp-json\/wp\/v2\/categories?post=78598"},{"taxonomy":"post_tag","embeddable":true,"href":"https:\/\/www.hoymercedes.com.ar\/principal\/wp-json\/wp\/v2\/tags?post=78598"}],"curies":[{"name":"wp","href":"https:\/\/api.w.org\/{rel}","templated":true}]}}