{"id":78634,"date":"2018-07-15T19:15:44","date_gmt":"2018-07-15T22:15:44","guid":{"rendered":"http:\/\/www.hoymercedes.com.ar\/principal\/?p=78634"},"modified":"2018-07-15T15:17:56","modified_gmt":"2018-07-15T18:17:56","slug":"recorrida-e-importante-apoyo-al-club-estudiantes-llevo-a-cabo-ustarroz","status":"publish","type":"post","link":"https:\/\/www.hoymercedes.com.ar\/principal\/2018\/07\/15\/recorrida-e-importante-apoyo-al-club-estudiantes-llevo-a-cabo-ustarroz\/","title":{"rendered":"Recorrida e importante apoyo al Club Estudiantes llev\u00f3 a cabo Ustarroz"},"content":{"rendered":"<figure id=\"attachment_78636\" aria-describedby=\"caption-attachment-78636\" style=\"width: 620px\" class=\"wp-caption aligncenter\"><img loading=\"lazy\" decoding=\"async\" data-attachment-id=\"78636\" data-permalink=\"https:\/\/www.hoymercedes.com.ar\/principal\/2018\/07\/15\/recorrida-e-importante-apoyo-al-club-estudiantes-llevo-a-cabo-ustarroz\/1-7\/#main\" data-orig-file=\"https:\/\/www.hoymercedes.com.ar\/principal\/wp-content\/uploads\/2018\/07\/1.jpg\" data-orig-size=\"980,654\" data-comments-opened=\"0\" data-image-meta=\"{&quot;aperture&quot;:&quot;0&quot;,&quot;credit&quot;:&quot;&quot;,&quot;camera&quot;:&quot;&quot;,&quot;caption&quot;:&quot;&quot;,&quot;created_timestamp&quot;:&quot;0&quot;,&quot;copyright&quot;:&quot;&quot;,&quot;focal_length&quot;:&quot;0&quot;,&quot;iso&quot;:&quot;0&quot;,&quot;shutter_speed&quot;:&quot;0&quot;,&quot;title&quot;:&quot;&quot;,&quot;orientation&quot;:&quot;0&quot;}\" data-image-title=\"Ustarroz-MassaPablo\" data-image-description=\"\" data-image-caption=\"&lt;p&gt;Club Estudiantes&lt;\/p&gt;\n\" data-large-file=\"https:\/\/www.hoymercedes.com.ar\/principal\/wp-content\/uploads\/2018\/07\/1.jpg\" class=\"size-medium wp-image-78636\" src=\"https:\/\/www.hoymercedes.com.ar\/principal\/wp-content\/uploads\/2018\/07\/1-630x420.jpg\" alt=\"\" width=\"630\" height=\"420\" srcset=\"https:\/\/www.hoymercedes.com.ar\/principal\/wp-content\/uploads\/2018\/07\/1-630x420.jpg 630w, https:\/\/www.hoymercedes.com.ar\/principal\/wp-content\/uploads\/2018\/07\/1-150x100.jpg 150w, https:\/\/www.hoymercedes.com.ar\/principal\/wp-content\/uploads\/2018\/07\/1.jpg 980w\" sizes=\"auto, (max-width: 630px) 100vw, 630px\" \/><figcaption id=\"caption-attachment-78636\" class=\"wp-caption-text\">Club Estudiantes<\/figcaption><\/figure>\n<p style=\"font-weight: 400;\">El intendente Dr. Juan Ignacio Ustarroz fue parte de un nuevo encuentro institucional con un club de la ciudad a la vez que efectu\u00f3 un importante aporte de $50.000 para que sigan invirtiendo en infraestructura y beneficios para toda su comunidad.<\/p>\n<p style=\"font-weight: 400;\">El intendente Ustarroz, junto a Pablo Massa, coordinador de la Direcci\u00f3n de Deportes y Pablo Luna, \u201cNegro\u201d Dell Oro, Silvio Erramuspe, Roberto Araya, N\u00e9stor Palacios por parte del Club Estudiantes durante la ma\u00f1ana del s\u00e1bado \u00faltimo recorrieron el predio ubicado en calle 30 bis donde erigen sus canchas, piletas, sectores al aire libre y los vestuarios que tiempo atr\u00e1s con apoyo municipal se construyeron.<\/p>\n<p style=\"font-weight: 400;\">\u00abNosotros tenemos una decisi\u00f3n pol\u00edtica y es apoyar el crecimiento de todos los clubes. Lo vemos en Comunicaciones, Holanda, Defensores, Quilmes, Mercedes, Uni\u00f3n, a cada uno le damos el acompa\u00f1amiento que se merecen\u00bb, afirm\u00f3 el Jefe Comunal sin olvidar que \u00abes sabido que si los chicos y chicas, los j\u00f3venes est\u00e1n en el club no est\u00e1n en la calle, ni encerrados con tecnolog\u00eda, sino que est\u00e1n socializando, creciendo junto a otros, y l\u00f3gicamente es un aporte a las familias, que por supuesto, tambi\u00e9n disfrutan de estos espacios\u00bb, narr\u00f3.<\/p>\n<figure id=\"attachment_78635\" aria-describedby=\"caption-attachment-78635\" style=\"width: 620px\" class=\"wp-caption aligncenter\"><img loading=\"lazy\" decoding=\"async\" data-attachment-id=\"78635\" data-permalink=\"https:\/\/www.hoymercedes.com.ar\/principal\/2018\/07\/15\/recorrida-e-importante-apoyo-al-club-estudiantes-llevo-a-cabo-ustarroz\/2-7\/#main\" data-orig-file=\"https:\/\/www.hoymercedes.com.ar\/principal\/wp-content\/uploads\/2018\/07\/2.jpg\" data-orig-size=\"980,654\" data-comments-opened=\"0\" data-image-meta=\"{&quot;aperture&quot;:&quot;0&quot;,&quot;credit&quot;:&quot;&quot;,&quot;camera&quot;:&quot;&quot;,&quot;caption&quot;:&quot;&quot;,&quot;created_timestamp&quot;:&quot;0&quot;,&quot;copyright&quot;:&quot;&quot;,&quot;focal_length&quot;:&quot;0&quot;,&quot;iso&quot;:&quot;0&quot;,&quot;shutter_speed&quot;:&quot;0&quot;,&quot;title&quot;:&quot;&quot;,&quot;orientation&quot;:&quot;0&quot;}\" data-image-title=\"ustarroz\" data-image-description=\"\" data-image-caption=\"&lt;p&gt;Recorrida por club estudiantes&lt;\/p&gt;\n\" data-large-file=\"https:\/\/www.hoymercedes.com.ar\/principal\/wp-content\/uploads\/2018\/07\/2.jpg\" class=\"size-medium wp-image-78635\" src=\"https:\/\/www.hoymercedes.com.ar\/principal\/wp-content\/uploads\/2018\/07\/2-630x420.jpg\" alt=\"\" width=\"630\" height=\"420\" srcset=\"https:\/\/www.hoymercedes.com.ar\/principal\/wp-content\/uploads\/2018\/07\/2-630x420.jpg 630w, https:\/\/www.hoymercedes.com.ar\/principal\/wp-content\/uploads\/2018\/07\/2-150x100.jpg 150w, https:\/\/www.hoymercedes.com.ar\/principal\/wp-content\/uploads\/2018\/07\/2.jpg 980w\" sizes=\"auto, (max-width: 630px) 100vw, 630px\" \/><figcaption id=\"caption-attachment-78635\" class=\"wp-caption-text\">Recorrida por club estudiantes<\/figcaption><\/figure>\n<p style=\"font-weight: 400;\">La pol\u00edtica municipal de apoyo a los clubes ha generado en los \u00faltimos dos a\u00f1os un desarrollo in\u00e9dito, con nuevas canchas, vestuarios para todos los clubes, iluminaci\u00f3n, alambres perimetrales, viajes, es decir, una suma de aportes que han dado un cambio destacado a la realidad de los clubes, generando un crecimiento sostenido, para todos, destacan desde la Comuna.<\/p>\n<p>Fuente: Direcci\u00f3n de Deportes<\/p>\n","protected":false},"excerpt":{"rendered":"<p>El intendente Dr. Juan Ignacio Ustarroz fue parte de un nuevo encuentro institucional con un club de la ciudad a &#8230; <a title=\"Recorrida e importante apoyo al Club Estudiantes llev\u00f3 a cabo Ustarroz\" class=\"read-more\" href=\"https:\/\/www.hoymercedes.com.ar\/principal\/2018\/07\/15\/recorrida-e-importante-apoyo-al-club-estudiantes-llevo-a-cabo-ustarroz\/\" aria-label=\"Leer m\u00e1s sobre Recorrida e importante apoyo al Club Estudiantes llev\u00f3 a cabo Ustarroz\">Leer m\u00e1s<\/a><\/p>\n","protected":false},"author":1,"featured_media":78636,"comment_status":"closed","ping_status":"open","sticky":false,"template":"","format":"standard","meta":{"_monsterinsights_skip_tracking":false,"_monsterinsights_sitenote_active":false,"_monsterinsights_sitenote_note":"","_monsterinsights_sitenote_category":0,"jetpack_post_was_ever_published":false,"_jetpack_newsletter_access":"","_jetpack_dont_email_post_to_subs":false,"_jetpack_newsletter_tier_id":0,"_jetpack_memberships_contains_paywalled_content":false,"_jetpack_memberships_contains_paid_content":false,"footnotes":"","jetpack_publicize_message":"","jetpack_publicize_feature_enabled":true,"jetpack_social_post_already_shared":true,"jetpack_social_options":{"image_generator_settings":{"template":"highway","default_image_id":0,"font":"","enabled":false},"version":2},"_wpas_customize_per_network":false},"categories":[21],"tags":[3388,777,585,12973],"class_list":["post-78634","post","type-post","status-publish","format-standard","has-post-thumbnail","hentry","category-deportes","tag-club-estudiantes","tag-direccion-de-deportes","tag-juan-ustarroz","tag-pablo-massa","generate-columns","tablet-grid-50","mobile-grid-100","grid-parent","grid-50"],"jetpack_publicize_connections":[],"jetpack_featured_media_url":"https:\/\/www.hoymercedes.com.ar\/principal\/wp-content\/uploads\/2018\/07\/1.jpg","wps_subtitle":"Apoyo social ","jetpack_sharing_enabled":true,"_links":{"self":[{"href":"https:\/\/www.hoymercedes.com.ar\/principal\/wp-json\/wp\/v2\/posts\/78634","targetHints":{"allow":["GET"]}}],"collection":[{"href":"https:\/\/www.hoymercedes.com.ar\/principal\/wp-json\/wp\/v2\/posts"}],"about":[{"href":"https:\/\/www.hoymercedes.com.ar\/principal\/wp-json\/wp\/v2\/types\/post"}],"author":[{"embeddable":true,"href":"https:\/\/www.hoymercedes.com.ar\/principal\/wp-json\/wp\/v2\/users\/1"}],"replies":[{"embeddable":true,"href":"https:\/\/www.hoymercedes.com.ar\/principal\/wp-json\/wp\/v2\/comments?post=78634"}],"version-history":[{"count":0,"href":"https:\/\/www.hoymercedes.com.ar\/principal\/wp-json\/wp\/v2\/posts\/78634\/revisions"}],"wp:featuredmedia":[{"embeddable":true,"href":"https:\/\/www.hoymercedes.com.ar\/principal\/wp-json\/wp\/v2\/media\/78636"}],"wp:attachment":[{"href":"https:\/\/www.hoymercedes.com.ar\/principal\/wp-json\/wp\/v2\/media?parent=78634"}],"wp:term":[{"taxonomy":"category","embeddable":true,"href":"https:\/\/www.hoymercedes.com.ar\/principal\/wp-json\/wp\/v2\/categories?post=78634"},{"taxonomy":"post_tag","embeddable":true,"href":"https:\/\/www.hoymercedes.com.ar\/principal\/wp-json\/wp\/v2\/tags?post=78634"}],"curies":[{"name":"wp","href":"https:\/\/api.w.org\/{rel}","templated":true}]}}