{"id":78638,"date":"2018-07-15T21:16:13","date_gmt":"2018-07-16T00:16:13","guid":{"rendered":"http:\/\/www.hoymercedes.com.ar\/principal\/?p=78638"},"modified":"2018-07-15T20:19:48","modified_gmt":"2018-07-15T23:19:48","slug":"gran-cantidad-de-propuestas-gratis-para-los-chicos-en-vacaciones","status":"publish","type":"post","link":"https:\/\/www.hoymercedes.com.ar\/principal\/2018\/07\/15\/gran-cantidad-de-propuestas-gratis-para-los-chicos-en-vacaciones\/","title":{"rendered":"Gran cantidad de propuestas gratis para los chicos en vacaciones"},"content":{"rendered":"<p>Habr\u00e1 amplia variedad de propuestas en todos los formatos. La Direcci\u00f3n de Cultura invita a las familias, ni\u00f1os y ni\u00f1as, a ser parte de las actividades de vacaciones de inviernos. Cine, teatro, circo, museos y una espectacular kermesse que es toda una novedad para la distracci\u00f3n y entretenimiento para los peque\u00f1os.\u00a0 A las 14.30hs arranca, este lunes, la kermesse y el teatro, en Plaza San Mart\u00edn.<\/p>\n<p>\u00abHan sido meses de trabajo que arrancan este lunes y estamos muy emocionados\u00bb, dijo Luc\u00eda Capaccio, directora del \u00e1rea, sosteniendo que \u00abdebemos felicitar a todos los trabajadores municipales, desde cultura a la tarea important\u00edsima del corral\u00f3n, prensa, desarrollo social, \u00a0deportes, \u00a0han coordinado y logrado esta grilla enorme e in\u00e9dita de actividades para los ni\u00f1os\u00bb, destac\u00f3 sin olvidar que \u00aby la segunda semana adem\u00e1s tendremos un circo en La Trocha, donde el a\u00f1o pasado fue un gran \u00e9xito\u00bb, afirm\u00f3.<\/p>\n<p>Por su parte el jefe comunal, Dr. Juan Ignacio Ustarroz mencion\u00f3 que \u00abseguimos apostando al encuentro familiar y, por supuesto, a la ni\u00f1ez, porque ellos se merecen unas vacaciones m\u00e1gicas, llena de entretenimientos\u00bb y sostuvo que \u00abmientras en tantos lugares se ajusta en cultura, nosotros seguimos invirtiendo, con talleres, fiestas, colonias de vacaciones, corsos, y esta propuesta magn\u00edfica para las vacaciones de invierno\u201d.<\/p>\n<p>El a\u00f1o pasado, recordaron, \u201cpasaron m\u00e1s de 10.000 vecinos en las diferentes propuestas\u201d y se espera sea otro gran a\u00f1o.<\/p>\n<p><img loading=\"lazy\" decoding=\"async\" data-attachment-id=\"78639\" data-permalink=\"https:\/\/www.hoymercedes.com.ar\/principal\/2018\/07\/15\/gran-cantidad-de-propuestas-gratis-para-los-chicos-en-vacaciones\/invierno_dorso-1\/#main\" data-orig-file=\"https:\/\/www.hoymercedes.com.ar\/principal\/wp-content\/uploads\/2018\/07\/invierno_dorso-1.jpg\" data-orig-size=\"2181,3425\" data-comments-opened=\"0\" data-image-meta=\"{&quot;aperture&quot;:&quot;0&quot;,&quot;credit&quot;:&quot;&quot;,&quot;camera&quot;:&quot;&quot;,&quot;caption&quot;:&quot;&quot;,&quot;created_timestamp&quot;:&quot;0&quot;,&quot;copyright&quot;:&quot;&quot;,&quot;focal_length&quot;:&quot;0&quot;,&quot;iso&quot;:&quot;0&quot;,&quot;shutter_speed&quot;:&quot;0&quot;,&quot;title&quot;:&quot;&quot;,&quot;orientation&quot;:&quot;0&quot;}\" data-image-title=\"invierno_dorso (1)\" data-image-description=\"\" data-image-caption=\"\" data-large-file=\"https:\/\/www.hoymercedes.com.ar\/principal\/wp-content\/uploads\/2018\/07\/invierno_dorso-1-652x1024.jpg\" class=\"aligncenter wp-image-78639 size-large\" src=\"https:\/\/www.hoymercedes.com.ar\/principal\/wp-content\/uploads\/2018\/07\/invierno_dorso-1-652x1024.jpg\" alt=\"\" width=\"652\" height=\"1024\" srcset=\"https:\/\/www.hoymercedes.com.ar\/principal\/wp-content\/uploads\/2018\/07\/invierno_dorso-1-652x1024.jpg 652w, https:\/\/www.hoymercedes.com.ar\/principal\/wp-content\/uploads\/2018\/07\/invierno_dorso-1-96x150.jpg 96w, https:\/\/www.hoymercedes.com.ar\/principal\/wp-content\/uploads\/2018\/07\/invierno_dorso-1-395x620.jpg 395w\" sizes=\"auto, (max-width: 652px) 100vw, 652px\" \/><\/p>\n<p>&nbsp;<\/p>\n<p>Fuente: Direcci\u00f3n de Cultura<\/p>\n","protected":false},"excerpt":{"rendered":"<p>Habr\u00e1 amplia variedad de propuestas en todos los formatos. La Direcci\u00f3n de Cultura invita a las familias, ni\u00f1os y ni\u00f1as, &#8230; <a title=\"Gran cantidad de propuestas gratis para los chicos en vacaciones\" class=\"read-more\" href=\"https:\/\/www.hoymercedes.com.ar\/principal\/2018\/07\/15\/gran-cantidad-de-propuestas-gratis-para-los-chicos-en-vacaciones\/\" aria-label=\"Leer m\u00e1s sobre Gran cantidad de propuestas gratis para los chicos en vacaciones\">Leer m\u00e1s<\/a><\/p>\n","protected":false},"author":1,"featured_media":65073,"comment_status":"closed","ping_status":"open","sticky":false,"template":"","format":"standard","meta":{"_monsterinsights_skip_tracking":false,"_monsterinsights_sitenote_active":false,"_monsterinsights_sitenote_note":"","_monsterinsights_sitenote_category":0,"jetpack_post_was_ever_published":false,"_jetpack_newsletter_access":"","_jetpack_dont_email_post_to_subs":false,"_jetpack_newsletter_tier_id":0,"_jetpack_memberships_contains_paywalled_content":false,"_jetpack_memberships_contains_paid_content":false,"footnotes":"","jetpack_publicize_message":"","jetpack_publicize_feature_enabled":true,"jetpack_social_post_already_shared":true,"jetpack_social_options":{"image_generator_settings":{"template":"highway","default_image_id":0,"font":"","enabled":false},"version":2},"_wpas_customize_per_network":false},"categories":[104],"tags":[739,8589,7629],"class_list":["post-78638","post","type-post","status-publish","format-standard","has-post-thumbnail","hentry","category-cultura","tag-direccion-de-cultura","tag-lucia-capaccio","tag-vacaciones-de-invierno","generate-columns","tablet-grid-50","mobile-grid-100","grid-parent","grid-50"],"jetpack_publicize_connections":[],"jetpack_featured_media_url":"https:\/\/www.hoymercedes.com.ar\/principal\/wp-content\/uploads\/2017\/07\/vacacionesmuseos-101.jpg","wps_subtitle":"","jetpack_sharing_enabled":true,"jetpack-related-posts":[{"id":78695,"url":"https:\/\/www.hoymercedes.com.ar\/principal\/2018\/07\/16\/estas-vacaciones-cultura-andante-arranco-para-todos-los-chicos\/","url_meta":{"origin":78638,"position":0},"title":"Estas vacaciones \u00abcultura andante\u00bb arranc\u00f3 para todos los chicos","author":"hoymercedes","date":"16 julio, 2018","format":false,"excerpt":"\u00a0 Con gran cantidad de propuestas el intendente Ustarroz lanz\u00f3 \u201cCultura andante\u201d para los chicos y chicas de nuestra ciudad. Son actividades libres y gratuitas. Desde una creativa kermesse a teatro, museos, deportes y circo. \u201cEstamos muy contentos en estas vacaciones de invierno, en las cuales traemos tantas propuestas y\u2026","rel":"","context":"En \u00abMunicipio\u00bb","block_context":{"text":"Municipio","link":"https:\/\/www.hoymercedes.com.ar\/principal\/category\/municipio\/"},"img":{"alt_text":"","src":"https:\/\/i0.wp.com\/www.hoymercedes.com.ar\/principal\/wp-content\/uploads\/2018\/07\/culturaandanteDSC_0146.jpg?resize=350%2C200&ssl=1","width":350,"height":200,"srcset":"https:\/\/i0.wp.com\/www.hoymercedes.com.ar\/principal\/wp-content\/uploads\/2018\/07\/culturaandanteDSC_0146.jpg?resize=350%2C200&ssl=1 1x, https:\/\/i0.wp.com\/www.hoymercedes.com.ar\/principal\/wp-content\/uploads\/2018\/07\/culturaandanteDSC_0146.jpg?resize=525%2C300&ssl=1 1.5x, https:\/\/i0.wp.com\/www.hoymercedes.com.ar\/principal\/wp-content\/uploads\/2018\/07\/culturaandanteDSC_0146.jpg?resize=700%2C400&ssl=1 2x"},"classes":[]},{"id":78922,"url":"https:\/\/www.hoymercedes.com.ar\/principal\/2018\/07\/22\/vacaciones-para-los-chicos-con-gran-asistencia-sorteo-y-mucho-entretenimiento\/","url_meta":{"origin":78638,"position":1},"title":"Vacaciones para los chicos con gran asistencia, sorteo y mucho entretenimiento","author":"hoymercedes","date":"22 julio, 2018","format":false,"excerpt":"\u00a0 La primera semana de vacaciones se vivi\u00f3 con m\u00e1s de 3000 ni\u00f1os disfrutando los distintos atractivos programados por la Direcci\u00f3n de Cultura. Ustarroz destac\u00f3 que \u201cfueron encuentros familiares, lo cual nos alegra much\u00edsimo\u201d partiendo de \u201cideas creativas, como la kermesse o la excavaci\u00f3n de peque\u00f1os antrop\u00f3logos\u201d. Hubo cine, funciones\u2026","rel":"","context":"En \u00abSociedad\u00bb","block_context":{"text":"Sociedad","link":"https:\/\/www.hoymercedes.com.ar\/principal\/category\/sociedad\/"},"img":{"alt_text":"","src":"https:\/\/i0.wp.com\/www.hoymercedes.com.ar\/principal\/wp-content\/uploads\/2018\/07\/vacaciones.de_.inviernoDomigo-vacaciones-2.jpg?resize=350%2C200&ssl=1","width":350,"height":200,"srcset":"https:\/\/i0.wp.com\/www.hoymercedes.com.ar\/principal\/wp-content\/uploads\/2018\/07\/vacaciones.de_.inviernoDomigo-vacaciones-2.jpg?resize=350%2C200&ssl=1 1x, https:\/\/i0.wp.com\/www.hoymercedes.com.ar\/principal\/wp-content\/uploads\/2018\/07\/vacaciones.de_.inviernoDomigo-vacaciones-2.jpg?resize=525%2C300&ssl=1 1.5x, https:\/\/i0.wp.com\/www.hoymercedes.com.ar\/principal\/wp-content\/uploads\/2018\/07\/vacaciones.de_.inviernoDomigo-vacaciones-2.jpg?resize=700%2C400&ssl=1 2x"},"classes":[]},{"id":79134,"url":"https:\/\/www.hoymercedes.com.ar\/principal\/2018\/07\/29\/cierre-de-vacaciones-de-invierno-con-sorteo-y-mas-de-10-000-asistentes-en-dos-semanas-de-fiesta\/","url_meta":{"origin":78638,"position":2},"title":"Cierre de vacaciones de invierno con sorteo y m\u00e1s de 10.000 asistentes en dos semanas de fiesta","author":"hoymercedes","date":"29 julio, 2018","format":false,"excerpt":"Las vacaciones de invierno se vivieron en Mercedes con una gran cantidad de actividades e inversi\u00f3n por parte de la Municipalidad de Mercedes. Cerca de 10 mil asistentes al Teatro, Circo, Kermesse, Museos, Deporte, Comedia Municipal y juegos que el clima no logr\u00f3 opacar. Con salas llenas y funciones completas\u2026","rel":"","context":"En \u00abCultura\u00bb","block_context":{"text":"Cultura","link":"https:\/\/www.hoymercedes.com.ar\/principal\/category\/cultura\/"},"img":{"alt_text":"","src":"https:\/\/i0.wp.com\/www.hoymercedes.com.ar\/principal\/wp-content\/uploads\/2018\/07\/Asistentes-Trocha.jpeg?resize=350%2C200&ssl=1","width":350,"height":200,"srcset":"https:\/\/i0.wp.com\/www.hoymercedes.com.ar\/principal\/wp-content\/uploads\/2018\/07\/Asistentes-Trocha.jpeg?resize=350%2C200&ssl=1 1x, https:\/\/i0.wp.com\/www.hoymercedes.com.ar\/principal\/wp-content\/uploads\/2018\/07\/Asistentes-Trocha.jpeg?resize=525%2C300&ssl=1 1.5x, https:\/\/i0.wp.com\/www.hoymercedes.com.ar\/principal\/wp-content\/uploads\/2018\/07\/Asistentes-Trocha.jpeg?resize=700%2C400&ssl=1 2x, https:\/\/i0.wp.com\/www.hoymercedes.com.ar\/principal\/wp-content\/uploads\/2018\/07\/Asistentes-Trocha.jpeg?resize=1050%2C600&ssl=1 3x"},"classes":[]},{"id":77903,"url":"https:\/\/www.hoymercedes.com.ar\/principal\/2018\/06\/29\/municipio-anuncio-variada-agenda-cultural-para-los-chicos-y-familia-en-vacaciones-de-invierno\/","url_meta":{"origin":78638,"position":3},"title":"Municipio anunci\u00f3 variada agenda cultural para los chicos y familia en vacaciones de invierno","author":"hoymercedes","date":"29 junio, 2018","format":false,"excerpt":"\u00a0 El intendente, el Dr. Juan Ignacio Ustarroz, junto a la directora de cultura, Lucia Capaccio presentaron para estas vacaciones de invierno, una amplia y variada agenda de espect\u00e1culos en nuestra ciudad. La misma est\u00e1 dirigida, no s\u00f3lo a los ni\u00f1os, sino a toda la familia. Cabe destacar que todas\u2026","rel":"","context":"En \u00abMunicipio\u00bb","block_context":{"text":"Municipio","link":"https:\/\/www.hoymercedes.com.ar\/principal\/category\/municipio\/"},"img":{"alt_text":"","src":"https:\/\/i0.wp.com\/www.hoymercedes.com.ar\/principal\/wp-content\/uploads\/2018\/06\/capaccio-ustarroz.jpg?resize=350%2C200&ssl=1","width":350,"height":200,"srcset":"https:\/\/i0.wp.com\/www.hoymercedes.com.ar\/principal\/wp-content\/uploads\/2018\/06\/capaccio-ustarroz.jpg?resize=350%2C200&ssl=1 1x, https:\/\/i0.wp.com\/www.hoymercedes.com.ar\/principal\/wp-content\/uploads\/2018\/06\/capaccio-ustarroz.jpg?resize=525%2C300&ssl=1 1.5x, https:\/\/i0.wp.com\/www.hoymercedes.com.ar\/principal\/wp-content\/uploads\/2018\/06\/capaccio-ustarroz.jpg?resize=700%2C400&ssl=1 2x, https:\/\/i0.wp.com\/www.hoymercedes.com.ar\/principal\/wp-content\/uploads\/2018\/06\/capaccio-ustarroz.jpg?resize=1050%2C600&ssl=1 3x"},"classes":[]},{"id":71343,"url":"https:\/\/www.hoymercedes.com.ar\/principal\/2018\/01\/05\/para-lucia-capaccio-fue-un-gran-2017-para-la-cultura-mercedina\/","url_meta":{"origin":78638,"position":4},"title":"Para Luc\u00eda Capaccio fue un gran 2017 para la cultura mercedina","author":"hoymercedes","date":"5 enero, 2018","format":false,"excerpt":"\u00a0 Luc\u00eda Capaccio analiz\u00f3 el trabajo de todas las dependencias culturales en este a\u00f1o. Destac\u00f3 el actuar en equipo con los trabajadores del \u00e1rea y los artistas. Se cumplieron objetivos que seguir\u00e1n siendo prioridad en 2018 y se proyectan nuevas acciones. La Direcci\u00f3n de Cultura transit\u00f3 un a\u00f1o de desaf\u00edos\u2026","rel":"","context":"En \u00abCultura\u00bb","block_context":{"text":"Cultura","link":"https:\/\/www.hoymercedes.com.ar\/principal\/category\/cultura\/"},"img":{"alt_text":"","src":"https:\/\/i0.wp.com\/www.hoymercedes.com.ar\/principal\/wp-content\/uploads\/2018\/01\/LuciaCapaccio.jpg?resize=350%2C200&ssl=1","width":350,"height":200,"srcset":"https:\/\/i0.wp.com\/www.hoymercedes.com.ar\/principal\/wp-content\/uploads\/2018\/01\/LuciaCapaccio.jpg?resize=350%2C200&ssl=1 1x, https:\/\/i0.wp.com\/www.hoymercedes.com.ar\/principal\/wp-content\/uploads\/2018\/01\/LuciaCapaccio.jpg?resize=525%2C300&ssl=1 1.5x, https:\/\/i0.wp.com\/www.hoymercedes.com.ar\/principal\/wp-content\/uploads\/2018\/01\/LuciaCapaccio.jpg?resize=700%2C400&ssl=1 2x"},"classes":[]},{"id":156942,"url":"https:\/\/www.hoymercedes.com.ar\/principal\/2022\/12\/29\/se-viene-un-verano-con-muchisimas-actividades-en-mercedes\/","url_meta":{"origin":78638,"position":5},"title":"Se viene un verano con much\u00edsimas actividades en Mercedes","author":"hoymercedes","date":"29 diciembre, 2022","format":false,"excerpt":"Mercedes se prepara para una temporada de verano llena de actividades y propuestas que iniciar\u00e1n el pr\u00f3ximo mes de enero. La extensa agenda incluye variadas e interesantes propuestas para toda la familia. La directora de Cultura, Lucia Capaccio manifest\u00f3 \u201cesto lo fuimos armando entre las distintas \u00e1reas del Municipio, es\u2026","rel":"","context":"En \u00abSociedad\u00bb","block_context":{"text":"Sociedad","link":"https:\/\/www.hoymercedes.com.ar\/principal\/category\/sociedad\/"},"img":{"alt_text":"La Trocha - ViviMercedes","src":"https:\/\/i0.wp.com\/www.hoymercedes.com.ar\/principal\/wp-content\/uploads\/2022\/12\/DSC02117.jpg?resize=350%2C200&ssl=1","width":350,"height":200,"srcset":"https:\/\/i0.wp.com\/www.hoymercedes.com.ar\/principal\/wp-content\/uploads\/2022\/12\/DSC02117.jpg?resize=350%2C200&ssl=1 1x, https:\/\/i0.wp.com\/www.hoymercedes.com.ar\/principal\/wp-content\/uploads\/2022\/12\/DSC02117.jpg?resize=525%2C300&ssl=1 1.5x, https:\/\/i0.wp.com\/www.hoymercedes.com.ar\/principal\/wp-content\/uploads\/2022\/12\/DSC02117.jpg?resize=700%2C400&ssl=1 2x"},"classes":[]}],"_links":{"self":[{"href":"https:\/\/www.hoymercedes.com.ar\/principal\/wp-json\/wp\/v2\/posts\/78638","targetHints":{"allow":["GET"]}}],"collection":[{"href":"https:\/\/www.hoymercedes.com.ar\/principal\/wp-json\/wp\/v2\/posts"}],"about":[{"href":"https:\/\/www.hoymercedes.com.ar\/principal\/wp-json\/wp\/v2\/types\/post"}],"author":[{"embeddable":true,"href":"https:\/\/www.hoymercedes.com.ar\/principal\/wp-json\/wp\/v2\/users\/1"}],"replies":[{"embeddable":true,"href":"https:\/\/www.hoymercedes.com.ar\/principal\/wp-json\/wp\/v2\/comments?post=78638"}],"version-history":[{"count":0,"href":"https:\/\/www.hoymercedes.com.ar\/principal\/wp-json\/wp\/v2\/posts\/78638\/revisions"}],"wp:featuredmedia":[{"embeddable":true,"href":"https:\/\/www.hoymercedes.com.ar\/principal\/wp-json\/wp\/v2\/media\/65073"}],"wp:attachment":[{"href":"https:\/\/www.hoymercedes.com.ar\/principal\/wp-json\/wp\/v2\/media?parent=78638"}],"wp:term":[{"taxonomy":"category","embeddable":true,"href":"https:\/\/www.hoymercedes.com.ar\/principal\/wp-json\/wp\/v2\/categories?post=78638"},{"taxonomy":"post_tag","embeddable":true,"href":"https:\/\/www.hoymercedes.com.ar\/principal\/wp-json\/wp\/v2\/tags?post=78638"}],"curies":[{"name":"wp","href":"https:\/\/api.w.org\/{rel}","templated":true}]}}