{"id":78650,"date":"2018-07-16T19:13:27","date_gmt":"2018-07-16T22:13:27","guid":{"rendered":"http:\/\/www.hoymercedes.com.ar\/principal\/?p=78650"},"modified":"2018-07-16T19:13:27","modified_gmt":"2018-07-16T22:13:27","slug":"recuerdan-a-juan-alberto-mansilla-a-9-anos-del-siniestro-que-termino-con-su-vida","status":"publish","type":"post","link":"https:\/\/www.hoymercedes.com.ar\/principal\/2018\/07\/16\/recuerdan-a-juan-alberto-mansilla-a-9-anos-del-siniestro-que-termino-con-su-vida\/","title":{"rendered":"Recuerdan a Juan Alberto Mansilla a 9 a\u00f1os del siniestro que termin\u00f3 con su vida"},"content":{"rendered":"<p>En la ma\u00f1ana de este lunes 16 de julio, familiares, amigos, el grupo\u00a0Estrellas Amarillas Mercedes, el Intendente Juan Ignacio Ustarroz y el \u00e1rea de Seguridad Vial descubrieron una nueva se\u00f1al que le propone a los conductores que \u00absean prudentes\u00bb. Sobre Ruta Nacional N\u00b0 5, a pocos metros del puente que comunica con la Ruta Provincial N\u00b0 41, se descubri\u00f3 la carteler\u00eda que recuerda a Juan Alberto Mansilla en una estrella amarilla. Juan falleci\u00f3 hace 9 a\u00f1os v\u00edctima de un siniestro vial ocurrido el 16 de julio de 2009 en el lugar donde se instal\u00f3 la se\u00f1al de advertencia.<\/p>\n<p><img loading=\"lazy\" decoding=\"async\" data-attachment-id=\"78651\" data-permalink=\"https:\/\/www.hoymercedes.com.ar\/principal\/2018\/07\/16\/recuerdan-a-juan-alberto-mansilla-a-9-anos-del-siniestro-que-termino-con-su-vida\/16-estrella-mansilla-1\/#main\" data-orig-file=\"https:\/\/www.hoymercedes.com.ar\/principal\/wp-content\/uploads\/2018\/07\/16-estrella-mansilla-1.jpg\" data-orig-size=\"750,500\" data-comments-opened=\"0\" data-image-meta=\"{&quot;aperture&quot;:&quot;0&quot;,&quot;credit&quot;:&quot;&quot;,&quot;camera&quot;:&quot;&quot;,&quot;caption&quot;:&quot;&quot;,&quot;created_timestamp&quot;:&quot;0&quot;,&quot;copyright&quot;:&quot;&quot;,&quot;focal_length&quot;:&quot;0&quot;,&quot;iso&quot;:&quot;0&quot;,&quot;shutter_speed&quot;:&quot;0&quot;,&quot;title&quot;:&quot;&quot;,&quot;orientation&quot;:&quot;0&quot;}\" data-image-title=\"16 estrella mansilla 1\" data-image-description=\"\" data-image-caption=\"\" data-large-file=\"https:\/\/www.hoymercedes.com.ar\/principal\/wp-content\/uploads\/2018\/07\/16-estrella-mansilla-1.jpg\" class=\"aligncenter size-medium wp-image-78651\" src=\"https:\/\/www.hoymercedes.com.ar\/principal\/wp-content\/uploads\/2018\/07\/16-estrella-mansilla-1-630x420.jpg\" alt=\"\" width=\"630\" height=\"420\" srcset=\"https:\/\/www.hoymercedes.com.ar\/principal\/wp-content\/uploads\/2018\/07\/16-estrella-mansilla-1-630x420.jpg 630w, https:\/\/www.hoymercedes.com.ar\/principal\/wp-content\/uploads\/2018\/07\/16-estrella-mansilla-1-150x100.jpg 150w, https:\/\/www.hoymercedes.com.ar\/principal\/wp-content\/uploads\/2018\/07\/16-estrella-mansilla-1.jpg 750w\" sizes=\"auto, (max-width: 630px) 100vw, 630px\" \/><\/p>\n","protected":false},"excerpt":{"rendered":"<p>En la ma\u00f1ana de este lunes 16 de julio, familiares, amigos, el grupo\u00a0Estrellas Amarillas Mercedes, el Intendente Juan Ignacio Ustarroz &#8230; <a title=\"Recuerdan a Juan Alberto Mansilla a 9 a\u00f1os del siniestro que termin\u00f3 con su vida\" class=\"read-more\" href=\"https:\/\/www.hoymercedes.com.ar\/principal\/2018\/07\/16\/recuerdan-a-juan-alberto-mansilla-a-9-anos-del-siniestro-que-termino-con-su-vida\/\" aria-label=\"Leer m\u00e1s sobre Recuerdan a Juan Alberto Mansilla a 9 a\u00f1os del siniestro que termin\u00f3 con su vida\">Leer m\u00e1s<\/a><\/p>\n","protected":false},"author":1,"featured_media":78651,"comment_status":"closed","ping_status":"open","sticky":false,"template":"","format":"standard","meta":{"_monsterinsights_skip_tracking":false,"_monsterinsights_sitenote_active":false,"_monsterinsights_sitenote_note":"","_monsterinsights_sitenote_category":0,"jetpack_post_was_ever_published":false,"_jetpack_newsletter_access":"","_jetpack_dont_email_post_to_subs":false,"_jetpack_newsletter_tier_id":0,"_jetpack_memberships_contains_paywalled_content":false,"_jetpack_memberships_contains_paid_content":false,"footnotes":"","jetpack_publicize_message":"","jetpack_publicize_feature_enabled":true,"jetpack_social_post_already_shared":true,"jetpack_social_options":{"image_generator_settings":{"template":"highway","default_image_id":0,"font":"","enabled":false},"version":2},"_wpas_customize_per_network":false},"categories":[8],"tags":[9451,10,10013,626,9453,12085],"class_list":["post-78650","post","type-post","status-publish","format-standard","has-post-thumbnail","hentry","category-sociedad","tag-estrellas-amarillas","tag-mercedes","tag-precaucion","tag-seguridad-vial","tag-siniestros-viales","tag-victimas","generate-columns","tablet-grid-50","mobile-grid-100","grid-parent","grid-50"],"jetpack_publicize_connections":[],"jetpack_featured_media_url":"https:\/\/www.hoymercedes.com.ar\/principal\/wp-content\/uploads\/2018\/07\/16-estrella-mansilla-1.jpg","wps_subtitle":"Estrella Amarilla sobre la ruta 5","jetpack_sharing_enabled":true,"jetpack-related-posts":[{"id":78629,"url":"https:\/\/www.hoymercedes.com.ar\/principal\/2018\/07\/15\/descubriran-una-nueva-senal-vertical-con-estrella-amarilla-que-recuerda-a-juan-alberto-mansilla\/","url_meta":{"origin":78650,"position":0},"title":"Descubrir\u00e1n una nueva se\u00f1al vertical con estrella amarilla que recuerda a Juan Alberto Mansilla","author":"hoymercedes","date":"15 julio, 2018","format":false,"excerpt":"Una nueva Estrella Amarilla se descubrir\u00e1 este lunes 16 de julio en horas de la ma\u00f1ana. Ser\u00e1 en Ruta Nacional N\u00b0 5, entre el acceso a Ruta Provincial N\u00b0 41 y el puente de la misma ruta. Una se\u00f1al vertical que indicar\u00e1 que all\u00ed hubo un siniestro vial, que all\u00ed\u2026","rel":"","context":"En \u00abSociedad\u00bb","block_context":{"text":"Sociedad","link":"https:\/\/www.hoymercedes.com.ar\/principal\/category\/sociedad\/"},"img":{"alt_text":"","src":"https:\/\/i0.wp.com\/www.hoymercedes.com.ar\/principal\/wp-content\/uploads\/2018\/06\/04-estrellas-amarillas.jpg?resize=350%2C200&ssl=1","width":350,"height":200,"srcset":"https:\/\/i0.wp.com\/www.hoymercedes.com.ar\/principal\/wp-content\/uploads\/2018\/06\/04-estrellas-amarillas.jpg?resize=350%2C200&ssl=1 1x, https:\/\/i0.wp.com\/www.hoymercedes.com.ar\/principal\/wp-content\/uploads\/2018\/06\/04-estrellas-amarillas.jpg?resize=525%2C300&ssl=1 1.5x, https:\/\/i0.wp.com\/www.hoymercedes.com.ar\/principal\/wp-content\/uploads\/2018\/06\/04-estrellas-amarillas.jpg?resize=700%2C400&ssl=1 2x"},"classes":[]},{"id":77099,"url":"https:\/\/www.hoymercedes.com.ar\/principal\/2018\/06\/10\/caravana-de-estrellas-amarillas-en-el-dia-de-la-seguridad-vial\/","url_meta":{"origin":78650,"position":1},"title":"Caravana de Estrellas Amarillas en el d\u00eda de la Seguridad Vial","author":"hoymercedes","date":"10 junio, 2018","format":false,"excerpt":"Desde las primeras horas de la tarde del domingo 10 de junio, una caravana identificada con el logo del Grupo Estrellas Amarillas Mercedes y telas amarillas recorri\u00f3 siete de las estrellas pintadas en el asfalto para inaugurar las nuevas identificaciones verticales que recuerdan a las v\u00edctimas fatales de siniestros viales\u2026","rel":"","context":"En \u00abSociedad\u00bb","block_context":{"text":"Sociedad","link":"https:\/\/www.hoymercedes.com.ar\/principal\/category\/sociedad\/"},"img":{"alt_text":"","src":"https:\/\/i0.wp.com\/www.hoymercedes.com.ar\/principal\/wp-content\/uploads\/2018\/06\/10-caravana-estrellas-1.jpg?resize=350%2C200&ssl=1","width":350,"height":200,"srcset":"https:\/\/i0.wp.com\/www.hoymercedes.com.ar\/principal\/wp-content\/uploads\/2018\/06\/10-caravana-estrellas-1.jpg?resize=350%2C200&ssl=1 1x, https:\/\/i0.wp.com\/www.hoymercedes.com.ar\/principal\/wp-content\/uploads\/2018\/06\/10-caravana-estrellas-1.jpg?resize=525%2C300&ssl=1 1.5x, https:\/\/i0.wp.com\/www.hoymercedes.com.ar\/principal\/wp-content\/uploads\/2018\/06\/10-caravana-estrellas-1.jpg?resize=700%2C400&ssl=1 2x"},"classes":[]},{"id":141120,"url":"https:\/\/www.hoymercedes.com.ar\/principal\/2021\/12\/07\/homenaje-a-comita-pazos-donde-sufrio-un-siniestro-vial\/","url_meta":{"origin":78650,"position":2},"title":"Homenaje a Comita Pazos donde sufri\u00f3 un siniestro vial","author":"hoymercedes","date":"7 diciembre, 2021","format":false,"excerpt":"El recuerdo de Fernando Fabi\u00e1n \"Comita\" Pazos es permanente. Sin embargo, en la tarde del lunes ese recuerdo se hizo presente en un sentido homenaje a un vecino, muy querido por familiares, amigos y vecinos, que en julio pasado falleci\u00f3 a causa de haber sufrido un siniestro vial en la\u2026","rel":"","context":"En \u00abSociedad\u00bb","block_context":{"text":"Sociedad","link":"https:\/\/www.hoymercedes.com.ar\/principal\/category\/sociedad\/"},"img":{"alt_text":"","src":"https:\/\/i0.wp.com\/www.hoymercedes.com.ar\/principal\/wp-content\/uploads\/2021\/12\/comita-estrella-amarilla-9.jpg?resize=350%2C200&ssl=1","width":350,"height":200,"srcset":"https:\/\/i0.wp.com\/www.hoymercedes.com.ar\/principal\/wp-content\/uploads\/2021\/12\/comita-estrella-amarilla-9.jpg?resize=350%2C200&ssl=1 1x, https:\/\/i0.wp.com\/www.hoymercedes.com.ar\/principal\/wp-content\/uploads\/2021\/12\/comita-estrella-amarilla-9.jpg?resize=525%2C300&ssl=1 1.5x, https:\/\/i0.wp.com\/www.hoymercedes.com.ar\/principal\/wp-content\/uploads\/2021\/12\/comita-estrella-amarilla-9.jpg?resize=700%2C400&ssl=1 2x"},"classes":[]},{"id":83631,"url":"https:\/\/www.hoymercedes.com.ar\/principal\/2018\/11\/06\/una-estrella-amarilla-en-la-ruta-5-recuerda-a-jonathan-mendoza\/","url_meta":{"origin":78650,"position":3},"title":"Una estrella amarilla en la Ruta 5 recuerda a Jonathan Mendoza","author":"hoymercedes","date":"6 noviembre, 2018","format":false,"excerpt":"En la tarde del lunes 5 de noviembre, la familia de Jonathan Antonio Mendoza lo record\u00f3 a seis a\u00f1os del siniestro vial que termin\u00f3 con la vida del joven en la Ruta N\u00b0 5 km 94. All\u00ed se descubri\u00f3 una nueva se\u00f1al de advertencia y concientizaci\u00f3n con una estrella amarilla\u2026","rel":"","context":"En \u00abSociedad\u00bb","block_context":{"text":"Sociedad","link":"https:\/\/www.hoymercedes.com.ar\/principal\/category\/sociedad\/"},"img":{"alt_text":"","src":"https:\/\/i0.wp.com\/www.hoymercedes.com.ar\/principal\/wp-content\/uploads\/2018\/11\/06-estrella-2-e1541505176601.jpg?resize=350%2C200&ssl=1","width":350,"height":200,"srcset":"https:\/\/i0.wp.com\/www.hoymercedes.com.ar\/principal\/wp-content\/uploads\/2018\/11\/06-estrella-2-e1541505176601.jpg?resize=350%2C200&ssl=1 1x, https:\/\/i0.wp.com\/www.hoymercedes.com.ar\/principal\/wp-content\/uploads\/2018\/11\/06-estrella-2-e1541505176601.jpg?resize=525%2C300&ssl=1 1.5x, https:\/\/i0.wp.com\/www.hoymercedes.com.ar\/principal\/wp-content\/uploads\/2018\/11\/06-estrella-2-e1541505176601.jpg?resize=700%2C400&ssl=1 2x"},"classes":[]},{"id":63432,"url":"https:\/\/www.hoymercedes.com.ar\/principal\/2017\/06\/02\/una-estrella-amarilla-por-juan-manuel-olivella\/","url_meta":{"origin":78650,"position":4},"title":"Una Estrella Amarilla por Juan Manuel Olivella","author":"hoymercedes","date":"2 junio, 2017","format":false,"excerpt":"Durante la ma\u00f1ana de este viernes, d\u00eda tambi\u00e9n del Bombero Voluntario, fue recordado y homenajeado el bombero Juan Manuel Olivella, joven mercedino v\u00edctima fatal de un siniestro vial el 15 de junio de 2003. La familia junto a las Estrellas Amarillas Mercedes, agrupaci\u00f3n que re\u00fane a familiares de v\u00edctimas fatales\u2026","rel":"","context":"En \u00abComunidad\u00bb","block_context":{"text":"Comunidad","link":"https:\/\/www.hoymercedes.com.ar\/principal\/category\/comunidad\/"},"img":{"alt_text":"","src":"https:\/\/i0.wp.com\/www.hoymercedes.com.ar\/principal\/wp-content\/uploads\/2017\/06\/02-estrella-olivella.jpg?resize=350%2C200&ssl=1","width":350,"height":200,"srcset":"https:\/\/i0.wp.com\/www.hoymercedes.com.ar\/principal\/wp-content\/uploads\/2017\/06\/02-estrella-olivella.jpg?resize=350%2C200&ssl=1 1x, https:\/\/i0.wp.com\/www.hoymercedes.com.ar\/principal\/wp-content\/uploads\/2017\/06\/02-estrella-olivella.jpg?resize=525%2C300&ssl=1 1.5x"},"classes":[]},{"id":72769,"url":"https:\/\/www.hoymercedes.com.ar\/principal\/2018\/02\/22\/descubrieron-senal-con-estrella-amarilla-a-la-memoria-de-ezequiel-manganiello-ferro\/","url_meta":{"origin":78650,"position":5},"title":"Descubrieron se\u00f1al con Estrella Amarilla a la memoria de Ezequiel Manganiello Ferro","author":"hoymercedes","date":"22 febrero, 2018","format":false,"excerpt":"Ezequiel Hern\u00e1n Manganiello Ferro fue recordado en la tarde del mi\u00e9rcoles 22 de febrero a nueve a\u00f1os del siniestro vial que termin\u00f3 con su vida. Familiares, amigos y el Grupo Estrellas Amarrillas se hizo presente a la vera de la Ruta 5, a metros pasados el ingreso a Gowland, para\u2026","rel":"","context":"En \u00abSociedad\u00bb","block_context":{"text":"Sociedad","link":"https:\/\/www.hoymercedes.com.ar\/principal\/category\/sociedad\/"},"img":{"alt_text":"","src":"https:\/\/i0.wp.com\/www.hoymercedes.com.ar\/principal\/wp-content\/uploads\/2018\/02\/22-estrella-amarilla-1.jpg?resize=350%2C200&ssl=1","width":350,"height":200,"srcset":"https:\/\/i0.wp.com\/www.hoymercedes.com.ar\/principal\/wp-content\/uploads\/2018\/02\/22-estrella-amarilla-1.jpg?resize=350%2C200&ssl=1 1x, https:\/\/i0.wp.com\/www.hoymercedes.com.ar\/principal\/wp-content\/uploads\/2018\/02\/22-estrella-amarilla-1.jpg?resize=525%2C300&ssl=1 1.5x, https:\/\/i0.wp.com\/www.hoymercedes.com.ar\/principal\/wp-content\/uploads\/2018\/02\/22-estrella-amarilla-1.jpg?resize=700%2C400&ssl=1 2x"},"classes":[]}],"_links":{"self":[{"href":"https:\/\/www.hoymercedes.com.ar\/principal\/wp-json\/wp\/v2\/posts\/78650","targetHints":{"allow":["GET"]}}],"collection":[{"href":"https:\/\/www.hoymercedes.com.ar\/principal\/wp-json\/wp\/v2\/posts"}],"about":[{"href":"https:\/\/www.hoymercedes.com.ar\/principal\/wp-json\/wp\/v2\/types\/post"}],"author":[{"embeddable":true,"href":"https:\/\/www.hoymercedes.com.ar\/principal\/wp-json\/wp\/v2\/users\/1"}],"replies":[{"embeddable":true,"href":"https:\/\/www.hoymercedes.com.ar\/principal\/wp-json\/wp\/v2\/comments?post=78650"}],"version-history":[{"count":0,"href":"https:\/\/www.hoymercedes.com.ar\/principal\/wp-json\/wp\/v2\/posts\/78650\/revisions"}],"wp:featuredmedia":[{"embeddable":true,"href":"https:\/\/www.hoymercedes.com.ar\/principal\/wp-json\/wp\/v2\/media\/78651"}],"wp:attachment":[{"href":"https:\/\/www.hoymercedes.com.ar\/principal\/wp-json\/wp\/v2\/media?parent=78650"}],"wp:term":[{"taxonomy":"category","embeddable":true,"href":"https:\/\/www.hoymercedes.com.ar\/principal\/wp-json\/wp\/v2\/categories?post=78650"},{"taxonomy":"post_tag","embeddable":true,"href":"https:\/\/www.hoymercedes.com.ar\/principal\/wp-json\/wp\/v2\/tags?post=78650"}],"curies":[{"name":"wp","href":"https:\/\/api.w.org\/{rel}","templated":true}]}}