{"id":78695,"date":"2018-07-16T21:06:35","date_gmt":"2018-07-17T00:06:35","guid":{"rendered":"http:\/\/www.hoymercedes.com.ar\/principal\/?p=78695"},"modified":"2018-07-16T21:06:35","modified_gmt":"2018-07-17T00:06:35","slug":"estas-vacaciones-cultura-andante-arranco-para-todos-los-chicos","status":"publish","type":"post","link":"https:\/\/www.hoymercedes.com.ar\/principal\/2018\/07\/16\/estas-vacaciones-cultura-andante-arranco-para-todos-los-chicos\/","title":{"rendered":"Estas vacaciones \u00abcultura andante\u00bb arranc\u00f3 para todos los chicos"},"content":{"rendered":"<figure id=\"attachment_78696\" aria-describedby=\"caption-attachment-78696\" style=\"width: 620px\" class=\"wp-caption aligncenter\"><img loading=\"lazy\" decoding=\"async\" data-attachment-id=\"78696\" data-permalink=\"https:\/\/www.hoymercedes.com.ar\/principal\/2018\/07\/16\/estas-vacaciones-cultura-andante-arranco-para-todos-los-chicos\/culturaandantedsc_0090\/#main\" data-orig-file=\"https:\/\/www.hoymercedes.com.ar\/principal\/wp-content\/uploads\/2018\/07\/culturaandanteDSC_0090.jpg\" data-orig-size=\"730,487\" data-comments-opened=\"0\" data-image-meta=\"{&quot;aperture&quot;:&quot;0&quot;,&quot;credit&quot;:&quot;&quot;,&quot;camera&quot;:&quot;&quot;,&quot;caption&quot;:&quot;&quot;,&quot;created_timestamp&quot;:&quot;0&quot;,&quot;copyright&quot;:&quot;&quot;,&quot;focal_length&quot;:&quot;0&quot;,&quot;iso&quot;:&quot;0&quot;,&quot;shutter_speed&quot;:&quot;0&quot;,&quot;title&quot;:&quot;&quot;,&quot;orientation&quot;:&quot;0&quot;}\" data-image-title=\"culturaandanteDSC_0090\" data-image-description=\"\" data-image-caption=\"&lt;p&gt;Actividades en el Museo&lt;\/p&gt;\n\" data-large-file=\"https:\/\/www.hoymercedes.com.ar\/principal\/wp-content\/uploads\/2018\/07\/culturaandanteDSC_0090.jpg\" class=\"size-medium wp-image-78696\" src=\"https:\/\/www.hoymercedes.com.ar\/principal\/wp-content\/uploads\/2018\/07\/culturaandanteDSC_0090-630x420.jpg\" alt=\"\" width=\"630\" height=\"420\" srcset=\"https:\/\/www.hoymercedes.com.ar\/principal\/wp-content\/uploads\/2018\/07\/culturaandanteDSC_0090-630x420.jpg 630w, https:\/\/www.hoymercedes.com.ar\/principal\/wp-content\/uploads\/2018\/07\/culturaandanteDSC_0090-150x100.jpg 150w, https:\/\/www.hoymercedes.com.ar\/principal\/wp-content\/uploads\/2018\/07\/culturaandanteDSC_0090.jpg 730w\" sizes=\"auto, (max-width: 630px) 100vw, 630px\" \/><figcaption id=\"caption-attachment-78696\" class=\"wp-caption-text\">Actividades en el Museo<\/figcaption><\/figure>\n<p><strong>\u00a0<\/strong><\/p>\n<p>Con gran cantidad de propuestas el intendente Ustarroz lanz\u00f3 \u201cCultura andante\u201d para los chicos y chicas de nuestra ciudad. Son actividades libres y gratuitas. Desde una creativa kermesse a teatro, museos, deportes y circo. \u201cEstamos muy contentos en estas vacaciones de invierno, en las cuales traemos tantas propuestas y ponemos al servicio de nuestra gente\u201d subray\u00f3, el jefe comunal, el Dr. Ustarroz quien realiz\u00f3 la presentaci\u00f3n junto al Secretario de Gobierno, Dr. Juan<\/p>\n<p>Ante las c\u00e1maras y con cientos de ni\u00f1os jugando, el Jefe Comunal sostuvo que \u201cestamos felices porque todo fue llevado cabo por trabajadores de las distintas \u00e1reas del municipio. El corral\u00f3n, Cultura, Deporte, Desarrollo social. Se ve que est\u00e1 todo el Municipio organizado en funci\u00f3n de nuestros ni\u00f1os\u201d.<\/p>\n<figure id=\"attachment_78697\" aria-describedby=\"caption-attachment-78697\" style=\"width: 620px\" class=\"wp-caption aligncenter\"><img loading=\"lazy\" decoding=\"async\" data-attachment-id=\"78697\" data-permalink=\"https:\/\/www.hoymercedes.com.ar\/principal\/2018\/07\/16\/estas-vacaciones-cultura-andante-arranco-para-todos-los-chicos\/culturaandantedsc_0146\/#main\" data-orig-file=\"https:\/\/www.hoymercedes.com.ar\/principal\/wp-content\/uploads\/2018\/07\/culturaandanteDSC_0146.jpg\" data-orig-size=\"730,487\" data-comments-opened=\"0\" data-image-meta=\"{&quot;aperture&quot;:&quot;0&quot;,&quot;credit&quot;:&quot;&quot;,&quot;camera&quot;:&quot;&quot;,&quot;caption&quot;:&quot;&quot;,&quot;created_timestamp&quot;:&quot;0&quot;,&quot;copyright&quot;:&quot;&quot;,&quot;focal_length&quot;:&quot;0&quot;,&quot;iso&quot;:&quot;0&quot;,&quot;shutter_speed&quot;:&quot;0&quot;,&quot;title&quot;:&quot;&quot;,&quot;orientation&quot;:&quot;0&quot;}\" data-image-title=\"culturaandanteDSC_0146\" data-image-description=\"\" data-image-caption=\"&lt;p&gt;Teatro para los m\u00e1s peque\u00f1os&lt;\/p&gt;\n\" data-large-file=\"https:\/\/www.hoymercedes.com.ar\/principal\/wp-content\/uploads\/2018\/07\/culturaandanteDSC_0146.jpg\" class=\"size-medium wp-image-78697\" src=\"https:\/\/www.hoymercedes.com.ar\/principal\/wp-content\/uploads\/2018\/07\/culturaandanteDSC_0146-630x420.jpg\" alt=\"\" width=\"630\" height=\"420\" srcset=\"https:\/\/www.hoymercedes.com.ar\/principal\/wp-content\/uploads\/2018\/07\/culturaandanteDSC_0146-630x420.jpg 630w, https:\/\/www.hoymercedes.com.ar\/principal\/wp-content\/uploads\/2018\/07\/culturaandanteDSC_0146-150x100.jpg 150w, https:\/\/www.hoymercedes.com.ar\/principal\/wp-content\/uploads\/2018\/07\/culturaandanteDSC_0146.jpg 730w\" sizes=\"auto, (max-width: 630px) 100vw, 630px\" \/><figcaption id=\"caption-attachment-78697\" class=\"wp-caption-text\">Teatro para los m\u00e1s peque\u00f1os<\/figcaption><\/figure>\n<p><strong>Itinerante <\/strong><\/p>\n<p>Adem\u00e1s, el intendente destac\u00f3 \u201cLo importante de esta Kermese es que es itinerante -se puede armar en diferentes lugares- y es lo que iremos haciendo en diferentes puntos de nuestra ciudad\u201d.<\/p>\n<p><span class=\"embed-youtube\" style=\"text-align:center; display: block;\"><iframe loading=\"lazy\" class=\"youtube-player\" width=\"1200\" height=\"675\" src=\"https:\/\/www.youtube.com\/embed\/nUUd3TNprKk?version=3&#038;rel=1&#038;showsearch=0&#038;showinfo=1&#038;iv_load_policy=1&#038;fs=1&#038;hl=es-ES&#038;autohide=2&#038;wmode=transparent\" allowfullscreen=\"true\" style=\"border:0;\" sandbox=\"allow-scripts allow-same-origin allow-popups allow-presentation allow-popups-to-escape-sandbox\"><\/iframe><\/span><\/p>\n<p><strong>Para todos<\/strong><\/p>\n<p>En otro orden de cosas, el jefe comunal, manifest\u00f3 \u201cesta propuesta tiene que ver con enlazar generaciones, y para que los m\u00e1s chicos que est\u00e1n tan sujetos a la tecnolog\u00eda, puedan encontrar otro tipo de entretenimientos\u201d y destac\u00f3 \u201cTodo tiene una funci\u00f3n pedag\u00f3gica, a trav\u00e9s del juego se aprende -adem\u00e1s de divertirse- son juegos que a muchos le rememoraran la ni\u00f1ez\u201d.<\/p>\n<p>La Directora de Cultura, Luc\u00eda Capaccio, expres\u00f3 \u201cestamos lanzando la Cultura andante, esta kermese familiar que estuvimos preparando durante 4 meses junto a todos los trabajadores municipales\u201d.<\/p>\n<p>\u201cEs una emoci\u00f3n y un orgullo poder llevar adelante esta propuesta que nos pidi\u00f3 nuestro Intendente, para el disfrute de los chicos y sus familias durante estas vacaciones de invierno\u201d.<\/p>\n<p>Por otro lado, la Directora de Cultura resalt\u00f3 \u201ces una inversi\u00f3n muy grande, pero que qued\u00f3 muy bien y seguramente todos los chicos de nuestra ciudad lo van a saber disfrutar\u201d.<\/p>\n<figure id=\"attachment_78698\" aria-describedby=\"caption-attachment-78698\" style=\"width: 620px\" class=\"wp-caption aligncenter\"><img loading=\"lazy\" decoding=\"async\" data-attachment-id=\"78698\" data-permalink=\"https:\/\/www.hoymercedes.com.ar\/principal\/2018\/07\/16\/estas-vacaciones-cultura-andante-arranco-para-todos-los-chicos\/culturaandante4\/#main\" data-orig-file=\"https:\/\/www.hoymercedes.com.ar\/principal\/wp-content\/uploads\/2018\/07\/culturaandante4.jpg\" data-orig-size=\"730,411\" data-comments-opened=\"0\" data-image-meta=\"{&quot;aperture&quot;:&quot;0&quot;,&quot;credit&quot;:&quot;&quot;,&quot;camera&quot;:&quot;&quot;,&quot;caption&quot;:&quot;&quot;,&quot;created_timestamp&quot;:&quot;0&quot;,&quot;copyright&quot;:&quot;&quot;,&quot;focal_length&quot;:&quot;0&quot;,&quot;iso&quot;:&quot;0&quot;,&quot;shutter_speed&quot;:&quot;0&quot;,&quot;title&quot;:&quot;&quot;,&quot;orientation&quot;:&quot;0&quot;}\" data-image-title=\"culturaandante4\" data-image-description=\"\" data-image-caption=\"&lt;p&gt;Kermesse&lt;\/p&gt;\n\" data-large-file=\"https:\/\/www.hoymercedes.com.ar\/principal\/wp-content\/uploads\/2018\/07\/culturaandante4.jpg\" class=\"size-medium wp-image-78698\" src=\"https:\/\/www.hoymercedes.com.ar\/principal\/wp-content\/uploads\/2018\/07\/culturaandante4-630x355.jpg\" alt=\"\" width=\"630\" height=\"355\" srcset=\"https:\/\/www.hoymercedes.com.ar\/principal\/wp-content\/uploads\/2018\/07\/culturaandante4-630x355.jpg 630w, https:\/\/www.hoymercedes.com.ar\/principal\/wp-content\/uploads\/2018\/07\/culturaandante4-150x84.jpg 150w, https:\/\/www.hoymercedes.com.ar\/principal\/wp-content\/uploads\/2018\/07\/culturaandante4.jpg 730w\" sizes=\"auto, (max-width: 630px) 100vw, 630px\" \/><figcaption id=\"caption-attachment-78698\" class=\"wp-caption-text\">Kermesse<\/figcaption><\/figure>\n<p><strong>Planificado<\/strong><\/p>\n<p>Por su parte, el Secretario de Gobierno, Juan Pablo L\u00f3pez, indic\u00f3 \u201cestuvimos junto a los trabajadores preparando todas las actividades\u201d y a\u00f1adi\u00f3 \u201cel objetivo es acompa\u00f1ar a las familias en estas vacaciones de invierno, con propuestas a nivel cultural, recreativas y de manera gratuita\u201d.<\/p>\n<p>Asimismo, recalc\u00f3 \u201cestas iniciativas son obra del Intendente que no deja de apostar y pensar en nuestra ciudad\u201d.<\/p>\n<p><strong>Vacaciones<\/strong><\/p>\n<p>Cabe destacar que se cuenta con una amplia y variada agenda de espect\u00e1culos dirigida, no s\u00f3lo a los ni\u00f1os, sino a toda la familia. Adem\u00e1s, todas las actividades son financiadas y sustentadas con dinero propio de las arcas Municipales. Por este motivo, todas las acciones art\u00edsticas y de esparcimiento planificadas para estas vacaciones de invierno en la ciudad de Mercedes, ser\u00e1n gratuitas y para toda la familia.<\/p>\n<figure id=\"attachment_78699\" aria-describedby=\"caption-attachment-78699\" style=\"width: 620px\" class=\"wp-caption aligncenter\"><img loading=\"lazy\" decoding=\"async\" data-attachment-id=\"78699\" data-permalink=\"https:\/\/www.hoymercedes.com.ar\/principal\/2018\/07\/16\/estas-vacaciones-cultura-andante-arranco-para-todos-los-chicos\/culturaandante20180716_153251\/#main\" data-orig-file=\"https:\/\/www.hoymercedes.com.ar\/principal\/wp-content\/uploads\/2018\/07\/culturaandante20180716_153251.jpg\" data-orig-size=\"730,411\" data-comments-opened=\"0\" data-image-meta=\"{&quot;aperture&quot;:&quot;0&quot;,&quot;credit&quot;:&quot;&quot;,&quot;camera&quot;:&quot;&quot;,&quot;caption&quot;:&quot;&quot;,&quot;created_timestamp&quot;:&quot;0&quot;,&quot;copyright&quot;:&quot;&quot;,&quot;focal_length&quot;:&quot;0&quot;,&quot;iso&quot;:&quot;0&quot;,&quot;shutter_speed&quot;:&quot;0&quot;,&quot;title&quot;:&quot;&quot;,&quot;orientation&quot;:&quot;0&quot;}\" data-image-title=\"culturaandante20180716_153251\" data-image-description=\"\" data-image-caption=\"&lt;p&gt;Kermesse para los m\u00e1s chiquitos&lt;\/p&gt;\n\" data-large-file=\"https:\/\/www.hoymercedes.com.ar\/principal\/wp-content\/uploads\/2018\/07\/culturaandante20180716_153251.jpg\" class=\"size-medium wp-image-78699\" src=\"https:\/\/www.hoymercedes.com.ar\/principal\/wp-content\/uploads\/2018\/07\/culturaandante20180716_153251-630x355.jpg\" alt=\"\" width=\"630\" height=\"355\" srcset=\"https:\/\/www.hoymercedes.com.ar\/principal\/wp-content\/uploads\/2018\/07\/culturaandante20180716_153251-630x355.jpg 630w, https:\/\/www.hoymercedes.com.ar\/principal\/wp-content\/uploads\/2018\/07\/culturaandante20180716_153251-150x84.jpg 150w, https:\/\/www.hoymercedes.com.ar\/principal\/wp-content\/uploads\/2018\/07\/culturaandante20180716_153251.jpg 730w\" sizes=\"auto, (max-width: 630px) 100vw, 630px\" \/><figcaption id=\"caption-attachment-78699\" class=\"wp-caption-text\">Kermesse para los m\u00e1s chiquitos<\/figcaption><\/figure>\n<p>&nbsp;<\/p>\n<p>Fuente: Direcci\u00f3n de Cultura<\/p>\n","protected":false},"excerpt":{"rendered":"<p>\u00a0 Con gran cantidad de propuestas el intendente Ustarroz lanz\u00f3 \u201cCultura andante\u201d para los chicos y chicas de nuestra ciudad. &#8230; <a title=\"Estas vacaciones \u00abcultura andante\u00bb arranc\u00f3 para todos los chicos\" class=\"read-more\" href=\"https:\/\/www.hoymercedes.com.ar\/principal\/2018\/07\/16\/estas-vacaciones-cultura-andante-arranco-para-todos-los-chicos\/\" aria-label=\"Leer m\u00e1s sobre Estas vacaciones \u00abcultura andante\u00bb arranc\u00f3 para todos los chicos\">Leer m\u00e1s<\/a><\/p>\n","protected":false},"author":1,"featured_media":78697,"comment_status":"closed","ping_status":"open","sticky":false,"template":"","format":"standard","meta":{"_monsterinsights_skip_tracking":false,"_monsterinsights_sitenote_active":false,"_monsterinsights_sitenote_note":"","_monsterinsights_sitenote_category":0,"jetpack_post_was_ever_published":false,"_jetpack_newsletter_access":"","_jetpack_dont_email_post_to_subs":false,"_jetpack_newsletter_tier_id":0,"_jetpack_memberships_contains_paywalled_content":false,"_jetpack_memberships_contains_paid_content":false,"footnotes":"","jetpack_publicize_message":"","jetpack_publicize_feature_enabled":true,"jetpack_social_post_already_shared":true,"jetpack_social_options":{"image_generator_settings":{"template":"highway","default_image_id":0,"font":"","enabled":false},"version":2},"_wpas_customize_per_network":false},"categories":[30],"tags":[739,7629],"class_list":["post-78695","post","type-post","status-publish","format-standard","has-post-thumbnail","hentry","category-municipio","tag-direccion-de-cultura","tag-vacaciones-de-invierno","generate-columns","tablet-grid-50","mobile-grid-100","grid-parent","grid-50"],"jetpack_publicize_connections":[],"jetpack_featured_media_url":"https:\/\/www.hoymercedes.com.ar\/principal\/wp-content\/uploads\/2018\/07\/culturaandanteDSC_0146.jpg","wps_subtitle":"Libre y gratuito","jetpack_sharing_enabled":true,"jetpack-related-posts":[{"id":177264,"url":"https:\/\/www.hoymercedes.com.ar\/principal\/2024\/07\/17\/continuan-las-actividades-en-vacaciones-de-invierno\/","url_meta":{"origin":78695,"position":0},"title":"Contin\u00faan las actividades en vacaciones de invierno","author":"hoymercedes","date":"17 julio, 2024","format":false,"excerpt":"Desde el Municipio de Mercedes a trav\u00e9s de sus diferentes \u00e1reas e instituciones de la ciudad, ya se impulsan m\u00faltiples propuestas para todos los ni\u00f1os, ni\u00f1as y familias de la ciudad. Gabriela Olivella, directora de Ni\u00f1ez y Adolescencia se\u00f1al\u00f3 \u201cesta es una gesti\u00f3n que tiene como prioridad la ni\u00f1ez y\u2026","rel":"","context":"En \u00abCultura\u00bb","block_context":{"text":"Cultura","link":"https:\/\/www.hoymercedes.com.ar\/principal\/category\/cultura\/"},"img":{"alt_text":"Contin\u00faan las actividades en vacaciones de invierno","src":"https:\/\/i0.wp.com\/www.hoymercedes.com.ar\/principal\/wp-content\/uploads\/2024\/07\/DSC09405.jpg?resize=350%2C200&ssl=1","width":350,"height":200,"srcset":"https:\/\/i0.wp.com\/www.hoymercedes.com.ar\/principal\/wp-content\/uploads\/2024\/07\/DSC09405.jpg?resize=350%2C200&ssl=1 1x, https:\/\/i0.wp.com\/www.hoymercedes.com.ar\/principal\/wp-content\/uploads\/2024\/07\/DSC09405.jpg?resize=525%2C300&ssl=1 1.5x, https:\/\/i0.wp.com\/www.hoymercedes.com.ar\/principal\/wp-content\/uploads\/2024\/07\/DSC09405.jpg?resize=700%2C400&ssl=1 2x, https:\/\/i0.wp.com\/www.hoymercedes.com.ar\/principal\/wp-content\/uploads\/2024\/07\/DSC09405.jpg?resize=1050%2C600&ssl=1 3x"},"classes":[]},{"id":164423,"url":"https:\/\/www.hoymercedes.com.ar\/principal\/2023\/07\/11\/presentaron-las-actividades-para-las-vacaciones-de-invierno\/","url_meta":{"origin":78695,"position":1},"title":"Presentaron las actividades para las vacaciones de invierno","author":"hoymercedes","date":"11 julio, 2023","format":false,"excerpt":"El jefe comunal Juani Ustarroz dio detalles de la amplia grilla de actividades para toda la familia que se vienen para las vacaciones de invierno. Todas ellas gratuitas. Propuestas El intendente Juan Ignacio Ustarroz expres\u00f3 \u201cvamos a tener una propuesta superadora a la de todos los a\u00f1os, donde van a\u2026","rel":"","context":"En \u00abCultura\u00bb","block_context":{"text":"Cultura","link":"https:\/\/www.hoymercedes.com.ar\/principal\/category\/cultura\/"},"img":{"alt_text":"","src":"https:\/\/i0.wp.com\/www.hoymercedes.com.ar\/principal\/wp-content\/uploads\/2023\/07\/Vacaciones2023.1.jpg?resize=350%2C200&ssl=1","width":350,"height":200,"srcset":"https:\/\/i0.wp.com\/www.hoymercedes.com.ar\/principal\/wp-content\/uploads\/2023\/07\/Vacaciones2023.1.jpg?resize=350%2C200&ssl=1 1x, https:\/\/i0.wp.com\/www.hoymercedes.com.ar\/principal\/wp-content\/uploads\/2023\/07\/Vacaciones2023.1.jpg?resize=525%2C300&ssl=1 1.5x, https:\/\/i0.wp.com\/www.hoymercedes.com.ar\/principal\/wp-content\/uploads\/2023\/07\/Vacaciones2023.1.jpg?resize=700%2C400&ssl=1 2x, https:\/\/i0.wp.com\/www.hoymercedes.com.ar\/principal\/wp-content\/uploads\/2023\/07\/Vacaciones2023.1.jpg?resize=1050%2C600&ssl=1 3x"},"classes":[]},{"id":133573,"url":"https:\/\/www.hoymercedes.com.ar\/principal\/2021\/07\/18\/amplio-abanico-de-actividades-protocolizadas-para-las-vacaciones-de-invierno\/","url_meta":{"origin":78695,"position":2},"title":"Amplio abanico de actividades protocolizadas para las vacaciones de invierno","author":"hoymercedes","date":"18 julio, 2021","format":false,"excerpt":"El intendente Ustarroz junto a parte de su gabinete presentaron un integral abanico de actividades con miras a las vacaciones de invierno. Protocolizadas, con cupos y planificadas para la recreaci\u00f3n, juego y aprendizaje de ni\u00f1os y ni\u00f1as. Son libre y gratuitas. \u201cHemos realizado un trabajo muy intenso y muy importante\u2026","rel":"","context":"En \u00abCultura\u00bb","block_context":{"text":"Cultura","link":"https:\/\/www.hoymercedes.com.ar\/principal\/category\/cultura\/"},"img":{"alt_text":"","src":"https:\/\/i0.wp.com\/www.hoymercedes.com.ar\/principal\/wp-content\/uploads\/2021\/07\/DSC08540.jpg?resize=350%2C200&ssl=1","width":350,"height":200,"srcset":"https:\/\/i0.wp.com\/www.hoymercedes.com.ar\/principal\/wp-content\/uploads\/2021\/07\/DSC08540.jpg?resize=350%2C200&ssl=1 1x, https:\/\/i0.wp.com\/www.hoymercedes.com.ar\/principal\/wp-content\/uploads\/2021\/07\/DSC08540.jpg?resize=525%2C300&ssl=1 1.5x, https:\/\/i0.wp.com\/www.hoymercedes.com.ar\/principal\/wp-content\/uploads\/2021\/07\/DSC08540.jpg?resize=700%2C400&ssl=1 2x"},"classes":[]},{"id":77903,"url":"https:\/\/www.hoymercedes.com.ar\/principal\/2018\/06\/29\/municipio-anuncio-variada-agenda-cultural-para-los-chicos-y-familia-en-vacaciones-de-invierno\/","url_meta":{"origin":78695,"position":3},"title":"Municipio anunci\u00f3 variada agenda cultural para los chicos y familia en vacaciones de invierno","author":"hoymercedes","date":"29 junio, 2018","format":false,"excerpt":"\u00a0 El intendente, el Dr. Juan Ignacio Ustarroz, junto a la directora de cultura, Lucia Capaccio presentaron para estas vacaciones de invierno, una amplia y variada agenda de espect\u00e1culos en nuestra ciudad. La misma est\u00e1 dirigida, no s\u00f3lo a los ni\u00f1os, sino a toda la familia. Cabe destacar que todas\u2026","rel":"","context":"En \u00abMunicipio\u00bb","block_context":{"text":"Municipio","link":"https:\/\/www.hoymercedes.com.ar\/principal\/category\/municipio\/"},"img":{"alt_text":"","src":"https:\/\/i0.wp.com\/www.hoymercedes.com.ar\/principal\/wp-content\/uploads\/2018\/06\/capaccio-ustarroz.jpg?resize=350%2C200&ssl=1","width":350,"height":200,"srcset":"https:\/\/i0.wp.com\/www.hoymercedes.com.ar\/principal\/wp-content\/uploads\/2018\/06\/capaccio-ustarroz.jpg?resize=350%2C200&ssl=1 1x, https:\/\/i0.wp.com\/www.hoymercedes.com.ar\/principal\/wp-content\/uploads\/2018\/06\/capaccio-ustarroz.jpg?resize=525%2C300&ssl=1 1.5x, https:\/\/i0.wp.com\/www.hoymercedes.com.ar\/principal\/wp-content\/uploads\/2018\/06\/capaccio-ustarroz.jpg?resize=700%2C400&ssl=1 2x, https:\/\/i0.wp.com\/www.hoymercedes.com.ar\/principal\/wp-content\/uploads\/2018\/06\/capaccio-ustarroz.jpg?resize=1050%2C600&ssl=1 3x"},"classes":[]},{"id":78638,"url":"https:\/\/www.hoymercedes.com.ar\/principal\/2018\/07\/15\/gran-cantidad-de-propuestas-gratis-para-los-chicos-en-vacaciones\/","url_meta":{"origin":78695,"position":4},"title":"Gran cantidad de propuestas gratis para los chicos en vacaciones","author":"hoymercedes","date":"15 julio, 2018","format":false,"excerpt":"Habr\u00e1 amplia variedad de propuestas en todos los formatos. La Direcci\u00f3n de Cultura invita a las familias, ni\u00f1os y ni\u00f1as, a ser parte de las actividades de vacaciones de inviernos. Cine, teatro, circo, museos y una espectacular kermesse que es toda una novedad para la distracci\u00f3n y entretenimiento para los\u2026","rel":"","context":"En \u00abCultura\u00bb","block_context":{"text":"Cultura","link":"https:\/\/www.hoymercedes.com.ar\/principal\/category\/cultura\/"},"img":{"alt_text":"","src":"https:\/\/i0.wp.com\/www.hoymercedes.com.ar\/principal\/wp-content\/uploads\/2017\/07\/vacacionesmuseos-101.jpg?resize=350%2C200&ssl=1","width":350,"height":200,"srcset":"https:\/\/i0.wp.com\/www.hoymercedes.com.ar\/principal\/wp-content\/uploads\/2017\/07\/vacacionesmuseos-101.jpg?resize=350%2C200&ssl=1 1x, https:\/\/i0.wp.com\/www.hoymercedes.com.ar\/principal\/wp-content\/uploads\/2017\/07\/vacacionesmuseos-101.jpg?resize=525%2C300&ssl=1 1.5x, https:\/\/i0.wp.com\/www.hoymercedes.com.ar\/principal\/wp-content\/uploads\/2017\/07\/vacacionesmuseos-101.jpg?resize=700%2C400&ssl=1 2x"},"classes":[]},{"id":133842,"url":"https:\/\/www.hoymercedes.com.ar\/principal\/2021\/07\/22\/continuan-las-actividades-durante-las-vacaciones-de-invierno\/","url_meta":{"origin":78695,"position":5},"title":"Contin\u00faan las actividades durante las vacaciones de invierno","author":"hoymercedes","date":"22 julio, 2021","format":false,"excerpt":"Contin\u00faan las actividades propuestas por la Municipalidad de Mercedes en distintos puntos de la ciudad. El circo al aire libre en el play\u00f3n de la cantinda del Parque Viejo y las actividades en la calle (21 y 26) organizadas por el Museo de Ciencias Naturales Carlos Ameghino son algunas de\u2026","rel":"","context":"En \u00abCultura\u00bb","block_context":{"text":"Cultura","link":"https:\/\/www.hoymercedes.com.ar\/principal\/category\/cultura\/"},"img":{"alt_text":"","src":"https:\/\/i0.wp.com\/www.hoymercedes.com.ar\/principal\/wp-content\/uploads\/2021\/07\/diario_vacaciones13.jpg?resize=350%2C200&ssl=1","width":350,"height":200,"srcset":"https:\/\/i0.wp.com\/www.hoymercedes.com.ar\/principal\/wp-content\/uploads\/2021\/07\/diario_vacaciones13.jpg?resize=350%2C200&ssl=1 1x, https:\/\/i0.wp.com\/www.hoymercedes.com.ar\/principal\/wp-content\/uploads\/2021\/07\/diario_vacaciones13.jpg?resize=525%2C300&ssl=1 1.5x, https:\/\/i0.wp.com\/www.hoymercedes.com.ar\/principal\/wp-content\/uploads\/2021\/07\/diario_vacaciones13.jpg?resize=700%2C400&ssl=1 2x"},"classes":[]}],"_links":{"self":[{"href":"https:\/\/www.hoymercedes.com.ar\/principal\/wp-json\/wp\/v2\/posts\/78695","targetHints":{"allow":["GET"]}}],"collection":[{"href":"https:\/\/www.hoymercedes.com.ar\/principal\/wp-json\/wp\/v2\/posts"}],"about":[{"href":"https:\/\/www.hoymercedes.com.ar\/principal\/wp-json\/wp\/v2\/types\/post"}],"author":[{"embeddable":true,"href":"https:\/\/www.hoymercedes.com.ar\/principal\/wp-json\/wp\/v2\/users\/1"}],"replies":[{"embeddable":true,"href":"https:\/\/www.hoymercedes.com.ar\/principal\/wp-json\/wp\/v2\/comments?post=78695"}],"version-history":[{"count":0,"href":"https:\/\/www.hoymercedes.com.ar\/principal\/wp-json\/wp\/v2\/posts\/78695\/revisions"}],"wp:featuredmedia":[{"embeddable":true,"href":"https:\/\/www.hoymercedes.com.ar\/principal\/wp-json\/wp\/v2\/media\/78697"}],"wp:attachment":[{"href":"https:\/\/www.hoymercedes.com.ar\/principal\/wp-json\/wp\/v2\/media?parent=78695"}],"wp:term":[{"taxonomy":"category","embeddable":true,"href":"https:\/\/www.hoymercedes.com.ar\/principal\/wp-json\/wp\/v2\/categories?post=78695"},{"taxonomy":"post_tag","embeddable":true,"href":"https:\/\/www.hoymercedes.com.ar\/principal\/wp-json\/wp\/v2\/tags?post=78695"}],"curies":[{"name":"wp","href":"https:\/\/api.w.org\/{rel}","templated":true}]}}