{"id":78702,"date":"2018-07-17T09:34:25","date_gmt":"2018-07-17T12:34:25","guid":{"rendered":"http:\/\/www.hoymercedes.com.ar\/principal\/?p=78702"},"modified":"2018-07-17T09:34:12","modified_gmt":"2018-07-17T12:34:12","slug":"campamento-literario-nueva-propuesta-para-fomentar-la-lectura-en-jovenes-y-ninos","status":"publish","type":"post","link":"https:\/\/www.hoymercedes.com.ar\/principal\/2018\/07\/17\/campamento-literario-nueva-propuesta-para-fomentar-la-lectura-en-jovenes-y-ninos\/","title":{"rendered":"\u201cCampamento Literario\u201d, nueva propuesta para fomentar la lectura en j\u00f3venes y ni\u00f1os"},"content":{"rendered":"<figure id=\"attachment_78703\" aria-describedby=\"caption-attachment-78703\" style=\"width: 620px\" class=\"wp-caption aligncenter\"><img loading=\"lazy\" decoding=\"async\" data-attachment-id=\"78703\" data-permalink=\"https:\/\/www.hoymercedes.com.ar\/principal\/2018\/07\/17\/campamento-literario-nueva-propuesta-para-fomentar-la-lectura-en-jovenes-y-ninos\/campamento-literario-2\/#main\" data-orig-file=\"https:\/\/www.hoymercedes.com.ar\/principal\/wp-content\/uploads\/2018\/07\/campamento-literario-2.jpeg\" data-orig-size=\"872,654\" data-comments-opened=\"0\" data-image-meta=\"{&quot;aperture&quot;:&quot;0&quot;,&quot;credit&quot;:&quot;&quot;,&quot;camera&quot;:&quot;&quot;,&quot;caption&quot;:&quot;&quot;,&quot;created_timestamp&quot;:&quot;0&quot;,&quot;copyright&quot;:&quot;&quot;,&quot;focal_length&quot;:&quot;0&quot;,&quot;iso&quot;:&quot;0&quot;,&quot;shutter_speed&quot;:&quot;0&quot;,&quot;title&quot;:&quot;&quot;,&quot;orientation&quot;:&quot;0&quot;}\" data-image-title=\"campamento-literario-2\" data-image-description=\"\" data-image-caption=\"&lt;p&gt;Campamento literario&lt;\/p&gt;\n\" data-large-file=\"https:\/\/www.hoymercedes.com.ar\/principal\/wp-content\/uploads\/2018\/07\/campamento-literario-2.jpeg\" class=\"size-medium wp-image-78703\" src=\"https:\/\/www.hoymercedes.com.ar\/principal\/wp-content\/uploads\/2018\/07\/campamento-literario-2-630x473.jpeg\" alt=\"\" width=\"630\" height=\"473\" srcset=\"https:\/\/www.hoymercedes.com.ar\/principal\/wp-content\/uploads\/2018\/07\/campamento-literario-2-630x473.jpeg 630w, https:\/\/www.hoymercedes.com.ar\/principal\/wp-content\/uploads\/2018\/07\/campamento-literario-2-150x113.jpeg 150w, https:\/\/www.hoymercedes.com.ar\/principal\/wp-content\/uploads\/2018\/07\/campamento-literario-2.jpeg 872w\" sizes=\"auto, (max-width: 630px) 100vw, 630px\" \/><figcaption id=\"caption-attachment-78703\" class=\"wp-caption-text\">Campamento literario<\/figcaption><\/figure>\n<p><strong>\u00a0<\/strong><\/p>\n<p>Desde el Municipio de Mercedes se contin\u00faa invirtiendo en propuestas culturales para nuestra ciudad. En esta ocasi\u00f3n, se lanz\u00f3 en la localidad de Tom\u00e1s Jofr\u00e9 una propuesta literaria para todos los chicos, el \u201cCampamento Literario Infantil\u201d junto a librer\u00eda Chel\u00e9n. Se trata de un espacio que recrea un aut\u00e9ntico campamento al aire libre, en el que los ni\u00f1os podr\u00e1n compartir la liturgia de la lectura en familia. A trav\u00e9s de estas propuestas, se intenta fomentar la lectura, estimular la curiosidad y potenciar la imaginaci\u00f3n.\u00a0 \u201cEste tipo de acciones est\u00e1n pensadas en funci\u00f3n de la ni\u00f1ez, que haya espacios p\u00fablicos donde los m\u00e1s chicos y las familias quieran ir, y como en este caso, accedan a la lectura, nos alienta y pone muy felices\u201d recalc\u00f3, el Intendente, el Dr. Juan Ignacio Ustarroz.<\/p>\n<p>Adem\u00e1s, el primer mandatario, recalc\u00f3 \u201cesta propuesta es un espacio donde la lectura no es una obligaci\u00f3n sino parte del juego y donde el fog\u00f3n vuelve a ser el lugar y la excusa para imaginar y contar historias\u201d<\/p>\n<p>\u201cPoder apoyar y fomentar este tipo de iniciativas pensadas para los m\u00e1s chicos -desde la primera infancia- que le permiten disfrutar y aprender a toda la familia, nos pone muy contentos\u201d subray\u00f3, el jefe comunal.<\/p>\n<p>Por su parte, la Directora de Cultura, Lucia Capaccio, sostuvo que \u201ces una excelente propuesta, donde el intendente, a trav\u00e9s de la adquisici\u00f3n de los libros, muestra la continuidad del compromiso por el desarrollo de la cultura y la educaci\u00f3n, como as\u00ed tambi\u00e9n articulando con el personal de los Jardines Espacios Primera Infancia que son los talleristas que comparten un rico momento con los ni\u00f1os y j\u00f3venes\u201d<\/p>\n<p>Marcela Bianco, una de las hacedoras de este proyecto en nuestra ciudad, asegur\u00f3 \u201cdesde esta propuesta \u201ccampamento literario infantil\u201d invitamos a los chicos a que accedan a los libros\u201d y especific\u00f3 \u201cen general hemos elegido libros de lectura \u00e1gil -comics, gaturro, adivinanzas, poes\u00eda, refranes, chistes- textos que disfrutar\u00e1n, seguramente, toda la familia\u201d.<\/p>\n<p>\u201cEst\u00e1 pensado para que lo disfruten ni\u00f1os de todas las edades\u201d y a\u00f1adi\u00f3 \u201ctenemos libros de goma y tela, los cual permite que la primera infancia tambi\u00e9n pueda acercarse y entretenerse a trav\u00e9s de esta hermosa propuesta\u201d.<\/p>\n<p>Por otro lado, Marcela Bianco, expres\u00f3 \u201cagradecemos la generosidad de nuestro intendente, el Dr. Ustarroz, que nos apuntal\u00f3 y ofreci\u00f3 este lugar para poder llevar adelante este proyecto\u201d.<\/p>\n<p>&nbsp;<\/p>\n<p>Fuente: Direcci\u00f3n de Cultura<\/p>\n","protected":false},"excerpt":{"rendered":"<p>\u00a0 Desde el Municipio de Mercedes se contin\u00faa invirtiendo en propuestas culturales para nuestra ciudad. En esta ocasi\u00f3n, se lanz\u00f3 &#8230; <a title=\"\u201cCampamento Literario\u201d, nueva propuesta para fomentar la lectura en j\u00f3venes y ni\u00f1os\" class=\"read-more\" href=\"https:\/\/www.hoymercedes.com.ar\/principal\/2018\/07\/17\/campamento-literario-nueva-propuesta-para-fomentar-la-lectura-en-jovenes-y-ninos\/\" aria-label=\"Leer m\u00e1s sobre \u201cCampamento Literario\u201d, nueva propuesta para fomentar la lectura en j\u00f3venes y ni\u00f1os\">Leer m\u00e1s<\/a><\/p>\n","protected":false},"author":1,"featured_media":78703,"comment_status":"closed","ping_status":"open","sticky":false,"template":"","format":"standard","meta":{"_monsterinsights_skip_tracking":false,"_monsterinsights_sitenote_active":false,"_monsterinsights_sitenote_note":"","_monsterinsights_sitenote_category":0,"jetpack_post_was_ever_published":false,"_jetpack_newsletter_access":"","_jetpack_dont_email_post_to_subs":false,"_jetpack_newsletter_tier_id":0,"_jetpack_memberships_contains_paywalled_content":false,"_jetpack_memberships_contains_paid_content":false,"footnotes":"","jetpack_publicize_message":"","jetpack_publicize_feature_enabled":true,"jetpack_social_post_already_shared":false,"jetpack_social_options":{"image_generator_settings":{"template":"highway","default_image_id":0,"font":"","enabled":false},"version":2},"_wpas_customize_per_network":false},"categories":[104],"tags":[350,585,8589,594],"class_list":["post-78702","post","type-post","status-publish","format-standard","has-post-thumbnail","hentry","category-cultura","tag-chelen-libros","tag-juan-ustarroz","tag-lucia-capaccio","tag-tomas-jofre","generate-columns","tablet-grid-50","mobile-grid-100","grid-parent","grid-50"],"jetpack_publicize_connections":[],"jetpack_featured_media_url":"https:\/\/www.hoymercedes.com.ar\/principal\/wp-content\/uploads\/2018\/07\/campamento-literario-2.jpeg","wps_subtitle":"Cultura y educaci\u00f3n","jetpack_sharing_enabled":true,"jetpack-related-posts":[{"id":129835,"url":"https:\/\/www.hoymercedes.com.ar\/principal\/2021\/05\/09\/instalaron-en-el-parque-un-campamento-recreativo-deportivo-y-pedagogico\/","url_meta":{"origin":78702,"position":0},"title":"Instalaron en el Parque un \u00abcampamento recreativo, deportivo y pedag\u00f3gico\u00bb","author":"hoymercedes","date":"9 mayo, 2021","format":false,"excerpt":"Por Prensa Municipal - El intendente de Mercedes Juan Ignacio Ustarroz recorri\u00f3 las obras del nuevo \u201ccampamento\u201d en polideportivo a cielo abierto que la direcci\u00f3n de deportes contin\u00faa construyendo en el Parque Municipal. All\u00ed mismo ya se inauguraron las canchas de tenis profesionales \u00fanicas en la zona, la escuela de\u2026","rel":"","context":"En \u00abDeportes\u00bb","block_context":{"text":"Deportes","link":"https:\/\/www.hoymercedes.com.ar\/principal\/category\/deportes\/"},"img":{"alt_text":"","src":"https:\/\/i0.wp.com\/www.hoymercedes.com.ar\/principal\/wp-content\/uploads\/2021\/05\/DSC06653-e1620597149240.jpg?resize=350%2C200&ssl=1","width":350,"height":200,"srcset":"https:\/\/i0.wp.com\/www.hoymercedes.com.ar\/principal\/wp-content\/uploads\/2021\/05\/DSC06653-e1620597149240.jpg?resize=350%2C200&ssl=1 1x, https:\/\/i0.wp.com\/www.hoymercedes.com.ar\/principal\/wp-content\/uploads\/2021\/05\/DSC06653-e1620597149240.jpg?resize=525%2C300&ssl=1 1.5x, https:\/\/i0.wp.com\/www.hoymercedes.com.ar\/principal\/wp-content\/uploads\/2021\/05\/DSC06653-e1620597149240.jpg?resize=700%2C400&ssl=1 2x"},"classes":[]},{"id":168284,"url":"https:\/\/www.hoymercedes.com.ar\/principal\/2023\/10\/11\/realizaron-caminata-por-la-lectura\/","url_meta":{"origin":78702,"position":1},"title":"Realizaron \u00abCaminata por la Lectura\u00bb","author":"hoymercedes","date":"11 octubre, 2023","format":false,"excerpt":"En la jornada de este mi\u00e9rcoles se llev\u00f3 adelante la \u201cCaminata por la Lectura\u201d. Escuelas de nivel primario y secundario que trabajan en proyectos que fomentan la lectura, junto con la Biblioteca del Congreso Nacional participaron del evento. Jos\u00e9 Luis Pisano, presidente del Consejo escolar cont\u00f3: \u201cesta es una propuesta\u2026","rel":"","context":"En \u00abMunicipio\u00bb","block_context":{"text":"Municipio","link":"https:\/\/www.hoymercedes.com.ar\/principal\/category\/municipio\/"},"img":{"alt_text":"","src":"https:\/\/i0.wp.com\/www.hoymercedes.com.ar\/principal\/wp-content\/uploads\/2023\/10\/F8K2RvZWsAAKtws.jpg?resize=350%2C200&ssl=1","width":350,"height":200,"srcset":"https:\/\/i0.wp.com\/www.hoymercedes.com.ar\/principal\/wp-content\/uploads\/2023\/10\/F8K2RvZWsAAKtws.jpg?resize=350%2C200&ssl=1 1x, https:\/\/i0.wp.com\/www.hoymercedes.com.ar\/principal\/wp-content\/uploads\/2023\/10\/F8K2RvZWsAAKtws.jpg?resize=525%2C300&ssl=1 1.5x, https:\/\/i0.wp.com\/www.hoymercedes.com.ar\/principal\/wp-content\/uploads\/2023\/10\/F8K2RvZWsAAKtws.jpg?resize=700%2C400&ssl=1 2x"},"classes":[]},{"id":133573,"url":"https:\/\/www.hoymercedes.com.ar\/principal\/2021\/07\/18\/amplio-abanico-de-actividades-protocolizadas-para-las-vacaciones-de-invierno\/","url_meta":{"origin":78702,"position":2},"title":"Amplio abanico de actividades protocolizadas para las vacaciones de invierno","author":"hoymercedes","date":"18 julio, 2021","format":false,"excerpt":"El intendente Ustarroz junto a parte de su gabinete presentaron un integral abanico de actividades con miras a las vacaciones de invierno. Protocolizadas, con cupos y planificadas para la recreaci\u00f3n, juego y aprendizaje de ni\u00f1os y ni\u00f1as. Son libre y gratuitas. \u201cHemos realizado un trabajo muy intenso y muy importante\u2026","rel":"","context":"En \u00abCultura\u00bb","block_context":{"text":"Cultura","link":"https:\/\/www.hoymercedes.com.ar\/principal\/category\/cultura\/"},"img":{"alt_text":"","src":"https:\/\/i0.wp.com\/www.hoymercedes.com.ar\/principal\/wp-content\/uploads\/2021\/07\/DSC08540.jpg?resize=350%2C200&ssl=1","width":350,"height":200,"srcset":"https:\/\/i0.wp.com\/www.hoymercedes.com.ar\/principal\/wp-content\/uploads\/2021\/07\/DSC08540.jpg?resize=350%2C200&ssl=1 1x, https:\/\/i0.wp.com\/www.hoymercedes.com.ar\/principal\/wp-content\/uploads\/2021\/07\/DSC08540.jpg?resize=525%2C300&ssl=1 1.5x, https:\/\/i0.wp.com\/www.hoymercedes.com.ar\/principal\/wp-content\/uploads\/2021\/07\/DSC08540.jpg?resize=700%2C400&ssl=1 2x"},"classes":[]},{"id":150825,"url":"https:\/\/www.hoymercedes.com.ar\/principal\/2022\/07\/16\/agenda-de-actividades-para-las-vacaciones-de-invierno\/","url_meta":{"origin":78702,"position":3},"title":"Agenda de actividades para las Vacaciones de Invierno","author":"hoymercedes","date":"16 julio, 2022","format":false,"excerpt":"Agenda de actividades para las Vacaciones de Invierno","rel":"","context":"En \u00abMunicipio\u00bb","block_context":{"text":"Municipio","link":"https:\/\/www.hoymercedes.com.ar\/principal\/category\/municipio\/"},"img":{"alt_text":"","src":"https:\/\/i0.wp.com\/www.hoymercedes.com.ar\/principal\/wp-content\/uploads\/2022\/07\/vaca-invierno-2.jpg?resize=350%2C200&ssl=1","width":350,"height":200,"srcset":"https:\/\/i0.wp.com\/www.hoymercedes.com.ar\/principal\/wp-content\/uploads\/2022\/07\/vaca-invierno-2.jpg?resize=350%2C200&ssl=1 1x, https:\/\/i0.wp.com\/www.hoymercedes.com.ar\/principal\/wp-content\/uploads\/2022\/07\/vaca-invierno-2.jpg?resize=525%2C300&ssl=1 1.5x, https:\/\/i0.wp.com\/www.hoymercedes.com.ar\/principal\/wp-content\/uploads\/2022\/07\/vaca-invierno-2.jpg?resize=700%2C400&ssl=1 2x"},"classes":[]},{"id":19523,"url":"https:\/\/www.hoymercedes.com.ar\/principal\/2013\/01\/20\/jornada-de-festejos-en-la-colonia-zumerland\/","url_meta":{"origin":78702,"position":4},"title":"Jornada de festejos en la Colonia Zumerland","author":"hoymercedes","date":"20 enero, 2013","format":false,"excerpt":"Culmin\u00f3 el primer tramo de la colonia de vacaciones Zumerland, como todos los a\u00f1os chicos de todo el pa\u00eds vienen a pasar sus vacaciones a nuestra ciudad, y este domingo finaliz\u00f3 la primera etapa del campamento, en donde los chicos juntaron alimentos no perecederos para donar a una instituci\u00f3n de\u2026","rel":"","context":"En \u00abSociedad\u00bb","block_context":{"text":"Sociedad","link":"https:\/\/www.hoymercedes.com.ar\/principal\/category\/sociedad\/"},"img":{"alt_text":"Zumerland-I","src":"https:\/\/i0.wp.com\/www.hoymercedes.com.ar\/principal\/wp-content\/uploads\/2013\/01\/Zumerland-I.jpg?resize=350%2C200","width":350,"height":200,"srcset":"https:\/\/i0.wp.com\/www.hoymercedes.com.ar\/principal\/wp-content\/uploads\/2013\/01\/Zumerland-I.jpg?resize=350%2C200 1x, https:\/\/i0.wp.com\/www.hoymercedes.com.ar\/principal\/wp-content\/uploads\/2013\/01\/Zumerland-I.jpg?resize=525%2C300 1.5x"},"classes":[]},{"id":193336,"url":"https:\/\/www.hoymercedes.com.ar\/principal\/2026\/03\/19\/escuelas-municipales-2026-amplia-oferta-gratuita-para-todas-las-edades-en-mercedes\/","url_meta":{"origin":78702,"position":5},"title":"Escuelas Municipales 2026: amplia oferta gratuita para todas las edades en Mercedes","author":"hoymercedes","date":"19 marzo, 2026","format":false,"excerpt":"La Direcci\u00f3n de Deportes de la Municipalidad de Mercedes lanz\u00f3 las Escuelas Municipales 2026, con una variada propuesta de actividades gratuitas destinadas a ni\u00f1os, j\u00f3venes, adultos y adultos mayores, con el objetivo de fomentar el deporte como herramienta de salud, integraci\u00f3n y aprendizaje. Las inscripciones ya se encuentran abiertas y\u2026","rel":"","context":"En \u00abDeportes\u00bb","block_context":{"text":"Deportes","link":"https:\/\/www.hoymercedes.com.ar\/principal\/category\/deportes\/"},"img":{"alt_text":"","src":"https:\/\/i0.wp.com\/www.hoymercedes.com.ar\/principal\/wp-content\/uploads\/2026\/03\/WhatsApp-Image-2026-03-19-at-14.55.24.jpeg?resize=350%2C200&ssl=1","width":350,"height":200,"srcset":"https:\/\/i0.wp.com\/www.hoymercedes.com.ar\/principal\/wp-content\/uploads\/2026\/03\/WhatsApp-Image-2026-03-19-at-14.55.24.jpeg?resize=350%2C200&ssl=1 1x, https:\/\/i0.wp.com\/www.hoymercedes.com.ar\/principal\/wp-content\/uploads\/2026\/03\/WhatsApp-Image-2026-03-19-at-14.55.24.jpeg?resize=525%2C300&ssl=1 1.5x, https:\/\/i0.wp.com\/www.hoymercedes.com.ar\/principal\/wp-content\/uploads\/2026\/03\/WhatsApp-Image-2026-03-19-at-14.55.24.jpeg?resize=700%2C400&ssl=1 2x, https:\/\/i0.wp.com\/www.hoymercedes.com.ar\/principal\/wp-content\/uploads\/2026\/03\/WhatsApp-Image-2026-03-19-at-14.55.24.jpeg?resize=1050%2C600&ssl=1 3x"},"classes":[]}],"_links":{"self":[{"href":"https:\/\/www.hoymercedes.com.ar\/principal\/wp-json\/wp\/v2\/posts\/78702","targetHints":{"allow":["GET"]}}],"collection":[{"href":"https:\/\/www.hoymercedes.com.ar\/principal\/wp-json\/wp\/v2\/posts"}],"about":[{"href":"https:\/\/www.hoymercedes.com.ar\/principal\/wp-json\/wp\/v2\/types\/post"}],"author":[{"embeddable":true,"href":"https:\/\/www.hoymercedes.com.ar\/principal\/wp-json\/wp\/v2\/users\/1"}],"replies":[{"embeddable":true,"href":"https:\/\/www.hoymercedes.com.ar\/principal\/wp-json\/wp\/v2\/comments?post=78702"}],"version-history":[{"count":0,"href":"https:\/\/www.hoymercedes.com.ar\/principal\/wp-json\/wp\/v2\/posts\/78702\/revisions"}],"wp:featuredmedia":[{"embeddable":true,"href":"https:\/\/www.hoymercedes.com.ar\/principal\/wp-json\/wp\/v2\/media\/78703"}],"wp:attachment":[{"href":"https:\/\/www.hoymercedes.com.ar\/principal\/wp-json\/wp\/v2\/media?parent=78702"}],"wp:term":[{"taxonomy":"category","embeddable":true,"href":"https:\/\/www.hoymercedes.com.ar\/principal\/wp-json\/wp\/v2\/categories?post=78702"},{"taxonomy":"post_tag","embeddable":true,"href":"https:\/\/www.hoymercedes.com.ar\/principal\/wp-json\/wp\/v2\/tags?post=78702"}],"curies":[{"name":"wp","href":"https:\/\/api.w.org\/{rel}","templated":true}]}}