{"id":78720,"date":"2018-07-17T18:00:55","date_gmt":"2018-07-17T21:00:55","guid":{"rendered":"http:\/\/www.hoymercedes.com.ar\/principal\/?p=78720"},"modified":"2018-07-17T17:58:59","modified_gmt":"2018-07-17T20:58:59","slug":"detenciones-en-zona-rural-por-robo-de-ganado","status":"publish","type":"post","link":"https:\/\/www.hoymercedes.com.ar\/principal\/2018\/07\/17\/detenciones-en-zona-rural-por-robo-de-ganado\/","title":{"rendered":"Detenciones en zona rural por robo de ganado"},"content":{"rendered":"<p>El Comando de Prevenci\u00f3n Rural de Mercedes inform\u00f3 que este martes realizaron un allanamiento y detenci\u00f3n en cuatro lugares del partido de Mercedes a pedido del Juzgado de Garant\u00edas N\u00b0 2 y a solicitud de la U.F.I. N \u00b03 ambas del Departamento Judicial Mercedes.<\/p>\n<p><img loading=\"lazy\" decoding=\"async\" data-attachment-id=\"78721\" data-permalink=\"https:\/\/www.hoymercedes.com.ar\/principal\/2018\/07\/17\/detenciones-en-zona-rural-por-robo-de-ganado\/17-patrulla-rural-1\/#main\" data-orig-file=\"https:\/\/www.hoymercedes.com.ar\/principal\/wp-content\/uploads\/2018\/07\/17-patrulla-rural-1.jpg\" data-orig-size=\"750,500\" data-comments-opened=\"0\" data-image-meta=\"{&quot;aperture&quot;:&quot;0&quot;,&quot;credit&quot;:&quot;&quot;,&quot;camera&quot;:&quot;&quot;,&quot;caption&quot;:&quot;&quot;,&quot;created_timestamp&quot;:&quot;0&quot;,&quot;copyright&quot;:&quot;&quot;,&quot;focal_length&quot;:&quot;0&quot;,&quot;iso&quot;:&quot;0&quot;,&quot;shutter_speed&quot;:&quot;0&quot;,&quot;title&quot;:&quot;&quot;,&quot;orientation&quot;:&quot;0&quot;}\" data-image-title=\"17 patrulla rural 1\" data-image-description=\"\" data-image-caption=\"\" data-large-file=\"https:\/\/www.hoymercedes.com.ar\/principal\/wp-content\/uploads\/2018\/07\/17-patrulla-rural-1.jpg\" class=\"aligncenter size-medium wp-image-78721\" src=\"https:\/\/www.hoymercedes.com.ar\/principal\/wp-content\/uploads\/2018\/07\/17-patrulla-rural-1-630x420.jpg\" alt=\"\" width=\"630\" height=\"420\" srcset=\"https:\/\/www.hoymercedes.com.ar\/principal\/wp-content\/uploads\/2018\/07\/17-patrulla-rural-1-630x420.jpg 630w, https:\/\/www.hoymercedes.com.ar\/principal\/wp-content\/uploads\/2018\/07\/17-patrulla-rural-1-150x100.jpg 150w, https:\/\/www.hoymercedes.com.ar\/principal\/wp-content\/uploads\/2018\/07\/17-patrulla-rural-1.jpg 750w\" sizes=\"auto, (max-width: 630px) 100vw, 630px\" \/><\/p>\n<p>\u201cA\u00a0 ra\u00edz de amplia investigaci\u00f3n por parte del personal\u00a0 de este Comando de Prevenci\u00f3n Rural y Comando de Prevenci\u00f3n Rural San Andr\u00e9s de Giles en actuaciones caratulada \u201cabiegato\u201d- hurto de ganado-, perpetrado en establecimiento \u201cLa Micaela\u201d, se constat\u00f3 la faltante de dos vacunos de raza brit\u00e1nica\u201d, dice el informe de CPR Mercedes.<\/p>\n<p>Los allanamientos dieron un amplio resultado positivo donde se procedi\u00f3 al secuestro de varios elementos de cortes, sierras de diferentes tama\u00f1os, devastadores, una carabina calibre .22, una camioneta Chevrolet S-10 de color gris y 41 kilogramos de trozos de carne vacuna que se hallaba en freezer.<\/p>\n<p>La Fiscal\u00eda actuante aval\u00f3 el procedimiento y dispuso la detenci\u00f3n de dos masculinos mayores de edad, quienes permanecer\u00e1n en custodia a disposici\u00f3n de la justicia.<\/p>\n<p>Los procedimientos se realizaron con la colaboraci\u00f3n de los CPR San Andr\u00e9s de Giles, Navarro y San Antonio de Areco.<\/p>\n","protected":false},"excerpt":{"rendered":"<p>El Comando de Prevenci\u00f3n Rural de Mercedes inform\u00f3 que este martes realizaron un allanamiento y detenci\u00f3n en cuatro lugares del &#8230; <a title=\"Detenciones en zona rural por robo de ganado\" class=\"read-more\" href=\"https:\/\/www.hoymercedes.com.ar\/principal\/2018\/07\/17\/detenciones-en-zona-rural-por-robo-de-ganado\/\" aria-label=\"Leer m\u00e1s sobre Detenciones en zona rural por robo de ganado\">Leer m\u00e1s<\/a><\/p>\n","protected":false},"author":1,"featured_media":78721,"comment_status":"closed","ping_status":"open","sticky":false,"template":"","format":"standard","meta":{"_monsterinsights_skip_tracking":false,"_monsterinsights_sitenote_active":false,"_monsterinsights_sitenote_note":"","_monsterinsights_sitenote_category":0,"jetpack_post_was_ever_published":false,"_jetpack_newsletter_access":"","_jetpack_dont_email_post_to_subs":false,"_jetpack_newsletter_tier_id":0,"_jetpack_memberships_contains_paywalled_content":false,"_jetpack_memberships_contains_paid_content":false,"footnotes":"","jetpack_publicize_message":"","jetpack_publicize_feature_enabled":true,"jetpack_social_post_already_shared":true,"jetpack_social_options":{"image_generator_settings":{"template":"highway","default_image_id":0,"font":"","enabled":false},"version":2},"_wpas_customize_per_network":false},"categories":[85],"tags":[12556,13480,10,11012,13479],"class_list":["post-78720","post","type-post","status-publish","format-standard","has-post-thumbnail","hentry","category-policial","tag-cpr-mercedes","tag-denteciones","tag-mercedes","tag-policia-rural","tag-robo-de-ganado","generate-columns","tablet-grid-50","mobile-grid-100","grid-parent","grid-50"],"jetpack_publicize_connections":[],"jetpack_featured_media_url":"https:\/\/www.hoymercedes.com.ar\/principal\/wp-content\/uploads\/2018\/07\/17-patrulla-rural-1.jpg","wps_subtitle":"Dos vacunos","jetpack_sharing_enabled":true,"_links":{"self":[{"href":"https:\/\/www.hoymercedes.com.ar\/principal\/wp-json\/wp\/v2\/posts\/78720","targetHints":{"allow":["GET"]}}],"collection":[{"href":"https:\/\/www.hoymercedes.com.ar\/principal\/wp-json\/wp\/v2\/posts"}],"about":[{"href":"https:\/\/www.hoymercedes.com.ar\/principal\/wp-json\/wp\/v2\/types\/post"}],"author":[{"embeddable":true,"href":"https:\/\/www.hoymercedes.com.ar\/principal\/wp-json\/wp\/v2\/users\/1"}],"replies":[{"embeddable":true,"href":"https:\/\/www.hoymercedes.com.ar\/principal\/wp-json\/wp\/v2\/comments?post=78720"}],"version-history":[{"count":0,"href":"https:\/\/www.hoymercedes.com.ar\/principal\/wp-json\/wp\/v2\/posts\/78720\/revisions"}],"wp:featuredmedia":[{"embeddable":true,"href":"https:\/\/www.hoymercedes.com.ar\/principal\/wp-json\/wp\/v2\/media\/78721"}],"wp:attachment":[{"href":"https:\/\/www.hoymercedes.com.ar\/principal\/wp-json\/wp\/v2\/media?parent=78720"}],"wp:term":[{"taxonomy":"category","embeddable":true,"href":"https:\/\/www.hoymercedes.com.ar\/principal\/wp-json\/wp\/v2\/categories?post=78720"},{"taxonomy":"post_tag","embeddable":true,"href":"https:\/\/www.hoymercedes.com.ar\/principal\/wp-json\/wp\/v2\/tags?post=78720"}],"curies":[{"name":"wp","href":"https:\/\/api.w.org\/{rel}","templated":true}]}}