{"id":78724,"date":"2018-07-17T20:00:56","date_gmt":"2018-07-17T23:00:56","guid":{"rendered":"http:\/\/www.hoymercedes.com.ar\/principal\/?p=78724"},"modified":"2018-07-18T09:39:36","modified_gmt":"2018-07-18T12:39:36","slug":"fallece-en-comercio-luego-de-una-descompensacion-cardiaca","status":"publish","type":"post","link":"https:\/\/www.hoymercedes.com.ar\/principal\/2018\/07\/17\/fallece-en-comercio-luego-de-una-descompensacion-cardiaca\/","title":{"rendered":"Fallece en comercio luego de una descompensaci\u00f3n card\u00edaca"},"content":{"rendered":"<p>Un vecino de 42 a\u00f1os falleci\u00f3 tras una descompensaci\u00f3n en un comercio de la ciudad en la ma\u00f1ana de este martes. El hombre estaba descargando mercader\u00eda en el corral\u00f3n de calle 21 entre 32 y 34, cuando sufri\u00f3 un paro card\u00edaco que termin\u00f3 con su vida.<\/p>\n<p>Pese a las maniobras de reanimaci\u00f3n que hizo el servicio de emergencia, determinaron el fallecimiento despu\u00e9s de las diez de la ma\u00f1ana cuando intervino la justicia.<\/p>\n<p>&nbsp;<\/p>\n","protected":false},"excerpt":{"rendered":"<p>Un vecino de 42 a\u00f1os falleci\u00f3 tras una descompensaci\u00f3n en un comercio de la ciudad en la ma\u00f1ana de este &#8230; <a title=\"Fallece en comercio luego de una descompensaci\u00f3n card\u00edaca\" class=\"read-more\" href=\"https:\/\/www.hoymercedes.com.ar\/principal\/2018\/07\/17\/fallece-en-comercio-luego-de-una-descompensacion-cardiaca\/\" aria-label=\"Leer m\u00e1s sobre Fallece en comercio luego de una descompensaci\u00f3n card\u00edaca\">Leer m\u00e1s<\/a><\/p>\n","protected":false},"author":1,"featured_media":78723,"comment_status":"closed","ping_status":"open","sticky":false,"template":"","format":"standard","meta":{"_monsterinsights_skip_tracking":false,"_monsterinsights_sitenote_active":false,"_monsterinsights_sitenote_note":"","_monsterinsights_sitenote_category":0,"jetpack_post_was_ever_published":false,"_jetpack_newsletter_access":"","_jetpack_dont_email_post_to_subs":false,"_jetpack_newsletter_tier_id":0,"_jetpack_memberships_contains_paywalled_content":false,"_jetpack_memberships_contains_paid_content":false,"footnotes":"","jetpack_publicize_message":"Fallece en comercio luego de una descompensaci\u00f3n card\u00edaca","jetpack_publicize_feature_enabled":true,"jetpack_social_post_already_shared":true,"jetpack_social_options":{"image_generator_settings":{"template":"highway","default_image_id":0,"font":"","enabled":false},"version":2},"_wpas_customize_per_network":false},"categories":[85],"tags":[13481,8777,96],"class_list":["post-78724","post","type-post","status-publish","format-standard","has-post-thumbnail","hentry","category-policial","tag-descompensacion","tag-fallecimiento","tag-policial-2","generate-columns","tablet-grid-50","mobile-grid-100","grid-parent","grid-50"],"jetpack_publicize_connections":[],"jetpack_featured_media_url":"https:\/\/www.hoymercedes.com.ar\/principal\/wp-content\/uploads\/2018\/07\/17-muerto-en-landi.jpg","wps_subtitle":"Hombre de 42 a\u00f1os","jetpack_sharing_enabled":true,"jetpack-related-posts":[{"id":5287,"url":"https:\/\/www.hoymercedes.com.ar\/principal\/2011\/06\/29\/fallecio-el-pre-candidato-a-intendente-por-la-ucr-roberto-sanmartin\/","url_meta":{"origin":78724,"position":0},"title":"FALLECIO EL PRE CANDIDATO A INTENDENTE POR LA UCR ROBERTO SANMARTIN","author":"hoymercedes","date":"29 junio, 2011","format":false,"excerpt":"La noticia del fallecimiento del pre candato a Intendente por la Uni\u00f3n C\u00edvica Radical Roberto Sanmart\u00edn qui\u00e9n hab\u00eda confirmado su inscripci\u00f3n en la Junta Electoral el \u00faltimo fin de semana provoc\u00f3 un pronunciado dolor no solo en el ambiente pol\u00edtico local sino tambi\u00e9n en la comunidad en general. Como se\u2026","rel":"","context":"En \u00abOpini\u00f3n\u00bb","block_context":{"text":"Opini\u00f3n","link":"https:\/\/www.hoymercedes.com.ar\/principal\/category\/opinion\/"},"img":{"alt_text":"","src":"","width":0,"height":0},"classes":[]},{"id":125180,"url":"https:\/\/www.hoymercedes.com.ar\/principal\/2021\/02\/21\/mercedino-despita-en-la-ruta-5\/","url_meta":{"origin":78724,"position":1},"title":"Mercedino despita en la ruta 5","author":"hoymercedes","date":"21 febrero, 2021","format":false,"excerpt":"Cerca del mediod\u00eda de este domingo, en la ruta nacional N\u00b0 5, a la altura del kil\u00f3metro 118,100 dentro del partido de Suipacha, un remisero mercedino, despist\u00f3 el veh\u00edculo que conduc\u00eda aparentemente por una descompensaci\u00f3n que sufri\u00f3 mientras manejaba. Se trata de Carlos Pocaressi de 61 a\u00f1os que se encontraba\u2026","rel":"","context":"En \u00abPolicial\u00bb","block_context":{"text":"Policial","link":"https:\/\/www.hoymercedes.com.ar\/principal\/category\/policial\/"},"img":{"alt_text":"","src":"https:\/\/i0.wp.com\/www.hoymercedes.com.ar\/principal\/wp-content\/uploads\/2021\/02\/21-despiste-1.jpg?resize=350%2C200&ssl=1","width":350,"height":200,"srcset":"https:\/\/i0.wp.com\/www.hoymercedes.com.ar\/principal\/wp-content\/uploads\/2021\/02\/21-despiste-1.jpg?resize=350%2C200&ssl=1 1x, https:\/\/i0.wp.com\/www.hoymercedes.com.ar\/principal\/wp-content\/uploads\/2021\/02\/21-despiste-1.jpg?resize=525%2C300&ssl=1 1.5x, https:\/\/i0.wp.com\/www.hoymercedes.com.ar\/principal\/wp-content\/uploads\/2021\/02\/21-despiste-1.jpg?resize=700%2C400&ssl=1 2x"},"classes":[]},{"id":193962,"url":"https:\/\/www.hoymercedes.com.ar\/principal\/2026\/03\/31\/dolor-en-mercedes-fallecio-el-bombero-carlos-sarco-a-los-57-anos\/","url_meta":{"origin":78724,"position":2},"title":"Dolor en Mercedes: falleci\u00f3 el bombero Carlos Sarco a los 57 a\u00f1os","author":"hoymercedes","date":"31 marzo, 2026","format":false,"excerpt":"La comunidad de Mercedes se vio conmocionada por el fallecimiento de Carlos Alberto Sarco, reconocido bombero de la ciudad, ocurrido en las primeras horas del lunes. La noticia fue confirmada por el segundo jefe del Cuerpo Activo, Alejandro Mazza, quien expres\u00f3 la sorpresa y el pesar de sus compa\u00f1eros tras\u2026","rel":"","context":"En \u00abSociedad\u00bb","block_context":{"text":"Sociedad","link":"https:\/\/www.hoymercedes.com.ar\/principal\/category\/sociedad\/"},"img":{"alt_text":"","src":"https:\/\/i0.wp.com\/www.hoymercedes.com.ar\/principal\/wp-content\/uploads\/2026\/03\/image-113.png?resize=350%2C200&ssl=1","width":350,"height":200,"srcset":"https:\/\/i0.wp.com\/www.hoymercedes.com.ar\/principal\/wp-content\/uploads\/2026\/03\/image-113.png?resize=350%2C200&ssl=1 1x, https:\/\/i0.wp.com\/www.hoymercedes.com.ar\/principal\/wp-content\/uploads\/2026\/03\/image-113.png?resize=525%2C300&ssl=1 1.5x, https:\/\/i0.wp.com\/www.hoymercedes.com.ar\/principal\/wp-content\/uploads\/2026\/03\/image-113.png?resize=700%2C400&ssl=1 2x"},"classes":[]},{"id":52415,"url":"https:\/\/www.hoymercedes.com.ar\/principal\/2016\/07\/12\/nos-enorgullece-tener-policias-asi\/","url_meta":{"origin":78724,"position":3},"title":"\u00abNos enorgullece tener polic\u00edas as\u00ed\u00bb","author":"hoymercedes","date":"12 julio, 2016","format":false,"excerpt":"A nuestra redacci\u00f3n lleg\u00f3 un mensaje de parte de una de las lectoras para hacer p\u00fablico la felicitaci\u00f3n a dos polic\u00edas que actuaron ante la descompensaci\u00f3n de un hombre en la esquina de 14 y 33. A continuaci\u00f3n, trascribimos el mensaje: \"Siendo la hora 14 40, en la parada de\u2026","rel":"","context":"En \u00abCiudad\u00bb","block_context":{"text":"Ciudad","link":"https:\/\/www.hoymercedes.com.ar\/principal\/category\/ciudad\/"},"img":{"alt_text":"","src":"","width":0,"height":0},"classes":[]},{"id":5316,"url":"https:\/\/www.hoymercedes.com.ar\/principal\/2011\/06\/30\/dudas-en-el-radicalismo-por-la-sucesion-de-roberto-sanmartin\/","url_meta":{"origin":78724,"position":4},"title":"Dudas en el radicalismo por la sucesi\u00f3n de Roberto Sanmart\u00edn","author":"hoymercedes","date":"30 junio, 2011","format":false,"excerpt":"Al mismo tiempo que hoy fuer\u00a0inhumados en el cementerio local los restos del ex dirigente radical Roberto Sanmart\u00edn qui\u00e9n falleciera en la madrugada de este mi\u00e9rcoles debido a un descompensaci\u00f3n card\u00edaca tras haber sido sometido en un centro m\u00e9dico de la Capital federal a una operaci\u00f3n de coraz\u00f3n, los principales\u2026","rel":"","context":"En \u00abSociedad\u00bb","block_context":{"text":"Sociedad","link":"https:\/\/www.hoymercedes.com.ar\/principal\/category\/sociedad\/"},"img":{"alt_text":"","src":"https:\/\/i0.wp.com\/www.hoymercedes.com.ar\/principal\/wp-content\/uploads\/2011\/06\/sanamertin-respuela-300x224.jpg?resize=350%2C200","width":350,"height":200},"classes":[]},{"id":182844,"url":"https:\/\/www.hoymercedes.com.ar\/principal\/2025\/02\/27\/chivilcoy-violenta-colision-vehicular-sobre-ruta-5\/","url_meta":{"origin":78724,"position":5},"title":"Chivilcoy: violenta colisi\u00f3n vehicular sobre Ruta 5","author":"hoymercedes","date":"27 febrero, 2025","format":false,"excerpt":"En la ma\u00f1ana de este jueves, se produc\u00eda un violento choque entre un cami\u00f3n y un autom\u00f3vil, sobre el trazado de la ruta 5 , en jurisdicci\u00f3n del partido de Chivilcoy. El siniestro ocurri\u00f3 a la altura del kil\u00f3metro 146,200. En el lugar donde cruzaban las v\u00edas del ferrocarril, cuando\u2026","rel":"","context":"En \u00abSociedad\u00bb","block_context":{"text":"Sociedad","link":"https:\/\/www.hoymercedes.com.ar\/principal\/category\/sociedad\/"},"img":{"alt_text":"","src":"https:\/\/i0.wp.com\/www.hoymercedes.com.ar\/principal\/wp-content\/uploads\/2025\/02\/FB_IMG_1740689377650.jpg?resize=350%2C200&ssl=1","width":350,"height":200,"srcset":"https:\/\/i0.wp.com\/www.hoymercedes.com.ar\/principal\/wp-content\/uploads\/2025\/02\/FB_IMG_1740689377650.jpg?resize=350%2C200&ssl=1 1x, https:\/\/i0.wp.com\/www.hoymercedes.com.ar\/principal\/wp-content\/uploads\/2025\/02\/FB_IMG_1740689377650.jpg?resize=525%2C300&ssl=1 1.5x, https:\/\/i0.wp.com\/www.hoymercedes.com.ar\/principal\/wp-content\/uploads\/2025\/02\/FB_IMG_1740689377650.jpg?resize=700%2C400&ssl=1 2x, https:\/\/i0.wp.com\/www.hoymercedes.com.ar\/principal\/wp-content\/uploads\/2025\/02\/FB_IMG_1740689377650.jpg?resize=1050%2C600&ssl=1 3x"},"classes":[]}],"_links":{"self":[{"href":"https:\/\/www.hoymercedes.com.ar\/principal\/wp-json\/wp\/v2\/posts\/78724","targetHints":{"allow":["GET"]}}],"collection":[{"href":"https:\/\/www.hoymercedes.com.ar\/principal\/wp-json\/wp\/v2\/posts"}],"about":[{"href":"https:\/\/www.hoymercedes.com.ar\/principal\/wp-json\/wp\/v2\/types\/post"}],"author":[{"embeddable":true,"href":"https:\/\/www.hoymercedes.com.ar\/principal\/wp-json\/wp\/v2\/users\/1"}],"replies":[{"embeddable":true,"href":"https:\/\/www.hoymercedes.com.ar\/principal\/wp-json\/wp\/v2\/comments?post=78724"}],"version-history":[{"count":0,"href":"https:\/\/www.hoymercedes.com.ar\/principal\/wp-json\/wp\/v2\/posts\/78724\/revisions"}],"wp:featuredmedia":[{"embeddable":true,"href":"https:\/\/www.hoymercedes.com.ar\/principal\/wp-json\/wp\/v2\/media\/78723"}],"wp:attachment":[{"href":"https:\/\/www.hoymercedes.com.ar\/principal\/wp-json\/wp\/v2\/media?parent=78724"}],"wp:term":[{"taxonomy":"category","embeddable":true,"href":"https:\/\/www.hoymercedes.com.ar\/principal\/wp-json\/wp\/v2\/categories?post=78724"},{"taxonomy":"post_tag","embeddable":true,"href":"https:\/\/www.hoymercedes.com.ar\/principal\/wp-json\/wp\/v2\/tags?post=78724"}],"curies":[{"name":"wp","href":"https:\/\/api.w.org\/{rel}","templated":true}]}}