{"id":78767,"date":"2018-07-20T07:03:50","date_gmt":"2018-07-20T10:03:50","guid":{"rendered":"http:\/\/www.hoymercedes.com.ar\/principal\/?p=78767"},"modified":"2018-07-18T09:46:03","modified_gmt":"2018-07-18T12:46:03","slug":"quilmes-es-subcampeon-en-mini","status":"publish","type":"post","link":"https:\/\/www.hoymercedes.com.ar\/principal\/2018\/07\/20\/quilmes-es-subcampeon-en-mini\/","title":{"rendered":"Quilmes es subcampe\u00f3n en Mini"},"content":{"rendered":"<p>Quilmes se coron\u00f3 subcampe\u00f3n del Apertura de la categor\u00eda MINI. Elimin\u00f3 en la semifinal a Ciudad de Saladillo y luego perdi\u00f3 la final ante el local Millonarios de Bragado. Gran actuaci\u00f3n del quilme\u00f1o conducido t\u00e1ctica y estrat\u00e9gicamente por Gustavo Retegui que tuvo a Juan Bourdieu a su gran figura terminando con un promedio de 19,70 puntos por partido (197 en 10), estando bien acompa\u00f1ado por \u00a0Almir\u00f3n, \u00a0\u00a0Gal\u00e1n , Milesi y el resto del equipo. Sin dudas que el Campe\u00f3n Millonarios (Bragado) es un leg\u00edtimo campe\u00f3n, sacando claras diferencias sobre el resto y ganando c\u00f3modamente la final por 58 a 35. Quiz\u00e1s no tenga una figura excluyente pero s\u00ed tiene 7 u 8 chicos que marcan diferencia. Felicitaciones para los pibes quilme\u00f1os que dejan bien en alto al b\u00e1squet mercedino.<\/p>\n<p><img loading=\"lazy\" decoding=\"async\" data-attachment-id=\"78768\" data-permalink=\"https:\/\/www.hoymercedes.com.ar\/principal\/2018\/07\/20\/quilmes-es-subcampeon-en-mini\/quilmes-sub-campeon-mini-2018-apertura\/#main\" data-orig-file=\"https:\/\/www.hoymercedes.com.ar\/principal\/wp-content\/uploads\/2018\/07\/Quilmes-Sub-campe\u00f3n-Mini-2018-Apertura.jpg\" data-orig-size=\"800,450\" data-comments-opened=\"0\" data-image-meta=\"{&quot;aperture&quot;:&quot;0&quot;,&quot;credit&quot;:&quot;&quot;,&quot;camera&quot;:&quot;&quot;,&quot;caption&quot;:&quot;&quot;,&quot;created_timestamp&quot;:&quot;0&quot;,&quot;copyright&quot;:&quot;&quot;,&quot;focal_length&quot;:&quot;0&quot;,&quot;iso&quot;:&quot;0&quot;,&quot;shutter_speed&quot;:&quot;0&quot;,&quot;title&quot;:&quot;&quot;,&quot;orientation&quot;:&quot;0&quot;}\" data-image-title=\"Quilmes Sub campe\u00f3n Mini 2018 Apertura\" data-image-description=\"\" data-image-caption=\"\" data-large-file=\"https:\/\/www.hoymercedes.com.ar\/principal\/wp-content\/uploads\/2018\/07\/Quilmes-Sub-campe\u00f3n-Mini-2018-Apertura.jpg\" class=\"aligncenter size-medium wp-image-78768\" src=\"https:\/\/www.hoymercedes.com.ar\/principal\/wp-content\/uploads\/2018\/07\/Quilmes-Sub-campe\u00f3n-Mini-2018-Apertura-630x354.jpg\" alt=\"\" width=\"630\" height=\"354\" srcset=\"https:\/\/www.hoymercedes.com.ar\/principal\/wp-content\/uploads\/2018\/07\/Quilmes-Sub-campe\u00f3n-Mini-2018-Apertura-630x354.jpg 630w, https:\/\/www.hoymercedes.com.ar\/principal\/wp-content\/uploads\/2018\/07\/Quilmes-Sub-campe\u00f3n-Mini-2018-Apertura-150x84.jpg 150w, https:\/\/www.hoymercedes.com.ar\/principal\/wp-content\/uploads\/2018\/07\/Quilmes-Sub-campe\u00f3n-Mini-2018-Apertura.jpg 800w\" sizes=\"auto, (max-width: 630px) 100vw, 630px\" \/><\/p>\n<p>CANCHA DE MILLONARIOS (B)<\/p>\n<p>&nbsp;<\/p>\n<p>SEMIFINALES:<\/p>\n<p>&nbsp;<\/p>\n<p>MILLONARIOS (B) 37 \u2013 Col\u00f3n (Ch) 24<\/p>\n<p>&nbsp;<\/p>\n<p>&nbsp;<\/p>\n<p>S\u00edntesis:<\/p>\n<p>Ciudad de Saladillo 40<\/p>\n<p>(T. Del\u00eda (C) 11, Garc\u00eda Gadda 10, F. Nissi 6, Filgueira 4, Reynoso 2, A. Sivero 2, Cui\u00f1as 2, Grassi 2, Bruno 1, Leonardi, Mendez, Hernaez) (DT: G. Molina)<\/p>\n<p>&nbsp;<\/p>\n<p>Quilmes 51<\/p>\n<p>(Bourdieu (C) 19, Almir\u00f3n 12, Milesi 10, Nasso 4, Gal\u00e1n 2, F. Cosentino 2, I. Darritchon 1, J. P. Fern\u00e1ndez 1, Silva, Avelar, Acu\u00f1a, Basualdo, Br\u00eda, Repetto, Baldamus, Navarro, Ponce) (DT: G. Retegui)<\/p>\n<p>&nbsp;<\/p>\n<p>JUECES:\u00a0 M. Lequerica \u2013 A. Guzm\u00e1n<\/p>\n<p>&nbsp;<\/p>\n<p>&nbsp;<\/p>\n<p>POR EL 3 \u00ba PUESTO<\/p>\n<p>&nbsp;<\/p>\n<p>Ciudad de Saladillo 39 \u2013 Col\u00f3n (Ch) 26<\/p>\n<p>&nbsp;<\/p>\n<p>&nbsp;<\/p>\n<p>FINAL<\/p>\n<p>&nbsp;<\/p>\n<p>&nbsp;<\/p>\n<p>&nbsp;<\/p>\n<p>S\u00edntesis:<\/p>\n<p>&nbsp;<\/p>\n<p>Millonarios (B) 58<\/p>\n<p>(Contreras 14, Lugones (C) 10, Francese 10, Silva 6, Latessa 6, Ledesma 6, Percudani 2, Barreira 2, Fuentes 2, Gancia, Marchione, Mango) (DT: M. Salama)<\/p>\n<p>&nbsp;<\/p>\n<p>Quilmes 35<\/p>\n<p>(Bourdieu (C) 13, Almir\u00f3n 9, Milesi 6, Basualdo 4, Acu\u00f1a 2, F. Cosentino 1,\u00a0 Nasso , Gal\u00e1n , F. Cosentino , I. Darritchon , J. P. Fern\u00e1ndez , Silva, Avelar, Br\u00eda, Repetto, Baldamus, Navarro, Ponce) (DT: G. Retegui)<\/p>\n<p>&nbsp;<\/p>\n<p>JUECES: \u00a0\u00a0M. Lequerica \u2013 A. Guzm\u00e1n<\/p>\n<p>&nbsp;<\/p>\n<p>&nbsp;<\/p>\n<p>POSICIONES FINALES:<\/p>\n<p>1.- Millonarios (B). 2.- Quilmes. 3.- Ciudad de Saladillo. 4.- Col\u00f3n (Ch). 5.- Argentino (Ch). 6.- Bragado Club. 7.- Gimnasia (Ch). 8.-Atl. 9 de Julio. 9.-Racing. 10.- San Lorenzo. 11.- Sp. 25 de Mayo<\/p>\n<p>&nbsp;<\/p>\n<p>&nbsp;<\/p>\n<p>MINI: GOLEADORES Y PARTIDOS JUGADOS DE QUILMES: CAMPEONATO:<\/p>\n<p>Bourdieu (C) 197 (10), Almir\u00f3n 65 (10), \u00a0Gal\u00e1n 59 (10), Milesi 40 (8), \u00a0Nasso 34 (10), \u00a0\u00a0J. P. Fernandez 28 (9), \u00a0\u00a0\u00a0I. Darritchon 25 (9),\u00a0 Basualdo 25 (9), Avelar 13 (8), Silva 10 (8), \u00a0\u00a0\u00a0Acu\u00f1a 10 (9), \u00a0\u00a0\u00a0F. Cosentino 8 (9), Confente 2 (2), \u00a0\u00a0B. Repetto 2 (5), Mosca (1),\u00a0 L. Rodr\u00edguez (1), Silvestre (1) , Zumpano (1). Archuri (1), I\u00f1igo (1), Alc\u00f3n (2), Ramponi (2), Guzm\u00e1n (2), Villarreal (2), Ponce(3), \u00a0V. Bongiorno (4), Navarro(5), \u00a0Baldamus (8), Br\u00eda (9).<\/p>\n<p>&nbsp;<\/p>\n<p>TANTOS A FAVOR:\u00a0\u00a0\u00a0\u00a0\u00a0 \u00a0\u00a0\u00a0\u00a0\u00a0\u00a0\u00a0\u00a0519 \u00a0\u00a0(51,90\u00a0\u00a0\u00a0\u00a0 \u00a0\u00a0\u00a0\u00a0\u00a0PROMEDIO)<\/p>\n<p>TANTOS EN CONTRA:\u00a0\u00a0\u00a0\u00a0\u00a0 \u00a0\u00a0394 \u00a0\u00a0\u00a0(39,40\u00a0\u00a0\u00a0\u00a0 \u00a0\u00a0\u00a0\u00a0\u00a0\u00a0PROMEDIO)<\/p>\n<p>&nbsp;<\/p>\n<p>CAMPA\u00d1A:\u00a0\u00a0 7 GANADOS: VS. \u00a0RACING (CH) 47-16 (V), VS. COL\u00d3N (CH) 62-30 (L), VS. GIMNASIA (CH) 58-24(V), VS. BRAGADO CLUB 54-37 (V), VS. ATL 9 DE JULIO 82-22 (L), VS ARGENTINO (CH) 48-26 (V), SEMIFINAL: VS CIUDAD DE SALADILLO 51-40 (V)<\/p>\n<p>&nbsp;<\/p>\n<p>3 PERDIDOS: VS. CIUDAD DE SALADILLO 50-59 (L), VS. MILLONARIOS (B) 32-82 (V), FINAL: VS MILLONARIOS (B) 35-58 (V)<\/p>\n","protected":false},"excerpt":{"rendered":"<p>Quilmes se coron\u00f3 subcampe\u00f3n del Apertura de la categor\u00eda MINI. Elimin\u00f3 en la semifinal a Ciudad de Saladillo y luego &#8230; <a title=\"Quilmes es subcampe\u00f3n en Mini\" class=\"read-more\" href=\"https:\/\/www.hoymercedes.com.ar\/principal\/2018\/07\/20\/quilmes-es-subcampeon-en-mini\/\" aria-label=\"Leer m\u00e1s sobre Quilmes es subcampe\u00f3n en Mini\">Leer m\u00e1s<\/a><\/p>\n","protected":false},"author":1,"featured_media":78768,"comment_status":"closed","ping_status":"open","sticky":false,"template":"","format":"standard","meta":{"_monsterinsights_skip_tracking":false,"_monsterinsights_sitenote_active":false,"_monsterinsights_sitenote_note":"","_monsterinsights_sitenote_category":0,"jetpack_post_was_ever_published":false,"_jetpack_newsletter_access":"","_jetpack_dont_email_post_to_subs":false,"_jetpack_newsletter_tier_id":0,"_jetpack_memberships_contains_paywalled_content":false,"_jetpack_memberships_contains_paid_content":false,"footnotes":"","jetpack_publicize_message":"","jetpack_publicize_feature_enabled":true,"jetpack_social_post_already_shared":true,"jetpack_social_options":{"image_generator_settings":{"template":"highway","default_image_id":0,"font":"","enabled":false},"version":2},"_wpas_customize_per_network":false},"categories":[21],"tags":[1058,204,12041,1413],"class_list":["post-78767","post","type-post","status-publish","format-standard","has-post-thumbnail","hentry","category-deportes","tag-basquet","tag-deportes-2","tag-mini-basquet","tag-quilmes","generate-columns","tablet-grid-50","mobile-grid-100","grid-parent","grid-50"],"jetpack_publicize_connections":[],"jetpack_featured_media_url":"https:\/\/www.hoymercedes.com.ar\/principal\/wp-content\/uploads\/2018\/07\/Quilmes-Sub-campe\u00f3n-Mini-2018-Apertura.jpg","wps_subtitle":"Basquet","jetpack_sharing_enabled":true,"_links":{"self":[{"href":"https:\/\/www.hoymercedes.com.ar\/principal\/wp-json\/wp\/v2\/posts\/78767","targetHints":{"allow":["GET"]}}],"collection":[{"href":"https:\/\/www.hoymercedes.com.ar\/principal\/wp-json\/wp\/v2\/posts"}],"about":[{"href":"https:\/\/www.hoymercedes.com.ar\/principal\/wp-json\/wp\/v2\/types\/post"}],"author":[{"embeddable":true,"href":"https:\/\/www.hoymercedes.com.ar\/principal\/wp-json\/wp\/v2\/users\/1"}],"replies":[{"embeddable":true,"href":"https:\/\/www.hoymercedes.com.ar\/principal\/wp-json\/wp\/v2\/comments?post=78767"}],"version-history":[{"count":0,"href":"https:\/\/www.hoymercedes.com.ar\/principal\/wp-json\/wp\/v2\/posts\/78767\/revisions"}],"wp:featuredmedia":[{"embeddable":true,"href":"https:\/\/www.hoymercedes.com.ar\/principal\/wp-json\/wp\/v2\/media\/78768"}],"wp:attachment":[{"href":"https:\/\/www.hoymercedes.com.ar\/principal\/wp-json\/wp\/v2\/media?parent=78767"}],"wp:term":[{"taxonomy":"category","embeddable":true,"href":"https:\/\/www.hoymercedes.com.ar\/principal\/wp-json\/wp\/v2\/categories?post=78767"},{"taxonomy":"post_tag","embeddable":true,"href":"https:\/\/www.hoymercedes.com.ar\/principal\/wp-json\/wp\/v2\/tags?post=78767"}],"curies":[{"name":"wp","href":"https:\/\/api.w.org\/{rel}","templated":true}]}}