{"id":78863,"date":"2018-07-19T21:28:01","date_gmt":"2018-07-20T00:28:01","guid":{"rendered":"http:\/\/www.hoymercedes.com.ar\/principal\/?p=78863"},"modified":"2018-07-19T21:28:01","modified_gmt":"2018-07-20T00:28:01","slug":"tras-anos-de-trabajo-logran-habilitacion-y-apertura-del-circuito-luis-lorenzo-bandoni","status":"publish","type":"post","link":"https:\/\/www.hoymercedes.com.ar\/principal\/2018\/07\/19\/tras-anos-de-trabajo-logran-habilitacion-y-apertura-del-circuito-luis-lorenzo-bandoni\/","title":{"rendered":"Tras a\u00f1os de trabajo logran habilitaci\u00f3n y apertura del circuito Lu\u00eds Lorenzo Bandoni"},"content":{"rendered":"<p><span class=\"embed-youtube\" style=\"text-align:center; display: block;\"><iframe loading=\"lazy\" class=\"youtube-player\" width=\"1200\" height=\"675\" src=\"https:\/\/www.youtube.com\/embed\/KCi4xdJcm1M?version=3&#038;rel=1&#038;showsearch=0&#038;showinfo=1&#038;iv_load_policy=1&#038;fs=1&#038;hl=es-ES&#038;autohide=2&#038;wmode=transparent\" allowfullscreen=\"true\" style=\"border:0;\" sandbox=\"allow-scripts allow-same-origin allow-popups allow-presentation allow-popups-to-escape-sandbox\"><\/iframe><\/span><\/p>\n<p>Tras un largo proceso, finalmente, el Hurac\u00e1n Mercedes Autom\u00f3vil Club recibi\u00f3 su habilitaci\u00f3n. El Dr. Juan Ignacio Ustarroz hizo entrega de la habilitaci\u00f3n definitiva para que desde su Comisi\u00f3n se reinicien los trabajos y pongan en funcionamiento el m\u00edtico Circuito Lu\u00eds Lorenzo Bandoni de nuestra ciudad. En esta emotiva entrega se hicieron presentes, autoridades de Hurac\u00e1n Mercedes Autom\u00f3vil Club, el secretario de gobierno, Juan Pablo L\u00f3pez Baggio y Josefina Kelly, secretaria de seguridad.<\/p>\n<p>Fueron muchos a\u00f1os, m\u00e1s de 15, los que transcurrieron para que se pueda llegar a esta instancia, con un voluminoso expedientes y m\u00faltiples tr\u00e1mites. Ahora se prev\u00e9 funciones para autos y motos, buscando crear un pic\u00f3dromo, cumpliendo el sue\u00f1o de miles de mercedinos.<\/p>\n<p>\u201cRealmente es una alegr\u00eda y una emoci\u00f3n muy grande porque hace muchos a\u00f1os venimos acompa\u00f1ando a este grupo de gente, que con mucho esfuerzo, tes\u00f3n y ganas siempre luch\u00f3 para poder reabrir el circuito Bandoni\u201d sostuvo el Jefe Comunal, Dr Juan Ignacio Ustarroz y destac\u00f3 \u201cme animo a decir que son miles las personas que se van a alegrar con esto, al margen que para la ciudad es muy importante\u201d resalt\u00f3 el intendente.<\/p>\n<p>En esta emotiva entrega se hicieron presentes, autoridades de Hurac\u00e1n Mercedes Autom\u00f3vil Club, el secretario de gobierno, Juan Pablo L\u00f3pez Baggio y Josefina Kelly, secretaria de seguridad.<\/p>\n<p><strong>COMPROMISO E INVERSI\u00d3N EN DEPORTE<\/strong><\/p>\n<p>Adem\u00e1s, el jefe comunal, subray\u00f3 que sirve para \u201cpromover el turismo y el deporte es siempre importante y necesario\u201d y apunt\u00f3 \u201cten\u00edamos un lugar ideal, que es el circuito Bandoni -nos faltaba esto- se hizo todo el tr\u00e1mite administrativo correspondiente y hoy estamos haciendo entrega de esta habilitaci\u00f3n\u201d.<\/p>\n<p>Asimismo, el primer mandatario, sostuvo \u201cestamos reafirmando nuestro compromiso, adem\u00e1s de trabajo, porque vamos a hacer algunas acciones en conjunto, como viene realizando desde el municipio con todos los clubes\u201d y afirm\u00f3 \u201cseguimos invirtiendo en infraestructura, ayudando a nuestros clubes y espacios deportivos\u201d.<\/p>\n<p>\u201cEsta es una alegr\u00eda muy grande para nosotros y dir\u00eda que para toda la comunidad, recuperamos un lugar muy querido por el pueblo de Mercedes\u201d asever\u00f3 El Dr. Ustarroz.<\/p>\n<p><strong>AGRADECIDOS Y CONTENTOS <\/strong><\/p>\n<p>Fabi\u00e1n Di Catarina, Presidente del Hurac\u00e1n Autom\u00f3vil Club, sostuvo \u201ceste era un trabajo que ven\u00edamos haciendo hace mucho tiempo, estamos agradecidos y contentos por tener la habilitaci\u00f3n nuevamente\u201d y a\u00f1adi\u00f3 \u201cera una materia pendiente que ten\u00edamos junto a toda la familia del automovilismo\u201d.<\/p>\n<p>\u201cEste ha sido un trabajo en conjunto con la Municipalidad, el cual ser\u00e1 un bien para la sociedad\u201d resalt\u00f3 el Presidente.<\/p>\n<p><strong>TRABAJO MANCOMUNADO <\/strong><\/p>\n<p>Por su parte, Jorge Collazo, apoderado de la instituci\u00f3n, subray\u00f3 \u201cestamos agradeciendo la palabra cumplida del intendente, que nos prometi\u00f3 y hoy se hizo realidad\u201d. Y adelanto cu\u00e1les ser\u00e1n los proyectos a realizarse \u201cestamos proyectando un pic\u00f3dromo, una escuela para ense\u00f1ar a conducir, adem\u00e1s de trabajar todo lo que refiere al automovilismo\u201d.<\/p>\n<p>&nbsp;<\/p>\n<p>\u201cNos vamos a poner a trabajar de inmediato, llevamos 15 a\u00f1os esper\u00e1ndolo y lo logramos\u201d.<\/p>\n<p>Rodolfo \u201cFito\u201d Salvo, Tesorero de la entidad dijo \u201cprimero quiero agradecer al se\u00f1or intendente Juan Ignacio Ustarroz, porque se comprometi\u00f3 y cumpli\u00f3\u201d.\u00a0 Adem\u00e1s, afirm\u00f3 \u201ceste va a ser un trabajo mancomunado entre el Club y la intendencia\u201d.<\/p>\n<p><strong>Sue\u00f1o<\/strong><\/p>\n<p>La noticia no bien se conoci\u00f3 empez\u00f3, como es habitual en los d\u00edas que vivimos, por las redes sociales, donde los mercedinos compartieron la alegr\u00eda de volver a ver el deporte motor en nuestra ciudad.<\/p>\n<figure id=\"attachment_78865\" aria-describedby=\"caption-attachment-78865\" style=\"width: 620px\" class=\"wp-caption aligncenter\"><img loading=\"lazy\" decoding=\"async\" data-attachment-id=\"78865\" data-permalink=\"https:\/\/www.hoymercedes.com.ar\/principal\/2018\/07\/19\/tras-anos-de-trabajo-logran-habilitacion-y-apertura-del-circuito-luis-lorenzo-bandoni\/habilitacion-automovilismo3\/#main\" data-orig-file=\"https:\/\/www.hoymercedes.com.ar\/principal\/wp-content\/uploads\/2018\/07\/habilitacion-automovilismo3.jpeg\" data-orig-size=\"730,410\" data-comments-opened=\"0\" data-image-meta=\"{&quot;aperture&quot;:&quot;0&quot;,&quot;credit&quot;:&quot;&quot;,&quot;camera&quot;:&quot;&quot;,&quot;caption&quot;:&quot;&quot;,&quot;created_timestamp&quot;:&quot;0&quot;,&quot;copyright&quot;:&quot;&quot;,&quot;focal_length&quot;:&quot;0&quot;,&quot;iso&quot;:&quot;0&quot;,&quot;shutter_speed&quot;:&quot;0&quot;,&quot;title&quot;:&quot;&quot;,&quot;orientation&quot;:&quot;0&quot;}\" data-image-title=\"habilitacion-automovilismo3\" data-image-description=\"\" data-image-caption=\"&lt;p&gt;Encuentro con integrantres del Hurac\u00e1n Automovil Club Mercedes&lt;\/p&gt;\n\" data-large-file=\"https:\/\/www.hoymercedes.com.ar\/principal\/wp-content\/uploads\/2018\/07\/habilitacion-automovilismo3.jpeg\" class=\"size-medium wp-image-78865\" src=\"https:\/\/www.hoymercedes.com.ar\/principal\/wp-content\/uploads\/2018\/07\/habilitacion-automovilismo3-630x354.jpeg\" alt=\"\" width=\"630\" height=\"354\" srcset=\"https:\/\/www.hoymercedes.com.ar\/principal\/wp-content\/uploads\/2018\/07\/habilitacion-automovilismo3-630x354.jpeg 630w, https:\/\/www.hoymercedes.com.ar\/principal\/wp-content\/uploads\/2018\/07\/habilitacion-automovilismo3-150x84.jpeg 150w, https:\/\/www.hoymercedes.com.ar\/principal\/wp-content\/uploads\/2018\/07\/habilitacion-automovilismo3.jpeg 730w\" sizes=\"auto, (max-width: 630px) 100vw, 630px\" \/><figcaption id=\"caption-attachment-78865\" class=\"wp-caption-text\">Encuentro con integrantres del Hurac\u00e1n Automovil Club Mercedes<\/figcaption><\/figure>\n<p>&nbsp;<\/p>\n<p>Info: Municipio<\/p>\n<p>&nbsp;<\/p>\n","protected":false},"excerpt":{"rendered":"<p>Tras un largo proceso, finalmente, el Hurac\u00e1n Mercedes Autom\u00f3vil Club recibi\u00f3 su habilitaci\u00f3n. El Dr. Juan Ignacio Ustarroz hizo entrega &#8230; <a title=\"Tras a\u00f1os de trabajo logran habilitaci\u00f3n y apertura del circuito Lu\u00eds Lorenzo Bandoni\" class=\"read-more\" href=\"https:\/\/www.hoymercedes.com.ar\/principal\/2018\/07\/19\/tras-anos-de-trabajo-logran-habilitacion-y-apertura-del-circuito-luis-lorenzo-bandoni\/\" aria-label=\"Leer m\u00e1s sobre Tras a\u00f1os de trabajo logran habilitaci\u00f3n y apertura del circuito Lu\u00eds Lorenzo Bandoni\">Leer m\u00e1s<\/a><\/p>\n","protected":false},"author":1,"featured_media":78864,"comment_status":"closed","ping_status":"open","sticky":false,"template":"","format":"standard","meta":{"_monsterinsights_skip_tracking":false,"_monsterinsights_sitenote_active":false,"_monsterinsights_sitenote_note":"","_monsterinsights_sitenote_category":0,"jetpack_post_was_ever_published":false,"_jetpack_newsletter_access":"","_jetpack_dont_email_post_to_subs":false,"_jetpack_newsletter_tier_id":0,"_jetpack_memberships_contains_paywalled_content":false,"_jetpack_memberships_contains_paid_content":false,"footnotes":"","jetpack_publicize_message":"","jetpack_publicize_feature_enabled":true,"jetpack_social_post_already_shared":true,"jetpack_social_options":{"image_generator_settings":{"template":"highway","default_image_id":0,"font":"","enabled":false},"version":2},"_wpas_customize_per_network":false},"categories":[21],"tags":[9273,13488,7538,4297,424],"class_list":["post-78863","post","type-post","status-publish","format-standard","has-post-thumbnail","hentry","category-deportes","tag-automovilismo","tag-huracan-automovil-club-mercedes","tag-kelly","tag-lopez-baggio","tag-ustarroz","generate-columns","tablet-grid-50","mobile-grid-100","grid-parent","grid-50"],"jetpack_publicize_connections":[],"jetpack_featured_media_url":"https:\/\/www.hoymercedes.com.ar\/principal\/wp-content\/uploads\/2018\/07\/habilitacion-automovilismo.jpeg","wps_subtitle":"Automovilismo","jetpack_sharing_enabled":true,"jetpack-related-posts":[{"id":157994,"url":"https:\/\/www.hoymercedes.com.ar\/principal\/2023\/02\/04\/avanzan-las-obras-en-el-circuito-luis-lorenzo-bandoni\/","url_meta":{"origin":78863,"position":0},"title":"Avanzan las obras en el Circuito \u00abLuis Lorenzo Bandoni\u00bb","author":"hoymercedes","date":"4 febrero, 2023","format":false,"excerpt":"Desde el Municipio de Mercedes informaron que est\u00e1n avanzando las obras previstas para el circuito automol\u00edstico \"Luis Lorenzo Bandoni\" del Hurac\u00e1n Mercedes Autom\u00f3vil Club, con fondos aportados por la comuna. De acuerdo con lo programado por la comisi\u00f3n del HMAC, comenzaron los trabajos en la pista, iluminaci\u00f3n y finalizaci\u00f3n de\u2026","rel":"","context":"En \u00abMunicipio\u00bb","block_context":{"text":"Municipio","link":"https:\/\/www.hoymercedes.com.ar\/principal\/category\/municipio\/"},"img":{"alt_text":"","src":"https:\/\/i0.wp.com\/www.hoymercedes.com.ar\/principal\/wp-content\/uploads\/2023\/02\/328494889_561477079031487_702882394774956816_n.jpg?resize=350%2C200&ssl=1","width":350,"height":200,"srcset":"https:\/\/i0.wp.com\/www.hoymercedes.com.ar\/principal\/wp-content\/uploads\/2023\/02\/328494889_561477079031487_702882394774956816_n.jpg?resize=350%2C200&ssl=1 1x, https:\/\/i0.wp.com\/www.hoymercedes.com.ar\/principal\/wp-content\/uploads\/2023\/02\/328494889_561477079031487_702882394774956816_n.jpg?resize=525%2C300&ssl=1 1.5x, https:\/\/i0.wp.com\/www.hoymercedes.com.ar\/principal\/wp-content\/uploads\/2023\/02\/328494889_561477079031487_702882394774956816_n.jpg?resize=700%2C400&ssl=1 2x"},"classes":[]},{"id":116713,"url":"https:\/\/www.hoymercedes.com.ar\/principal\/2020\/09\/17\/el-hmac-presento-protocolo-para-habilitar-el-bandoni\/","url_meta":{"origin":78863,"position":1},"title":"El HMAC present\u00f3 protocolo para habilitar el Bandoni","author":"hoymercedes","date":"17 septiembre, 2020","format":false,"excerpt":"Tras la posibilidad que el automovilismo se lleve adelante, producto de la habilitaci\u00f3n realizad\u00e1 por el gobierno, surgieron las preguntas por parte del mundo fierrero para poder utilizar el aut\u00f3dromo Luis Lorenzo Bandoni. Es por eso que el Hurac\u00e1n Mercedes Automovil Club trabaj\u00f3 para presentar un protocolo ante la Municipalidad\u2026","rel":"","context":"En \u00abDeportes\u00bb","block_context":{"text":"Deportes","link":"https:\/\/www.hoymercedes.com.ar\/principal\/category\/deportes\/"},"img":{"alt_text":"","src":"https:\/\/i0.wp.com\/www.hoymercedes.com.ar\/principal\/wp-content\/uploads\/2020\/09\/Autodromo-Luis-Lorenzo-Bandoni.jpg?resize=350%2C200&ssl=1","width":350,"height":200,"srcset":"https:\/\/i0.wp.com\/www.hoymercedes.com.ar\/principal\/wp-content\/uploads\/2020\/09\/Autodromo-Luis-Lorenzo-Bandoni.jpg?resize=350%2C200&ssl=1 1x, https:\/\/i0.wp.com\/www.hoymercedes.com.ar\/principal\/wp-content\/uploads\/2020\/09\/Autodromo-Luis-Lorenzo-Bandoni.jpg?resize=525%2C300&ssl=1 1.5x"},"classes":[]},{"id":127744,"url":"https:\/\/www.hoymercedes.com.ar\/principal\/2021\/04\/08\/circuito-bandoni-proyecta-la-construccion-de-un-sum\/","url_meta":{"origin":78863,"position":2},"title":"Circuito Bandoni proyecta la construcci\u00f3n de un SUM","author":"hoymercedes","date":"8 abril, 2021","format":false,"excerpt":"El Hurac\u00e1n Mercedes Autom\u00f3vil Club proyecta una obra de ampliaci\u00f3n de sus instalaciones en el Circuito Bandoni con un subsidio conjunto de los gobiernos Naci\u00f3n, Provincia, y Municipio.\u00a0Jorge Collazo, presidente del Hurac\u00e1n, confirm\u00f3 la iniciativa de construcci\u00f3n del sal\u00f3n de usos m\u00faltiples en el predio del aut\u00f3dromo Luis Bandoni. \u201cEstamos\u2026","rel":"","context":"En \u00abDeportes\u00bb","block_context":{"text":"Deportes","link":"https:\/\/www.hoymercedes.com.ar\/principal\/category\/deportes\/"},"img":{"alt_text":"","src":"https:\/\/i0.wp.com\/www.hoymercedes.com.ar\/principal\/wp-content\/uploads\/2021\/04\/08-proyecto-bandoni-1.jpg?resize=350%2C200&ssl=1","width":350,"height":200,"srcset":"https:\/\/i0.wp.com\/www.hoymercedes.com.ar\/principal\/wp-content\/uploads\/2021\/04\/08-proyecto-bandoni-1.jpg?resize=350%2C200&ssl=1 1x, https:\/\/i0.wp.com\/www.hoymercedes.com.ar\/principal\/wp-content\/uploads\/2021\/04\/08-proyecto-bandoni-1.jpg?resize=525%2C300&ssl=1 1.5x, https:\/\/i0.wp.com\/www.hoymercedes.com.ar\/principal\/wp-content\/uploads\/2021\/04\/08-proyecto-bandoni-1.jpg?resize=700%2C400&ssl=1 2x"},"classes":[]},{"id":131994,"url":"https:\/\/www.hoymercedes.com.ar\/principal\/2021\/06\/18\/obras-en-el-huracan-mercedes-automovil-club\/","url_meta":{"origin":78863,"position":3},"title":"Obras en el Hurac\u00e1n Mercedes Autom\u00f3vil Club","author":"hoymercedes","date":"18 junio, 2021","format":false,"excerpt":"El Hurac\u00e1n Mercedes Autom\u00f3vil Club recibi\u00f3 un subsidio municipal para la construcci\u00f3n de un SUM y una torre de control. Adempas, realizan trabajos de electricidad para mejorar la iluminaci\u00f3n del circuito cerrado durante 20 a\u00f1os. En el marco de una visita institucional de la autoridades municipales, Jorge Collazo, en representaci\u00f3n\u2026","rel":"","context":"En \u00abMunicipio\u00bb","block_context":{"text":"Municipio","link":"https:\/\/www.hoymercedes.com.ar\/principal\/category\/municipio\/"},"img":{"alt_text":"","src":"https:\/\/i0.wp.com\/www.hoymercedes.com.ar\/principal\/wp-content\/uploads\/2021\/06\/DSC07660.jpg?resize=350%2C200&ssl=1","width":350,"height":200,"srcset":"https:\/\/i0.wp.com\/www.hoymercedes.com.ar\/principal\/wp-content\/uploads\/2021\/06\/DSC07660.jpg?resize=350%2C200&ssl=1 1x, https:\/\/i0.wp.com\/www.hoymercedes.com.ar\/principal\/wp-content\/uploads\/2021\/06\/DSC07660.jpg?resize=525%2C300&ssl=1 1.5x, https:\/\/i0.wp.com\/www.hoymercedes.com.ar\/principal\/wp-content\/uploads\/2021\/06\/DSC07660.jpg?resize=700%2C400&ssl=1 2x"},"classes":[]},{"id":114958,"url":"https:\/\/www.hoymercedes.com.ar\/principal\/2020\/08\/11\/comenzaron-las-actividades-en-el-predio-del-huracan-mercedes-automovil-club\/","url_meta":{"origin":78863,"position":4},"title":"Comenzaron las actividades en el predio del Hurac\u00e1n Mercedes Automovil Club","author":"hoymercedes","date":"11 agosto, 2020","format":false,"excerpt":"Otra de las entidades que de a poco empieza a tener movimiento es el Hurac\u00e1n Mercedes Automovil Club, quien a trav\u00e9s de su red social Facebook se\u00f1al\u00f3 que \"con un estricto protocolo, se han comenzado a llevar a cabo los trabajos de preparaci\u00f3n del circuito y herramientas con miras a\u2026","rel":"","context":"En \u00abDeportes\u00bb","block_context":{"text":"Deportes","link":"https:\/\/www.hoymercedes.com.ar\/principal\/category\/deportes\/"},"img":{"alt_text":"","src":"https:\/\/i0.wp.com\/www.hoymercedes.com.ar\/principal\/wp-content\/uploads\/2020\/08\/Circuito-Luis-Bandoni.png?resize=350%2C200&ssl=1","width":350,"height":200,"srcset":"https:\/\/i0.wp.com\/www.hoymercedes.com.ar\/principal\/wp-content\/uploads\/2020\/08\/Circuito-Luis-Bandoni.png?resize=350%2C200&ssl=1 1x, https:\/\/i0.wp.com\/www.hoymercedes.com.ar\/principal\/wp-content\/uploads\/2020\/08\/Circuito-Luis-Bandoni.png?resize=525%2C300&ssl=1 1.5x, https:\/\/i0.wp.com\/www.hoymercedes.com.ar\/principal\/wp-content\/uploads\/2020\/08\/Circuito-Luis-Bandoni.png?resize=700%2C400&ssl=1 2x"},"classes":[]},{"id":97647,"url":"https:\/\/www.hoymercedes.com.ar\/principal\/2019\/08\/05\/re-abrio-el-mitico-circuito-del-huracan-automovil-club-mercedes\/","url_meta":{"origin":78863,"position":5},"title":"Re abri\u00f3 el m\u00edtico circuito del Hurac\u00e1n Automovil Club Mercedes","author":"hoymercedes","date":"5 agosto, 2019","format":false,"excerpt":"Huracan Automovil Club Tras un gran extenso trabajo entre el Municipio de Mercedes y el Hurac\u00e1n Autom\u00f3vil Club se puso en marcha este domingo las obras realizadas en el circuito Luis Lorenzo Bandoni que permitir\u00e1 que este m\u00edtico escenario, luego de 20 a\u00f1os, vuelva a ser utilizado por los mercedinos.\u2026","rel":"","context":"En \u00abDeportes\u00bb","block_context":{"text":"Deportes","link":"https:\/\/www.hoymercedes.com.ar\/principal\/category\/deportes\/"},"img":{"alt_text":"","src":"https:\/\/i0.wp.com\/www.hoymercedes.com.ar\/principal\/wp-content\/uploads\/2019\/08\/HuracanMercedesAutomovilClub.jpg?resize=350%2C200&ssl=1","width":350,"height":200,"srcset":"https:\/\/i0.wp.com\/www.hoymercedes.com.ar\/principal\/wp-content\/uploads\/2019\/08\/HuracanMercedesAutomovilClub.jpg?resize=350%2C200&ssl=1 1x, https:\/\/i0.wp.com\/www.hoymercedes.com.ar\/principal\/wp-content\/uploads\/2019\/08\/HuracanMercedesAutomovilClub.jpg?resize=525%2C300&ssl=1 1.5x"},"classes":[]}],"_links":{"self":[{"href":"https:\/\/www.hoymercedes.com.ar\/principal\/wp-json\/wp\/v2\/posts\/78863","targetHints":{"allow":["GET"]}}],"collection":[{"href":"https:\/\/www.hoymercedes.com.ar\/principal\/wp-json\/wp\/v2\/posts"}],"about":[{"href":"https:\/\/www.hoymercedes.com.ar\/principal\/wp-json\/wp\/v2\/types\/post"}],"author":[{"embeddable":true,"href":"https:\/\/www.hoymercedes.com.ar\/principal\/wp-json\/wp\/v2\/users\/1"}],"replies":[{"embeddable":true,"href":"https:\/\/www.hoymercedes.com.ar\/principal\/wp-json\/wp\/v2\/comments?post=78863"}],"version-history":[{"count":0,"href":"https:\/\/www.hoymercedes.com.ar\/principal\/wp-json\/wp\/v2\/posts\/78863\/revisions"}],"wp:featuredmedia":[{"embeddable":true,"href":"https:\/\/www.hoymercedes.com.ar\/principal\/wp-json\/wp\/v2\/media\/78864"}],"wp:attachment":[{"href":"https:\/\/www.hoymercedes.com.ar\/principal\/wp-json\/wp\/v2\/media?parent=78863"}],"wp:term":[{"taxonomy":"category","embeddable":true,"href":"https:\/\/www.hoymercedes.com.ar\/principal\/wp-json\/wp\/v2\/categories?post=78863"},{"taxonomy":"post_tag","embeddable":true,"href":"https:\/\/www.hoymercedes.com.ar\/principal\/wp-json\/wp\/v2\/tags?post=78863"}],"curies":[{"name":"wp","href":"https:\/\/api.w.org\/{rel}","templated":true}]}}