{"id":78867,"date":"2018-07-20T09:00:59","date_gmt":"2018-07-20T12:00:59","guid":{"rendered":"http:\/\/www.hoymercedes.com.ar\/principal\/?p=78867"},"modified":"2018-07-20T09:00:59","modified_gmt":"2018-07-20T12:00:59","slug":"jubilados-la-importancia-de-vacunarse-contra-la-gripe-y-neumonia","status":"publish","type":"post","link":"https:\/\/www.hoymercedes.com.ar\/principal\/2018\/07\/20\/jubilados-la-importancia-de-vacunarse-contra-la-gripe-y-neumonia\/","title":{"rendered":"Jubilados: la importancia de vacunarse contra la gripe y neumon\u00eda"},"content":{"rendered":"<p>D\u00edas atr\u00e1s, desde PAMI Mercedes, a cargo de Nicol\u00e1s Far\u00edas, comenz\u00f3 con un ciclo de encuentros en centros de jubilados de la ciudad en donde el m\u00e9dico Jos\u00e9 \u00abSes\u00f3n\u00bb Comesa\u00f1a visita los lugares y expone la importancia de vacunarse contra la gripe y la neumon\u00eda.\u00a0En la tarde del mi\u00e9ercoles la charla se dio en el Centro de Jubilados RENACER.<\/p>\n<p><img loading=\"lazy\" decoding=\"async\" data-attachment-id=\"78868\" data-permalink=\"https:\/\/www.hoymercedes.com.ar\/principal\/2018\/07\/20\/jubilados-la-importancia-de-vacunarse-contra-la-gripe-y-neumonia\/20-pami-gripe\/#main\" data-orig-file=\"https:\/\/www.hoymercedes.com.ar\/principal\/wp-content\/uploads\/2018\/07\/20-pami-gripe.jpg\" data-orig-size=\"744,437\" data-comments-opened=\"0\" data-image-meta=\"{&quot;aperture&quot;:&quot;0&quot;,&quot;credit&quot;:&quot;&quot;,&quot;camera&quot;:&quot;&quot;,&quot;caption&quot;:&quot;&quot;,&quot;created_timestamp&quot;:&quot;0&quot;,&quot;copyright&quot;:&quot;&quot;,&quot;focal_length&quot;:&quot;0&quot;,&quot;iso&quot;:&quot;0&quot;,&quot;shutter_speed&quot;:&quot;0&quot;,&quot;title&quot;:&quot;&quot;,&quot;orientation&quot;:&quot;0&quot;}\" data-image-title=\"20 pami gripe\" data-image-description=\"\" data-image-caption=\"\" data-large-file=\"https:\/\/www.hoymercedes.com.ar\/principal\/wp-content\/uploads\/2018\/07\/20-pami-gripe.jpg\" class=\"aligncenter size-medium wp-image-78868\" src=\"https:\/\/www.hoymercedes.com.ar\/principal\/wp-content\/uploads\/2018\/07\/20-pami-gripe-630x370.jpg\" alt=\"\" width=\"630\" height=\"370\" srcset=\"https:\/\/www.hoymercedes.com.ar\/principal\/wp-content\/uploads\/2018\/07\/20-pami-gripe-630x370.jpg 630w, https:\/\/www.hoymercedes.com.ar\/principal\/wp-content\/uploads\/2018\/07\/20-pami-gripe-150x88.jpg 150w, https:\/\/www.hoymercedes.com.ar\/principal\/wp-content\/uploads\/2018\/07\/20-pami-gripe.jpg 744w\" sizes=\"auto, (max-width: 630px) 100vw, 630px\" \/><\/p>\n","protected":false},"excerpt":{"rendered":"<p>D\u00edas atr\u00e1s, desde PAMI Mercedes, a cargo de Nicol\u00e1s Far\u00edas, comenz\u00f3 con un ciclo de encuentros en centros de jubilados &#8230; <a title=\"Jubilados: la importancia de vacunarse contra la gripe y neumon\u00eda\" class=\"read-more\" href=\"https:\/\/www.hoymercedes.com.ar\/principal\/2018\/07\/20\/jubilados-la-importancia-de-vacunarse-contra-la-gripe-y-neumonia\/\" aria-label=\"Leer m\u00e1s sobre Jubilados: la importancia de vacunarse contra la gripe y neumon\u00eda\">Leer m\u00e1s<\/a><\/p>\n","protected":false},"author":1,"featured_media":78868,"comment_status":"closed","ping_status":"open","sticky":false,"template":"","format":"standard","meta":{"_monsterinsights_skip_tracking":false,"_monsterinsights_sitenote_active":false,"_monsterinsights_sitenote_note":"","_monsterinsights_sitenote_category":0,"jetpack_post_was_ever_published":false,"_jetpack_newsletter_access":"","_jetpack_dont_email_post_to_subs":false,"_jetpack_newsletter_tier_id":0,"_jetpack_memberships_contains_paywalled_content":false,"_jetpack_memberships_contains_paid_content":false,"footnotes":"","jetpack_publicize_message":"","jetpack_publicize_feature_enabled":true,"jetpack_social_post_already_shared":true,"jetpack_social_options":{"image_generator_settings":{"template":"highway","default_image_id":0,"font":"","enabled":false},"version":2},"_wpas_customize_per_network":false},"categories":[8],"tags":[7944,10,2781,765],"class_list":["post-78867","post","type-post","status-publish","format-standard","has-post-thumbnail","hentry","category-sociedad","tag-jubilados","tag-mercedes","tag-pami","tag-vacunacion","generate-columns","tablet-grid-50","mobile-grid-100","grid-parent","grid-50"],"jetpack_publicize_connections":[],"jetpack_featured_media_url":"https:\/\/www.hoymercedes.com.ar\/principal\/wp-content\/uploads\/2018\/07\/20-pami-gripe.jpg","wps_subtitle":"Organizadas por PAMI","jetpack_sharing_enabled":true,"jetpack-related-posts":[{"id":75263,"url":"https:\/\/www.hoymercedes.com.ar\/principal\/2018\/05\/02\/comenzo-la-vacunacion-antigripal-de-pami-en-farmacias-autorizadas\/","url_meta":{"origin":78867,"position":0},"title":"Comenz\u00f3 la vacunaci\u00f3n antigripal de PAMI en farmacias autorizadas","author":"hoymercedes","date":"2 mayo, 2018","format":false,"excerpt":"La obra social de Jubilados y Pensionados comenz\u00f3 con la distribuci\u00f3n de vacunas antigripales en las farmacias autorizadas para la campa\u00f1a nacional. Diecisiete son las farmacias de Mercedes que est\u00e1n autorizadas a vacunar a los afiliados de PAMI. Esta semana, PAMI comenz\u00f3 a distribuir las vacunas para prevenir el virus\u2026","rel":"","context":"En \u00abSalud\u00bb","block_context":{"text":"Salud","link":"https:\/\/www.hoymercedes.com.ar\/principal\/category\/salud\/"},"img":{"alt_text":"","src":"","width":0,"height":0},"classes":[]},{"id":110803,"url":"https:\/\/www.hoymercedes.com.ar\/principal\/2020\/05\/17\/vacunas-pami-estan-llegando-de-a-poco\/","url_meta":{"origin":78867,"position":1},"title":"Vacunas PAMI: \u00abEst\u00e1n llegando de a poco\u00bb","author":"hoymercedes","date":"17 mayo, 2020","format":false,"excerpt":"El responsable de PAMI Mercedes, Santiago Altube dio cuenta de la llegada de una tercera camada de vacunas para los afiliados de PAMI. En su explicaci\u00f3n, el Jefe de la obra social de jubilados y pensionados dijo que se pidieron las dosis el a\u00f1o pasado para una campa\u00f1a promedio. \"Las\u2026","rel":"","context":"En \u00abSociedad\u00bb","block_context":{"text":"Sociedad","link":"https:\/\/www.hoymercedes.com.ar\/principal\/category\/sociedad\/"},"img":{"alt_text":"","src":"https:\/\/i0.wp.com\/www.hoymercedes.com.ar\/principal\/wp-content\/uploads\/2015\/11\/santiago-altube.jpg?resize=350%2C200&ssl=1","width":350,"height":200,"srcset":"https:\/\/i0.wp.com\/www.hoymercedes.com.ar\/principal\/wp-content\/uploads\/2015\/11\/santiago-altube.jpg?resize=350%2C200&ssl=1 1x, https:\/\/i0.wp.com\/www.hoymercedes.com.ar\/principal\/wp-content\/uploads\/2015\/11\/santiago-altube.jpg?resize=525%2C300&ssl=1 1.5x"},"classes":[]},{"id":114303,"url":"https:\/\/www.hoymercedes.com.ar\/principal\/2020\/07\/29\/ultima-etapa-de-la-vacunacion-contra-la-gripe\/","url_meta":{"origin":78867,"position":2},"title":"\u00daltima etapa de la vacunaci\u00f3n contra la gripe","author":"hoymercedes","date":"29 julio, 2020","format":false,"excerpt":"Desde PAMI Mercedes informaron que el jueves 30 y el viernes 31 de julio llevar\u00e1n adelante la \u00faltima etapa de vacunaci\u00f3n, abierta para afiliados o no de la obra social de jubilados y pensionados de naci\u00f3n. Anunciaron que el jueves 30, desde las 10, estar\u00e1n en la avenida 29, entre\u2026","rel":"","context":"En \u00abSalud\u00bb","block_context":{"text":"Salud","link":"https:\/\/www.hoymercedes.com.ar\/principal\/category\/salud\/"},"img":{"alt_text":"","src":"","width":0,"height":0},"classes":[]},{"id":194726,"url":"https:\/\/www.hoymercedes.com.ar\/principal\/2026\/04\/16\/jubilados-autoconvocados-se-movilizaron-contra-el-ajuste-cruel-en-pami\/","url_meta":{"origin":78867,"position":3},"title":"Jubilados autoconvocados se movilizaron contra el \u00abajuste cruel\u00bb en PAMI","author":"hoymercedes","date":"16 abril, 2026","format":false,"excerpt":"En una jornada marcada por la angustia y el reclamo de derechos b\u00e1sicos, un nutrido grupo de Jubilados y Pensionados Autoconvocados de Mercedes, con el acompa\u00f1amiento de la CGT Regional Mercedes, se manifest\u00f3 este martes, frente a la sede local de PAMI para entregar un petitorio urgente ante lo que\u2026","rel":"","context":"En \u00abSociedad\u00bb","block_context":{"text":"Sociedad","link":"https:\/\/www.hoymercedes.com.ar\/principal\/category\/sociedad\/"},"img":{"alt_text":"Jubilados reclaman en PAMI","src":"https:\/\/i0.wp.com\/www.hoymercedes.com.ar\/principal\/wp-content\/uploads\/2026\/04\/Jubilados-Auto-Convocados-scaled.jpg?resize=350%2C200&ssl=1","width":350,"height":200,"srcset":"https:\/\/i0.wp.com\/www.hoymercedes.com.ar\/principal\/wp-content\/uploads\/2026\/04\/Jubilados-Auto-Convocados-scaled.jpg?resize=350%2C200&ssl=1 1x, https:\/\/i0.wp.com\/www.hoymercedes.com.ar\/principal\/wp-content\/uploads\/2026\/04\/Jubilados-Auto-Convocados-scaled.jpg?resize=525%2C300&ssl=1 1.5x, https:\/\/i0.wp.com\/www.hoymercedes.com.ar\/principal\/wp-content\/uploads\/2026\/04\/Jubilados-Auto-Convocados-scaled.jpg?resize=700%2C400&ssl=1 2x, https:\/\/i0.wp.com\/www.hoymercedes.com.ar\/principal\/wp-content\/uploads\/2026\/04\/Jubilados-Auto-Convocados-scaled.jpg?resize=1050%2C600&ssl=1 3x, https:\/\/i0.wp.com\/www.hoymercedes.com.ar\/principal\/wp-content\/uploads\/2026\/04\/Jubilados-Auto-Convocados-scaled.jpg?resize=1400%2C800&ssl=1 4x"},"classes":[]},{"id":139667,"url":"https:\/\/www.hoymercedes.com.ar\/principal\/2021\/11\/06\/mancini-y-volnovich-encabezaron-un-gran-almuerzo-con-300-jubilados\/","url_meta":{"origin":78867,"position":4},"title":"Mancini y Volnovich encabezaron un gran almuerzo con 300 jubilados","author":"hoymercedes","date":"6 noviembre, 2021","format":false,"excerpt":"Una celebraci\u00f3n con los adultos mayores como protagonistas. El pasado jueves al mediod\u00eda la directora general de PAMI Luana Volnovich encabez\u00f3 junto con Juan Luis Mancini un almuerzo para casi 300 jubilados en el sal\u00f3n \u201cLo de Bolon\u201d, y los adultos mayores lo vivieron como una gran fiesta. Con el\u2026","rel":"","context":"En \u00abRegi\u00f3n\u00bb","block_context":{"text":"Regi\u00f3n","link":"https:\/\/www.hoymercedes.com.ar\/principal\/category\/region\/"},"img":{"alt_text":"","src":"https:\/\/i0.wp.com\/www.hoymercedes.com.ar\/principal\/wp-content\/uploads\/2021\/11\/Mancini-Volnovich.jpeg?resize=350%2C200&ssl=1","width":350,"height":200,"srcset":"https:\/\/i0.wp.com\/www.hoymercedes.com.ar\/principal\/wp-content\/uploads\/2021\/11\/Mancini-Volnovich.jpeg?resize=350%2C200&ssl=1 1x, https:\/\/i0.wp.com\/www.hoymercedes.com.ar\/principal\/wp-content\/uploads\/2021\/11\/Mancini-Volnovich.jpeg?resize=525%2C300&ssl=1 1.5x, https:\/\/i0.wp.com\/www.hoymercedes.com.ar\/principal\/wp-content\/uploads\/2021\/11\/Mancini-Volnovich.jpeg?resize=700%2C400&ssl=1 2x, https:\/\/i0.wp.com\/www.hoymercedes.com.ar\/principal\/wp-content\/uploads\/2021\/11\/Mancini-Volnovich.jpeg?resize=1050%2C600&ssl=1 3x"},"classes":[]},{"id":130232,"url":"https:\/\/www.hoymercedes.com.ar\/principal\/2021\/05\/17\/municipio-y-pami-entregaron-subsidios-a-centros-de-jubilados\/","url_meta":{"origin":78867,"position":5},"title":"Municipio y PAMI entregaron subsidios a Centros de Jubilados","author":"hoymercedes","date":"17 mayo, 2021","format":false,"excerpt":"El intendente Juan Ignacio Ustarroz junto al titular de PAMI Mercedes, Santiago Altube, se acercaron al \u201cCentro de Jubilados, retirados pensionados y tercera edad\u201d de calle 21, 32 y 34, donde dialogaron con los referentes de cada Centro de jubilados, quienes, adem\u00e1s, recibieron subsidios para el mantenimiento y cuidado de\u2026","rel":"","context":"En \u00abMunicipio\u00bb","block_context":{"text":"Municipio","link":"https:\/\/www.hoymercedes.com.ar\/principal\/category\/municipio\/"},"img":{"alt_text":"","src":"https:\/\/i0.wp.com\/www.hoymercedes.com.ar\/principal\/wp-content\/uploads\/2021\/05\/DSC06950.jpg?resize=350%2C200&ssl=1","width":350,"height":200,"srcset":"https:\/\/i0.wp.com\/www.hoymercedes.com.ar\/principal\/wp-content\/uploads\/2021\/05\/DSC06950.jpg?resize=350%2C200&ssl=1 1x, https:\/\/i0.wp.com\/www.hoymercedes.com.ar\/principal\/wp-content\/uploads\/2021\/05\/DSC06950.jpg?resize=525%2C300&ssl=1 1.5x, https:\/\/i0.wp.com\/www.hoymercedes.com.ar\/principal\/wp-content\/uploads\/2021\/05\/DSC06950.jpg?resize=700%2C400&ssl=1 2x"},"classes":[]}],"_links":{"self":[{"href":"https:\/\/www.hoymercedes.com.ar\/principal\/wp-json\/wp\/v2\/posts\/78867","targetHints":{"allow":["GET"]}}],"collection":[{"href":"https:\/\/www.hoymercedes.com.ar\/principal\/wp-json\/wp\/v2\/posts"}],"about":[{"href":"https:\/\/www.hoymercedes.com.ar\/principal\/wp-json\/wp\/v2\/types\/post"}],"author":[{"embeddable":true,"href":"https:\/\/www.hoymercedes.com.ar\/principal\/wp-json\/wp\/v2\/users\/1"}],"replies":[{"embeddable":true,"href":"https:\/\/www.hoymercedes.com.ar\/principal\/wp-json\/wp\/v2\/comments?post=78867"}],"version-history":[{"count":0,"href":"https:\/\/www.hoymercedes.com.ar\/principal\/wp-json\/wp\/v2\/posts\/78867\/revisions"}],"wp:featuredmedia":[{"embeddable":true,"href":"https:\/\/www.hoymercedes.com.ar\/principal\/wp-json\/wp\/v2\/media\/78868"}],"wp:attachment":[{"href":"https:\/\/www.hoymercedes.com.ar\/principal\/wp-json\/wp\/v2\/media?parent=78867"}],"wp:term":[{"taxonomy":"category","embeddable":true,"href":"https:\/\/www.hoymercedes.com.ar\/principal\/wp-json\/wp\/v2\/categories?post=78867"},{"taxonomy":"post_tag","embeddable":true,"href":"https:\/\/www.hoymercedes.com.ar\/principal\/wp-json\/wp\/v2\/tags?post=78867"}],"curies":[{"name":"wp","href":"https:\/\/api.w.org\/{rel}","templated":true}]}}