{"id":78875,"date":"2018-07-20T13:21:43","date_gmt":"2018-07-20T16:21:43","guid":{"rendered":"http:\/\/www.hoymercedes.com.ar\/principal\/?p=78875"},"modified":"2018-07-20T13:21:43","modified_gmt":"2018-07-20T16:21:43","slug":"el-quirofano-movil-de-zoonosis-sigue-recorriendo-los-barrios","status":"publish","type":"post","link":"https:\/\/www.hoymercedes.com.ar\/principal\/2018\/07\/20\/el-quirofano-movil-de-zoonosis-sigue-recorriendo-los-barrios\/","title":{"rendered":"El quir\u00f3fano m\u00f3vil de Zoonosis sigue recorriendo los barrios"},"content":{"rendered":"<p>El \u00e1rea Veterinaria de la Municipalidad de Mercedes sigue cumpliendo con el cronograma de castraci\u00f3n en los distintos sectores del Partido. Esta semana, es el turno del barrio Obrero y el m\u00f3vil sanitario est\u00e1 20 de julio en calle 16 y 103.<\/p>\n<p><img loading=\"lazy\" decoding=\"async\" data-attachment-id=\"78876\" data-permalink=\"https:\/\/www.hoymercedes.com.ar\/principal\/2018\/07\/20\/el-quirofano-movil-de-zoonosis-sigue-recorriendo-los-barrios\/20-quirofanomovil\/#main\" data-orig-file=\"https:\/\/www.hoymercedes.com.ar\/principal\/wp-content\/uploads\/2018\/07\/20-quirofanomovil.jpg\" data-orig-size=\"750,499\" data-comments-opened=\"0\" data-image-meta=\"{&quot;aperture&quot;:&quot;0&quot;,&quot;credit&quot;:&quot;&quot;,&quot;camera&quot;:&quot;&quot;,&quot;caption&quot;:&quot;&quot;,&quot;created_timestamp&quot;:&quot;0&quot;,&quot;copyright&quot;:&quot;&quot;,&quot;focal_length&quot;:&quot;0&quot;,&quot;iso&quot;:&quot;0&quot;,&quot;shutter_speed&quot;:&quot;0&quot;,&quot;title&quot;:&quot;&quot;,&quot;orientation&quot;:&quot;0&quot;}\" data-image-title=\"20 quirofanomovil\" data-image-description=\"\" data-image-caption=\"\" data-large-file=\"https:\/\/www.hoymercedes.com.ar\/principal\/wp-content\/uploads\/2018\/07\/20-quirofanomovil.jpg\" class=\"aligncenter size-medium wp-image-78876\" src=\"https:\/\/www.hoymercedes.com.ar\/principal\/wp-content\/uploads\/2018\/07\/20-quirofanomovil-630x419.jpg\" alt=\"\" width=\"630\" height=\"419\" srcset=\"https:\/\/www.hoymercedes.com.ar\/principal\/wp-content\/uploads\/2018\/07\/20-quirofanomovil-630x419.jpg 630w, https:\/\/www.hoymercedes.com.ar\/principal\/wp-content\/uploads\/2018\/07\/20-quirofanomovil-150x100.jpg 150w, https:\/\/www.hoymercedes.com.ar\/principal\/wp-content\/uploads\/2018\/07\/20-quirofanomovil.jpg 750w\" sizes=\"auto, (max-width: 630px) 100vw, 630px\" \/><\/p>\n<p>\u201cEs una inversi\u00f3n, que a\u00f1o tras a\u00f1o, va creciendo y representa avances concretos de pol\u00edticas que piensan en el bienestar de nuestros vecinos y sus mascotas\u201d enfatiz\u00f3, el primer mandatario, el Dr. Juan Ignacio Ustarroz.<\/p>\n<p>Las castraciones son gratuitas y los vecinos deber\u00e1n llevar a sus perros, perras, gatos y gatas antes de las 8 de la ma\u00f1ana, ya que es por orden de llegada. Los animales deber\u00e1n cumplir 12 horas de ayuno, ir con collar y correa, bozal (en casos que sea necesario), manta y los gatos deber\u00e1n ser transportados en gateras. Las mascotas deben tener 6 meses o m\u00e1s y, en el caso de las hembras, no estar en celo ni pre\u00f1adas.<\/p>\n<p>La municipalidad de Mercedes lleva\u00a0\u00a0cabo pol\u00edticas p\u00fablicas para cuidar a las mascotas, lo cual nos involucra a todos como. Los peque\u00f1os animales se convierten en miembros de nuestras familias por eso la fuerte inversi\u00f3n, que implica casi 8000 castraciones en dos a\u00f1os, es sin duda un beneficio para las familias.<\/p>\n<p>El pr\u00f3ximo jueves 26 y viernes 27 del corriente mes, la jornada de castraci\u00f3n se realizar\u00e1 en el barrio Esperanza, en calle 15 esquina 42, a partir de las 8 de la ma\u00f1ana.<\/p>\n<p>Fuente: Prensa Municipal<\/p>\n","protected":false},"excerpt":{"rendered":"<p>El \u00e1rea Veterinaria de la Municipalidad de Mercedes sigue cumpliendo con el cronograma de castraci\u00f3n en los distintos sectores del &#8230; <a title=\"El quir\u00f3fano m\u00f3vil de Zoonosis sigue recorriendo los barrios\" class=\"read-more\" href=\"https:\/\/www.hoymercedes.com.ar\/principal\/2018\/07\/20\/el-quirofano-movil-de-zoonosis-sigue-recorriendo-los-barrios\/\" aria-label=\"Leer m\u00e1s sobre El quir\u00f3fano m\u00f3vil de Zoonosis sigue recorriendo los barrios\">Leer m\u00e1s<\/a><\/p>\n","protected":false},"author":1,"featured_media":78876,"comment_status":"closed","ping_status":"open","sticky":false,"template":"","format":"standard","meta":{"_monsterinsights_skip_tracking":false,"_monsterinsights_sitenote_active":false,"_monsterinsights_sitenote_note":"","_monsterinsights_sitenote_category":0,"jetpack_post_was_ever_published":false,"_jetpack_newsletter_access":"","_jetpack_dont_email_post_to_subs":false,"_jetpack_newsletter_tier_id":0,"_jetpack_memberships_contains_paywalled_content":false,"_jetpack_memberships_contains_paid_content":false,"footnotes":"","jetpack_publicize_message":"","jetpack_publicize_feature_enabled":true,"jetpack_social_post_already_shared":true,"jetpack_social_options":{"image_generator_settings":{"template":"highway","default_image_id":0,"font":"","enabled":false},"version":2},"_wpas_customize_per_network":false},"categories":[30],"tags":[10,244,134,9865],"class_list":["post-78875","post","type-post","status-publish","format-standard","has-post-thumbnail","hentry","category-municipio","tag-mercedes","tag-municipio-2","tag-salud","tag-veterinaria-municipal","generate-columns","tablet-grid-50","mobile-grid-100","grid-parent","grid-50"],"jetpack_publicize_connections":[],"jetpack_featured_media_url":"https:\/\/www.hoymercedes.com.ar\/principal\/wp-content\/uploads\/2018\/07\/20-quirofanomovil.jpg","wps_subtitle":"Atenci\u00f3n a perros y gatos","jetpack_sharing_enabled":true,"jetpack-related-posts":[{"id":105785,"url":"https:\/\/www.hoymercedes.com.ar\/principal\/2020\/01\/31\/comienzan-las-castraciones-de-mascotas-en-los-barrios\/","url_meta":{"origin":78875,"position":0},"title":"Comienzan las castraciones de mascotas en los barrios","author":"hoymercedes","date":"31 enero, 2020","format":false,"excerpt":"El lunes 3 de febrero comenzar\u00e1 el cronograma de castraciones y vacunaci\u00f3n para perros y gatos en los barrios organizado por el \u00e1rea Veterinaria del Municipio de Mercedes. A lo largo de las semanas del a\u00f1o ir\u00e1n instal\u00e1ndose en plazas o espacios comunitarios con el quir\u00f3fano m\u00f3vil. En febrero, el\u2026","rel":"","context":"En \u00abMunicipio\u00bb","block_context":{"text":"Municipio","link":"https:\/\/www.hoymercedes.com.ar\/principal\/category\/municipio\/"},"img":{"alt_text":"","src":"https:\/\/i0.wp.com\/www.hoymercedes.com.ar\/principal\/wp-content\/uploads\/2020\/01\/31-carro-zoonosis.jpg?resize=350%2C200&ssl=1","width":350,"height":200,"srcset":"https:\/\/i0.wp.com\/www.hoymercedes.com.ar\/principal\/wp-content\/uploads\/2020\/01\/31-carro-zoonosis.jpg?resize=350%2C200&ssl=1 1x, https:\/\/i0.wp.com\/www.hoymercedes.com.ar\/principal\/wp-content\/uploads\/2020\/01\/31-carro-zoonosis.jpg?resize=525%2C300&ssl=1 1.5x, https:\/\/i0.wp.com\/www.hoymercedes.com.ar\/principal\/wp-content\/uploads\/2020\/01\/31-carro-zoonosis.jpg?resize=700%2C400&ssl=1 2x, https:\/\/i0.wp.com\/www.hoymercedes.com.ar\/principal\/wp-content\/uploads\/2020\/01\/31-carro-zoonosis.jpg?resize=1050%2C600&ssl=1 3x"},"classes":[]},{"id":89322,"url":"https:\/\/www.hoymercedes.com.ar\/principal\/2019\/03\/11\/castracion-y-vacunacion-de-mascotas-en-bo-sta-teresita\/","url_meta":{"origin":78875,"position":1},"title":"Castraci\u00f3n y vacunaci\u00f3n de mascotas en Bo. Sta. Teresita","author":"hoymercedes","date":"11 marzo, 2019","format":false,"excerpt":"El \u00e1rea de Veterinaria de la Secretar\u00eda de Salud Municipal contin\u00faa con el cronograma de castraci\u00f3n y vacunaci\u00f3n de perros y gatos. En esta oportunidad, el quir\u00f3fano m\u00f3vil est\u00e1 en el Barrio Santa Teresita, plaza de 105 y 26 bis. Hasta el viernes 15 de marzo, los veterinarios atender\u00e1n las\u2026","rel":"","context":"En \u00abMunicipio\u00bb","block_context":{"text":"Municipio","link":"https:\/\/www.hoymercedes.com.ar\/principal\/category\/municipio\/"},"img":{"alt_text":"","src":"https:\/\/i0.wp.com\/www.hoymercedes.com.ar\/principal\/wp-content\/uploads\/2019\/03\/11-castracion.jpg?resize=350%2C200&ssl=1","width":350,"height":200,"srcset":"https:\/\/i0.wp.com\/www.hoymercedes.com.ar\/principal\/wp-content\/uploads\/2019\/03\/11-castracion.jpg?resize=350%2C200&ssl=1 1x, https:\/\/i0.wp.com\/www.hoymercedes.com.ar\/principal\/wp-content\/uploads\/2019\/03\/11-castracion.jpg?resize=525%2C300&ssl=1 1.5x, https:\/\/i0.wp.com\/www.hoymercedes.com.ar\/principal\/wp-content\/uploads\/2019\/03\/11-castracion.jpg?resize=700%2C400&ssl=1 2x"},"classes":[]},{"id":154757,"url":"https:\/\/www.hoymercedes.com.ar\/principal\/2022\/10\/30\/vacunacion-de-mascotas-en-el-barrio-san-jorge\/","url_meta":{"origin":78875,"position":2},"title":"Vacunaci\u00f3n de mascotas en el Barrio San Jorge","author":"hoymercedes","date":"30 octubre, 2022","format":false,"excerpt":"A trav\u00e9s del \u00e1rea de zoonosis y veterinaria del Municipio de Mercedes informaron que d\u00edas atr\u00e1s se concret\u00f3 un operativo de vacunaci\u00f3n en barrio San Jorge.","rel":"","context":"En \u00abMunicipio\u00bb","block_context":{"text":"Municipio","link":"https:\/\/www.hoymercedes.com.ar\/principal\/category\/municipio\/"},"img":{"alt_text":"","src":"https:\/\/i0.wp.com\/www.hoymercedes.com.ar\/principal\/wp-content\/uploads\/2022\/10\/mascotas-2.jpeg?resize=350%2C200&ssl=1","width":350,"height":200,"srcset":"https:\/\/i0.wp.com\/www.hoymercedes.com.ar\/principal\/wp-content\/uploads\/2022\/10\/mascotas-2.jpeg?resize=350%2C200&ssl=1 1x, https:\/\/i0.wp.com\/www.hoymercedes.com.ar\/principal\/wp-content\/uploads\/2022\/10\/mascotas-2.jpeg?resize=525%2C300&ssl=1 1.5x, https:\/\/i0.wp.com\/www.hoymercedes.com.ar\/principal\/wp-content\/uploads\/2022\/10\/mascotas-2.jpeg?resize=700%2C400&ssl=1 2x"},"classes":[]},{"id":160250,"url":"https:\/\/www.hoymercedes.com.ar\/principal\/2023\/03\/28\/continuan-con-vacunacion-y-castracion-de-mascotas-por-los-barrios\/","url_meta":{"origin":78875,"position":3},"title":"Contin\u00faan con vacunaci\u00f3n y castraci\u00f3n de mascotas por los barrios","author":"hoymercedes","date":"28 marzo, 2023","format":false,"excerpt":"Desde el Municipio de Mercedes informaron que el \u00e1rea de zoonosis y la veterinaria municipal contin\u00faan con el cronograma de vacunaci\u00f3n y castraci\u00f3n por los barrio. Hasta el viernes 31, el consultorio m\u00f3vil se encuentra en el Barrio G\u00fcemes (38 y 45 plaza) y luego se trasladar\u00e1 desde el lunes\u2026","rel":"","context":"En \u00abMunicipio\u00bb","block_context":{"text":"Municipio","link":"https:\/\/www.hoymercedes.com.ar\/principal\/category\/municipio\/"},"img":{"alt_text":"","src":"https:\/\/i0.wp.com\/www.hoymercedes.com.ar\/principal\/wp-content\/uploads\/2023\/03\/Castraccion-Guemes.jpg?resize=350%2C200&ssl=1","width":350,"height":200,"srcset":"https:\/\/i0.wp.com\/www.hoymercedes.com.ar\/principal\/wp-content\/uploads\/2023\/03\/Castraccion-Guemes.jpg?resize=350%2C200&ssl=1 1x, https:\/\/i0.wp.com\/www.hoymercedes.com.ar\/principal\/wp-content\/uploads\/2023\/03\/Castraccion-Guemes.jpg?resize=525%2C300&ssl=1 1.5x, https:\/\/i0.wp.com\/www.hoymercedes.com.ar\/principal\/wp-content\/uploads\/2023\/03\/Castraccion-Guemes.jpg?resize=700%2C400&ssl=1 2x"},"classes":[]},{"id":171731,"url":"https:\/\/www.hoymercedes.com.ar\/principal\/2024\/01\/09\/verano-con-castraciones-y-cuidado-animar-desde-secretaria-de-salud\/","url_meta":{"origin":78875,"position":4},"title":"Verano con castraciones y cuidado animar desde Secretar\u00eda de Salud","author":"hoymercedes","date":"9 enero, 2024","format":false,"excerpt":"Esta pol\u00edtica p\u00fablica implementada por el Municipio de Mercedes y llevada adelante por el \u00e1rea de zoonosis y veterinaria comunal, contin\u00faa con un cronograma completo de vacunaci\u00f3n y castraci\u00f3n por los barrios de la ciudad. La veterinaria Tamara Franceschelli, qui\u00e9n es parte del equipo de zoonosis, se\u00f1al\u00f3 \u201cdurante el mes\u2026","rel":"","context":"En \u00abSociedad\u00bb","block_context":{"text":"Sociedad","link":"https:\/\/www.hoymercedes.com.ar\/principal\/category\/sociedad\/"},"img":{"alt_text":"Castraci\u00f3n animal en Mercedes","src":"https:\/\/i0.wp.com\/www.hoymercedes.com.ar\/principal\/wp-content\/uploads\/2024\/01\/QuirofanoMovil-Mercedes.2.jpg?resize=350%2C200&ssl=1","width":350,"height":200,"srcset":"https:\/\/i0.wp.com\/www.hoymercedes.com.ar\/principal\/wp-content\/uploads\/2024\/01\/QuirofanoMovil-Mercedes.2.jpg?resize=350%2C200&ssl=1 1x, https:\/\/i0.wp.com\/www.hoymercedes.com.ar\/principal\/wp-content\/uploads\/2024\/01\/QuirofanoMovil-Mercedes.2.jpg?resize=525%2C300&ssl=1 1.5x, https:\/\/i0.wp.com\/www.hoymercedes.com.ar\/principal\/wp-content\/uploads\/2024\/01\/QuirofanoMovil-Mercedes.2.jpg?resize=700%2C400&ssl=1 2x, https:\/\/i0.wp.com\/www.hoymercedes.com.ar\/principal\/wp-content\/uploads\/2024\/01\/QuirofanoMovil-Mercedes.2.jpg?resize=1050%2C600&ssl=1 3x"},"classes":[]},{"id":77324,"url":"https:\/\/www.hoymercedes.com.ar\/principal\/2018\/06\/16\/mas-de-2000-mascotas-ya-fueron-atendidas-y-castradas-en-programa-municipal\/","url_meta":{"origin":78875,"position":5},"title":"M\u00e1s de 2000 mascotas ya fueron atendidas y castradas en programa municipal","author":"hoymercedes","date":"16 junio, 2018","format":false,"excerpt":"El Municipio de Mercedes en conjunto con el \u00e1rea Veterinaria del Municipio, llevaron a cabo en el barrio Soldado Balvidares una nueva jornada de castraci\u00f3n y cuidado de mascotas. En lo que va del 2018 \u00a0se han realizado 2.050 castraciones. \u201cEs una inversi\u00f3n, que a\u00f1o tras a\u00f1o, va creciendo y\u2026","rel":"","context":"En \u00abMunicipio\u00bb","block_context":{"text":"Municipio","link":"https:\/\/www.hoymercedes.com.ar\/principal\/category\/municipio\/"},"img":{"alt_text":"","src":"https:\/\/i0.wp.com\/www.hoymercedes.com.ar\/principal\/wp-content\/uploads\/2018\/06\/castracion.jpg?resize=350%2C200&ssl=1","width":350,"height":200,"srcset":"https:\/\/i0.wp.com\/www.hoymercedes.com.ar\/principal\/wp-content\/uploads\/2018\/06\/castracion.jpg?resize=350%2C200&ssl=1 1x, https:\/\/i0.wp.com\/www.hoymercedes.com.ar\/principal\/wp-content\/uploads\/2018\/06\/castracion.jpg?resize=525%2C300&ssl=1 1.5x, https:\/\/i0.wp.com\/www.hoymercedes.com.ar\/principal\/wp-content\/uploads\/2018\/06\/castracion.jpg?resize=700%2C400&ssl=1 2x"},"classes":[]}],"_links":{"self":[{"href":"https:\/\/www.hoymercedes.com.ar\/principal\/wp-json\/wp\/v2\/posts\/78875","targetHints":{"allow":["GET"]}}],"collection":[{"href":"https:\/\/www.hoymercedes.com.ar\/principal\/wp-json\/wp\/v2\/posts"}],"about":[{"href":"https:\/\/www.hoymercedes.com.ar\/principal\/wp-json\/wp\/v2\/types\/post"}],"author":[{"embeddable":true,"href":"https:\/\/www.hoymercedes.com.ar\/principal\/wp-json\/wp\/v2\/users\/1"}],"replies":[{"embeddable":true,"href":"https:\/\/www.hoymercedes.com.ar\/principal\/wp-json\/wp\/v2\/comments?post=78875"}],"version-history":[{"count":0,"href":"https:\/\/www.hoymercedes.com.ar\/principal\/wp-json\/wp\/v2\/posts\/78875\/revisions"}],"wp:featuredmedia":[{"embeddable":true,"href":"https:\/\/www.hoymercedes.com.ar\/principal\/wp-json\/wp\/v2\/media\/78876"}],"wp:attachment":[{"href":"https:\/\/www.hoymercedes.com.ar\/principal\/wp-json\/wp\/v2\/media?parent=78875"}],"wp:term":[{"taxonomy":"category","embeddable":true,"href":"https:\/\/www.hoymercedes.com.ar\/principal\/wp-json\/wp\/v2\/categories?post=78875"},{"taxonomy":"post_tag","embeddable":true,"href":"https:\/\/www.hoymercedes.com.ar\/principal\/wp-json\/wp\/v2\/tags?post=78875"}],"curies":[{"name":"wp","href":"https:\/\/api.w.org\/{rel}","templated":true}]}}