{"id":78878,"date":"2018-07-20T15:00:29","date_gmt":"2018-07-20T18:00:29","guid":{"rendered":"http:\/\/www.hoymercedes.com.ar\/principal\/?p=78878"},"modified":"2018-07-20T13:40:14","modified_gmt":"2018-07-20T16:40:14","slug":"hubo-capacitacion-y-actualizacion-de-sistema-en-el-centro-de-monitoreo","status":"publish","type":"post","link":"https:\/\/www.hoymercedes.com.ar\/principal\/2018\/07\/20\/hubo-capacitacion-y-actualizacion-de-sistema-en-el-centro-de-monitoreo\/","title":{"rendered":"Hubo capacitaci\u00f3n y actualizaci\u00f3n de sistema en el Centro de Monitoreo"},"content":{"rendered":"<p>La Secretar\u00eda de Seguridad a cargo de la Dra. Josefina Kelly contin\u00faa realizando tareas en pos de la prevenci\u00f3n y el cuidado de los vecinos. Esta semana se colocaron m\u00e1s c\u00e1maras a la vez que se avanz\u00f3 con un nuevo curso de capacitaci\u00f3n a los trabajadores del \u00e1rea y puntualmente del Centro de Monitoreo, espacio que con una inversi\u00f3n de $4.500.000 ha sido de gran utilidad en m\u00faltiples casos judiciales y siniestros viales.<\/p>\n<p><img loading=\"lazy\" decoding=\"async\" data-attachment-id=\"78879\" data-permalink=\"https:\/\/www.hoymercedes.com.ar\/principal\/2018\/07\/20\/hubo-capacitacion-y-actualizacion-de-sistema-en-el-centro-de-monitoreo\/20-monitoreo-2\/#main\" data-orig-file=\"https:\/\/www.hoymercedes.com.ar\/principal\/wp-content\/uploads\/2018\/07\/20-monitoreo-2.jpg\" data-orig-size=\"750,500\" data-comments-opened=\"0\" data-image-meta=\"{&quot;aperture&quot;:&quot;0&quot;,&quot;credit&quot;:&quot;SEBASTIANAMBROSSIO&quot;,&quot;camera&quot;:&quot;&quot;,&quot;caption&quot;:&quot;&quot;,&quot;created_timestamp&quot;:&quot;0&quot;,&quot;copyright&quot;:&quot;SebastianAmbrossio&quot;,&quot;focal_length&quot;:&quot;0&quot;,&quot;iso&quot;:&quot;0&quot;,&quot;shutter_speed&quot;:&quot;0&quot;,&quot;title&quot;:&quot;&quot;,&quot;orientation&quot;:&quot;0&quot;}\" data-image-title=\"20 monitoreo-2\" data-image-description=\"\" data-image-caption=\"\" data-large-file=\"https:\/\/www.hoymercedes.com.ar\/principal\/wp-content\/uploads\/2018\/07\/20-monitoreo-2.jpg\" class=\"aligncenter size-medium wp-image-78879\" src=\"https:\/\/www.hoymercedes.com.ar\/principal\/wp-content\/uploads\/2018\/07\/20-monitoreo-2-630x420.jpg\" alt=\"\" width=\"630\" height=\"420\" srcset=\"https:\/\/www.hoymercedes.com.ar\/principal\/wp-content\/uploads\/2018\/07\/20-monitoreo-2-630x420.jpg 630w, https:\/\/www.hoymercedes.com.ar\/principal\/wp-content\/uploads\/2018\/07\/20-monitoreo-2-150x100.jpg 150w, https:\/\/www.hoymercedes.com.ar\/principal\/wp-content\/uploads\/2018\/07\/20-monitoreo-2.jpg 750w\" sizes=\"auto, (max-width: 630px) 100vw, 630px\" \/><\/p>\n<p>La Secretaria de Seguridad, Josefina Kelly, cont\u00f3 ante los medios que \u201cdesde la secretaria de seguridad del municipio de Mercedes seguimos profundizando en la formaci\u00f3n continua del personal que opera todos los equipos de seguridad\u201d\u00a0puntualizando que \u201ceste lunes fue el d\u00eda para el centro de seguridad integral donde se dio una formaci\u00f3n intensiva en las nuevas funcionalidades de la aplicaci\u00f3n Bot\u00f3n de P\u00e1nico para tel\u00e9fonos celulares que viene utiliz\u00e1ndose en todo el municipio desde 2017 con alto nivel de eficacia\u201d.<\/p>\n<p>Vale recordar que la aplicaci\u00f3n fue lanzada en el marco integral de un plan de seguridad, que fue el primero presentado por una ciudad al Ministerio de Seguridad de la Provincia all\u00e1 por 2016, permitiendo sumar 16 motos, 14 patrulleros, dos p\u00f3rticos de acceso, tres postas m\u00f3viles, el centro de c\u00e1maras mencionados, GPS y c\u00e1maras en patrulleros, el bot\u00f3n anti p\u00e1nico, los foros vecinales de seguridad y m\u00e1s de 12 millones de pesos en sostenimiento de la Polic\u00eda en nuestra ciudad, record\u00f3 Kelly, entre otros datos que son parte de la cotidiana realidad del \u00e1rea que conduce y es una de las que m\u00e1s ha crecido e nivel local.<\/p>\n<p>En este caso Walter Cipolla, de \u201cHearth\u201d, empresa dedicada a la innovaci\u00f3n tecnol\u00f3gica, quien aprovech\u00f3 su red social para expresar dar \u201cgracias a Josefina Kelly y Esteban Rossi\u201d, quienes act\u00faan en el \u00e1rea y por supuesto a la Municipalidad.<\/p>\n<p>Se trat\u00f3, adem\u00e1s, una nueva y exitosa actualizaci\u00f3n de la Aplicaci\u00f3n Bot\u00f3n Anti P\u00e1nico, como as\u00ed tambi\u00e9n el sistema de gesti\u00f3n que posee y que est\u00e1 vinculado al Centro de Protecci\u00f3n Integral Municipal.<br \/>\nFuenten: Prensa Municipal<\/p>\n","protected":false},"excerpt":{"rendered":"<p>La Secretar\u00eda de Seguridad a cargo de la Dra. Josefina Kelly contin\u00faa realizando tareas en pos de la prevenci\u00f3n y &#8230; <a title=\"Hubo capacitaci\u00f3n y actualizaci\u00f3n de sistema en el Centro de Monitoreo\" class=\"read-more\" href=\"https:\/\/www.hoymercedes.com.ar\/principal\/2018\/07\/20\/hubo-capacitacion-y-actualizacion-de-sistema-en-el-centro-de-monitoreo\/\" aria-label=\"Leer m\u00e1s sobre Hubo capacitaci\u00f3n y actualizaci\u00f3n de sistema en el Centro de Monitoreo\">Leer m\u00e1s<\/a><\/p>\n","protected":false},"author":1,"featured_media":78879,"comment_status":"closed","ping_status":"open","sticky":false,"template":"","format":"standard","meta":{"_monsterinsights_skip_tracking":false,"_monsterinsights_sitenote_active":false,"_monsterinsights_sitenote_note":"","_monsterinsights_sitenote_category":0,"jetpack_post_was_ever_published":false,"_jetpack_newsletter_access":"","_jetpack_dont_email_post_to_subs":false,"_jetpack_newsletter_tier_id":0,"_jetpack_memberships_contains_paywalled_content":false,"_jetpack_memberships_contains_paid_content":false,"footnotes":"","jetpack_publicize_message":"","jetpack_publicize_feature_enabled":true,"jetpack_social_post_already_shared":true,"jetpack_social_options":{"image_generator_settings":{"template":"highway","default_image_id":0,"font":"","enabled":false},"version":2},"_wpas_customize_per_network":false},"categories":[30],"tags":[11000,10,244,802],"class_list":["post-78878","post","type-post","status-publish","format-standard","has-post-thumbnail","hentry","category-municipio","tag-centro-de-monitoreo","tag-mercedes","tag-municipio-2","tag-seguridad","generate-columns","tablet-grid-50","mobile-grid-100","grid-parent","grid-50"],"jetpack_publicize_connections":[],"jetpack_featured_media_url":"https:\/\/www.hoymercedes.com.ar\/principal\/wp-content\/uploads\/2018\/07\/20-monitoreo-2.jpg","wps_subtitle":"Prevenci\u00f3n en seguridad","jetpack_sharing_enabled":true,"_links":{"self":[{"href":"https:\/\/www.hoymercedes.com.ar\/principal\/wp-json\/wp\/v2\/posts\/78878","targetHints":{"allow":["GET"]}}],"collection":[{"href":"https:\/\/www.hoymercedes.com.ar\/principal\/wp-json\/wp\/v2\/posts"}],"about":[{"href":"https:\/\/www.hoymercedes.com.ar\/principal\/wp-json\/wp\/v2\/types\/post"}],"author":[{"embeddable":true,"href":"https:\/\/www.hoymercedes.com.ar\/principal\/wp-json\/wp\/v2\/users\/1"}],"replies":[{"embeddable":true,"href":"https:\/\/www.hoymercedes.com.ar\/principal\/wp-json\/wp\/v2\/comments?post=78878"}],"version-history":[{"count":0,"href":"https:\/\/www.hoymercedes.com.ar\/principal\/wp-json\/wp\/v2\/posts\/78878\/revisions"}],"wp:featuredmedia":[{"embeddable":true,"href":"https:\/\/www.hoymercedes.com.ar\/principal\/wp-json\/wp\/v2\/media\/78879"}],"wp:attachment":[{"href":"https:\/\/www.hoymercedes.com.ar\/principal\/wp-json\/wp\/v2\/media?parent=78878"}],"wp:term":[{"taxonomy":"category","embeddable":true,"href":"https:\/\/www.hoymercedes.com.ar\/principal\/wp-json\/wp\/v2\/categories?post=78878"},{"taxonomy":"post_tag","embeddable":true,"href":"https:\/\/www.hoymercedes.com.ar\/principal\/wp-json\/wp\/v2\/tags?post=78878"}],"curies":[{"name":"wp","href":"https:\/\/api.w.org\/{rel}","templated":true}]}}