{"id":78891,"date":"2018-07-20T21:00:45","date_gmt":"2018-07-21T00:00:45","guid":{"rendered":"http:\/\/www.hoymercedes.com.ar\/principal\/?p=78891"},"modified":"2018-07-20T19:58:31","modified_gmt":"2018-07-20T22:58:31","slug":"ustarroz-presento-el-programa-de-vivienda-mi-casa-para-trabajadores-municipales","status":"publish","type":"post","link":"https:\/\/www.hoymercedes.com.ar\/principal\/2018\/07\/20\/ustarroz-presento-el-programa-de-vivienda-mi-casa-para-trabajadores-municipales\/","title":{"rendered":"Ustarroz present\u00f3 el programa de vivienda \u00abMi Casa\u00bb para trabajadores municipales"},"content":{"rendered":"<figure id=\"attachment_78892\" aria-describedby=\"caption-attachment-78892\" style=\"width: 620px\" class=\"wp-caption aligncenter\"><img loading=\"lazy\" decoding=\"async\" data-attachment-id=\"78892\" data-permalink=\"https:\/\/www.hoymercedes.com.ar\/principal\/2018\/07\/20\/ustarroz-presento-el-programa-de-vivienda-mi-casa-para-trabajadores-municipales\/micasa-1\/#main\" data-orig-file=\"https:\/\/www.hoymercedes.com.ar\/principal\/wp-content\/uploads\/2018\/07\/MIcasa-1.jpg\" data-orig-size=\"730,487\" data-comments-opened=\"0\" data-image-meta=\"{&quot;aperture&quot;:&quot;0&quot;,&quot;credit&quot;:&quot;&quot;,&quot;camera&quot;:&quot;&quot;,&quot;caption&quot;:&quot;&quot;,&quot;created_timestamp&quot;:&quot;0&quot;,&quot;copyright&quot;:&quot;&quot;,&quot;focal_length&quot;:&quot;0&quot;,&quot;iso&quot;:&quot;0&quot;,&quot;shutter_speed&quot;:&quot;0&quot;,&quot;title&quot;:&quot;&quot;,&quot;orientation&quot;:&quot;0&quot;}\" data-image-title=\"MIcasa-1\" data-image-description=\"\" data-image-caption=\"&lt;p&gt;Presentaci\u00f3n Programa Mi Casa&lt;\/p&gt;\n\" data-large-file=\"https:\/\/www.hoymercedes.com.ar\/principal\/wp-content\/uploads\/2018\/07\/MIcasa-1.jpg\" class=\"size-medium wp-image-78892\" src=\"https:\/\/www.hoymercedes.com.ar\/principal\/wp-content\/uploads\/2018\/07\/MIcasa-1-630x420.jpg\" alt=\"\" width=\"630\" height=\"420\" srcset=\"https:\/\/www.hoymercedes.com.ar\/principal\/wp-content\/uploads\/2018\/07\/MIcasa-1-630x420.jpg 630w, https:\/\/www.hoymercedes.com.ar\/principal\/wp-content\/uploads\/2018\/07\/MIcasa-1-150x100.jpg 150w, https:\/\/www.hoymercedes.com.ar\/principal\/wp-content\/uploads\/2018\/07\/MIcasa-1.jpg 730w\" sizes=\"auto, (max-width: 630px) 100vw, 630px\" \/><figcaption id=\"caption-attachment-78892\" class=\"wp-caption-text\">Presentaci\u00f3n Programa Mi Casa<\/figcaption><\/figure>\n<p><strong>\u00a0<\/strong><\/p>\n<p>La Municipalidad de Mercedes, a trav\u00e9s de la Secretar\u00eda de Desarrollo Social, present\u00f3 el proyecto habitacional \u201cMi Casa\u201d. Este programa consta de obras de refacci\u00f3n y construcci\u00f3n de vivienda familiar. En esta primera etapa, se convocar\u00e1 a los trabajadores municipales -que posean terreno- y tiene como objetivo la construcci\u00f3n de 10 viviendas. \u201cLa verdad que tenemos una gran alegr\u00eda inmensa, este programa Municipal de vivienda lo hacemos con fondos propios, de los mercedinos para los mercedinos\u201d.<\/p>\n<p>Una vez que se tenga a todos los inscriptos, se efectuar\u00e1 una evaluaci\u00f3n socioecon\u00f3mica y posteriormente se formalizar\u00e1 a los ganadores trav\u00e9s de un sorteo. El programa incluir\u00e1 los materiales de construcci\u00f3n, instalaci\u00f3n el\u00e9ctrica, agua y gas.<\/p>\n<p>La actividad se llev\u00f3 a cabo en el \u00e1mbito de la Secretar\u00eda de Desarrollo Social, con la participaci\u00f3n de la Lic. Jorgelina Silva, Secretaria de Desarrollo Social Municipal, Nicol\u00e1s Zeballos, director territorial, las arquitectas Marina Amarillo y Andrea Delvento y el secretario de Hacienda, Diego Men\u00e9ndez y las representantes de los trabajadores, Florencia Balzategui y Liliana Gutierrez.<\/p>\n<p>El mi\u00e9rcoles se present\u00f3 la ordenanza, la cual se trabajar\u00e1 en el Honorable Concejo Deliberante. Primeramente, deber\u00e1 ser aprobado, para luego s\u00ed comenzar con la futura inscripci\u00f3n. Adelantaron que la misma ser\u00e1 v\u00eda web, aunque, de todas formas, desde el \u00e1rea comunicaron que brindaran ayuda a quienes no tengan o no manejen esta herramienta.<\/p>\n<figure id=\"attachment_78893\" aria-describedby=\"caption-attachment-78893\" style=\"width: 620px\" class=\"wp-caption aligncenter\"><img loading=\"lazy\" decoding=\"async\" data-attachment-id=\"78893\" data-permalink=\"https:\/\/www.hoymercedes.com.ar\/principal\/2018\/07\/20\/ustarroz-presento-el-programa-de-vivienda-mi-casa-para-trabajadores-municipales\/micasa\/#main\" data-orig-file=\"https:\/\/www.hoymercedes.com.ar\/principal\/wp-content\/uploads\/2018\/07\/micasa.jpeg\" data-orig-size=\"730,516\" data-comments-opened=\"0\" data-image-meta=\"{&quot;aperture&quot;:&quot;0&quot;,&quot;credit&quot;:&quot;&quot;,&quot;camera&quot;:&quot;&quot;,&quot;caption&quot;:&quot;&quot;,&quot;created_timestamp&quot;:&quot;0&quot;,&quot;copyright&quot;:&quot;&quot;,&quot;focal_length&quot;:&quot;0&quot;,&quot;iso&quot;:&quot;0&quot;,&quot;shutter_speed&quot;:&quot;0&quot;,&quot;title&quot;:&quot;&quot;,&quot;orientation&quot;:&quot;0&quot;}\" data-image-title=\"micasa\" data-image-description=\"\" data-image-caption=\"&lt;p&gt;Afiche de promoci\u00f3n&lt;\/p&gt;\n\" data-large-file=\"https:\/\/www.hoymercedes.com.ar\/principal\/wp-content\/uploads\/2018\/07\/micasa.jpeg\" class=\"size-medium wp-image-78893\" src=\"https:\/\/www.hoymercedes.com.ar\/principal\/wp-content\/uploads\/2018\/07\/micasa-630x445.jpeg\" alt=\"\" width=\"630\" height=\"445\" srcset=\"https:\/\/www.hoymercedes.com.ar\/principal\/wp-content\/uploads\/2018\/07\/micasa-630x445.jpeg 630w, https:\/\/www.hoymercedes.com.ar\/principal\/wp-content\/uploads\/2018\/07\/micasa-150x106.jpeg 150w, https:\/\/www.hoymercedes.com.ar\/principal\/wp-content\/uploads\/2018\/07\/micasa.jpeg 730w\" sizes=\"auto, (max-width: 630px) 100vw, 630px\" \/><figcaption id=\"caption-attachment-78893\" class=\"wp-caption-text\">Afiche de promoci\u00f3n<\/figcaption><\/figure>\n<p><strong>POL\u00cdTICA HABITACIONAL <\/strong><\/p>\n<p>Durante la conferencia, el primer mandatario agradeci\u00f3 la presencia de todos los sindicatos \u201cporque ellos como representantes de los trabajadores saben lo importante que es para el trabajador tener una vivienda propia\u201d. Al mismo tiempo puso en valor a los trabajadores municipales \u201ctenemos much\u00edsimos trabajadores que cuando tienen las herramientas realizan un trabajo destacable\u201d.<\/p>\n<p>Por otro lado, el jefe comunal, explic\u00f3 \u201ccuando impulsamos desde el Estado una pol\u00edtica habitacional hacemos circular la rueda de la econom\u00eda local, ponemos en funcionamiento la industria de la construcci\u00f3n que genera empleo, venta de materiales, que es lo que necesita nuestro pa\u00eds, m\u00e1s trabajo, comercio y producci\u00f3n interna\u201d.<\/p>\n<p><strong>SUE\u00d1O DE LA CASA PROPIA<\/strong><\/p>\n<p>Conjuntamente, el Dr. Ustarroz destac\u00f3 las condiciones de este programa habitacional como as\u00ed tambi\u00e9n la transparencia del mismo que se realizar\u00e1 por sorteo \u201cme animo a decir que las condiciones de pago -con una tasa del 2 por ciento- es de las mejores que hay en el pa\u00eds\u201d.<\/p>\n<p>\u201cDesde el punto de vista econ\u00f3mico, nosotros tenemos una mirada generosa que apunta y apuesta a las personas y no a los mercados financieros ni a la deuda. Tratamos de generar las condiciones necesarias para que la gente pueda tener y acceder a su sue\u00f1o, la casa propia\u201d.<\/p>\n<p>Al mismo tiempo, el jefe comunal agradeci\u00f3 a los ediles de nuestra ciudad \u201clos concejales de las diferentes fuerzas han expresado su benepl\u00e1cito -miraran y trabajaran la ordenanza como corresponde- pero tambi\u00e9n destacaron de forma positiva esta iniciativa\u201d.<\/p>\n<p><strong>EXTENSIVO <\/strong><\/p>\n<p>Al ser consultado, el intendente Ustarroz, contest\u00f3 \u201cestimamos que para fin de a\u00f1o lanzaremos una segunda etapa de este programa para los trabajadores que no tienen terreno, y luego extenderlos a todos los mercedinos\u201d.<\/p>\n<p>\u201cEn esta primera etapa nos aseguramos la cobrabilidad de los pagos porque somos el agente de retenci\u00f3n, tenemos garantido el pago, por ese motivo comenzamos con los trabajadores Municipales. Lo cual nos permitir\u00e1 poder refinanciar y ampliar el espectro de beneficiarios\u201d.<\/p>\n<p><strong>POL\u00cdTICA P\u00daBLICA <\/strong><\/p>\n<p>Nicol\u00e1s Zeballos, director territorial, expres\u00f3 \u201cestamos muy contentos de poder presentar un programa de vivienda que surge de la necesidad de muchos vecinos de poder tener una casa\u201d y a\u00f1adi\u00f3 \u201cmuchos nos plantearon, a partir de esta falta de hogar, de pagar una cuota para poder llevar a cabo una vivienda\u201d.<\/p>\n<p>\u201cDe esta manera, la arquitecta Marina amarrillo, present\u00f3 un proyecto de un modelo de vivienda, el cual lo fuimos trabajando, para poder llegar a lo que es hoy en d\u00eda, el programa \u201cMi casa\u201d.<\/p>\n<p>\u201cQuiero agradecer al Intendente Ustarroz, por habernos tenido en cuenta como equipo para poder llevar adelante esta pol\u00edtica p\u00fablica, que realmente creemos es transformadora y sumamente necesaria\u201d y \u201cagradecer a los sindicatos que tambi\u00e9n impulsaron este pedido, y a los cuales estamos agradecidos por la paciencia que nos han tenido\u201d sostuvo, Nicol\u00e1s Zeballos.<\/p>\n<p><strong>FONDOS PROPIOS<\/strong><\/p>\n<p>La arquitecta Marina amarrillo, dio especificaciones \u201cse plantea una vivienda de 46 metros, que cuenta con estar-comedor, cocina integrada, ba\u00f1o y un dormitorio, con vistas a posibles ampliaciones, completando una superficie final de 87 metros\u201d.<\/p>\n<p>Adem\u00e1s, la arquitecta, detall\u00f3 \u201cUna vez que est\u00e9n los sorteados, se har\u00e1 una evaluaci\u00f3n de las caracter\u00edsticas del terreno, si se puede edificar y cumple con la ordenanza vigente\u201d y agreg\u00f3 \u201cla entrega de materiales se har\u00e1 por etapas y se acompa\u00f1ar\u00e1 a los beneficiarios en la parte t\u00e9cnica\u201d.<\/p>\n<p>\u201cTambi\u00e9n la idea es que exista un trabajo mancomunado entre los sorteados y entre todos se ayuden y colaboren\u201d sostuvo Marina Amarrillo.<\/p>\n<p>Por su parte, el Secretario de Hacienda, Dr. Diego Men\u00e9ndez, expres\u00f3 \u201cesta acci\u00f3n se llevar\u00e1 a cabo con fondos propios, la suma en materiales -por beneficiario- ser\u00e1 de 267 mil pesos, la tasa ser\u00e1 muy baja 2 por ciento. Los primeros 6 meses -lo que llevar\u00e1 la construcci\u00f3n- ser\u00e1 de gracia y luego se comenzar\u00e1 a cobrar el pr\u00e9stamo. La idea es que ese fondo se retroalimente para que m\u00e1s adelante podamos seguir dando m\u00e1s pr\u00e9stamos\u201d.<\/p>\n<p>&nbsp;<\/p>\n<p>Info: Desarrollo Social<\/p>\n","protected":false},"excerpt":{"rendered":"<p>\u00a0 La Municipalidad de Mercedes, a trav\u00e9s de la Secretar\u00eda de Desarrollo Social, present\u00f3 el proyecto habitacional \u201cMi Casa\u201d. Este &#8230; <a title=\"Ustarroz present\u00f3 el programa de vivienda \u00abMi Casa\u00bb para trabajadores municipales\" class=\"read-more\" href=\"https:\/\/www.hoymercedes.com.ar\/principal\/2018\/07\/20\/ustarroz-presento-el-programa-de-vivienda-mi-casa-para-trabajadores-municipales\/\" aria-label=\"Leer m\u00e1s sobre Ustarroz present\u00f3 el programa de vivienda \u00abMi Casa\u00bb para trabajadores municipales\">Leer m\u00e1s<\/a><\/p>\n","protected":false},"author":1,"featured_media":78892,"comment_status":"closed","ping_status":"open","sticky":false,"template":"","format":"standard","meta":{"_monsterinsights_skip_tracking":false,"_monsterinsights_sitenote_active":false,"_monsterinsights_sitenote_note":"","_monsterinsights_sitenote_category":0,"jetpack_post_was_ever_published":false,"_jetpack_newsletter_access":"","_jetpack_dont_email_post_to_subs":false,"_jetpack_newsletter_tier_id":0,"_jetpack_memberships_contains_paywalled_content":false,"_jetpack_memberships_contains_paid_content":false,"footnotes":"","jetpack_publicize_message":"","jetpack_publicize_feature_enabled":true,"jetpack_social_post_already_shared":true,"jetpack_social_options":{"image_generator_settings":{"template":"highway","default_image_id":0,"font":"","enabled":false},"version":2},"_wpas_customize_per_network":false},"categories":[30],"tags":[13492,424],"class_list":["post-78891","post","type-post","status-publish","format-standard","has-post-thumbnail","hentry","category-municipio","tag-programa-mi-casa","tag-ustarroz","generate-columns","tablet-grid-50","mobile-grid-100","grid-parent","grid-50"],"jetpack_publicize_connections":[],"jetpack_featured_media_url":"https:\/\/www.hoymercedes.com.ar\/principal\/wp-content\/uploads\/2018\/07\/MIcasa-1.jpg","wps_subtitle":"Beneficio social ","jetpack_sharing_enabled":true,"jetpack-related-posts":[{"id":80772,"url":"https:\/\/www.hoymercedes.com.ar\/principal\/2018\/09\/07\/inscriben-a-trabajadores-municipales-para-el-programa-mi-casa\/","url_meta":{"origin":78891,"position":0},"title":"Inscriben a trabajadores municipales para el programa \u00abMi Casa\u00bb","author":"hoymercedes","date":"7 septiembre, 2018","format":false,"excerpt":"A trav\u00e9s de una conferencia de prensa, el Intendente Municipal Juan Ignacio Ustarroz y el equipo de Desarrollo Social que integran el programa de vivienda \"Mi Casa\" anunciaron el inicio de inscripci\u00f3n para los trabajadores municipales que quieran ser beneficiarios del programa de vivienda \"Mi Casa\", plan de pr\u00e9stamos para\u2026","rel":"","context":"En \u00abMunicipio\u00bb","block_context":{"text":"Municipio","link":"https:\/\/www.hoymercedes.com.ar\/principal\/category\/municipio\/"},"img":{"alt_text":"","src":"https:\/\/i0.wp.com\/www.hoymercedes.com.ar\/principal\/wp-content\/uploads\/2018\/09\/07-muni-mi-casa.jpg?resize=350%2C200&ssl=1","width":350,"height":200,"srcset":"https:\/\/i0.wp.com\/www.hoymercedes.com.ar\/principal\/wp-content\/uploads\/2018\/09\/07-muni-mi-casa.jpg?resize=350%2C200&ssl=1 1x, https:\/\/i0.wp.com\/www.hoymercedes.com.ar\/principal\/wp-content\/uploads\/2018\/09\/07-muni-mi-casa.jpg?resize=525%2C300&ssl=1 1.5x, https:\/\/i0.wp.com\/www.hoymercedes.com.ar\/principal\/wp-content\/uploads\/2018\/09\/07-muni-mi-casa.jpg?resize=700%2C400&ssl=1 2x"},"classes":[]},{"id":138004,"url":"https:\/\/www.hoymercedes.com.ar\/principal\/2021\/09\/28\/entregan-lotes-de-mi-terreno-planes-procrear-y-planos-de-vivienda-bonaerense\/","url_meta":{"origin":78891,"position":1},"title":"Entregan lotes de Mi Terreno, planes ProCreAr y planos de Vivienda Bonaerense","author":"hoymercedes","date":"28 septiembre, 2021","format":false,"excerpt":"El intendente Ustarroz encabez\u00f3 la entrega de lotes de familias beneficiadas a trav\u00e9s del programa \u201cMI Terreno\u201d. Adem\u00e1s, desde Vivienda, planos para casas desde el plan \u201cVivienda bonaerense \u201cSolidaridad 2\u201d, otros nueve cr\u00e9ditos del programa nacional Procrear y \u201cCasa Propia\u201d.\u00a0 \"Algunos de estos programas fueron gestionados con el Estado Nacional\u2026","rel":"","context":"En \u00abMunicipio\u00bb","block_context":{"text":"Municipio","link":"https:\/\/www.hoymercedes.com.ar\/principal\/category\/municipio\/"},"img":{"alt_text":"","src":"https:\/\/i0.wp.com\/www.hoymercedes.com.ar\/principal\/wp-content\/uploads\/2021\/09\/DSC02913.jpg?resize=350%2C200&ssl=1","width":350,"height":200,"srcset":"https:\/\/i0.wp.com\/www.hoymercedes.com.ar\/principal\/wp-content\/uploads\/2021\/09\/DSC02913.jpg?resize=350%2C200&ssl=1 1x, https:\/\/i0.wp.com\/www.hoymercedes.com.ar\/principal\/wp-content\/uploads\/2021\/09\/DSC02913.jpg?resize=525%2C300&ssl=1 1.5x, https:\/\/i0.wp.com\/www.hoymercedes.com.ar\/principal\/wp-content\/uploads\/2021\/09\/DSC02913.jpg?resize=700%2C400&ssl=1 2x"},"classes":[]},{"id":153423,"url":"https:\/\/www.hoymercedes.com.ar\/principal\/2022\/09\/26\/ustarroz-encabezo-entrega-de-lotes-del-programa-mi-terreno\/","url_meta":{"origin":78891,"position":2},"title":"Ustarroz encabez\u00f3 entrega de lotes del programa \u201cMi Terreno\u201d","author":"hoymercedes","date":"26 septiembre, 2022","format":false,"excerpt":"Ustarroz encabez\u00f3 entrega de lotes del programa \u201cMi Terreno\u201d","rel":"","context":"En \u00abMunicipio\u00bb","block_context":{"text":"Municipio","link":"https:\/\/www.hoymercedes.com.ar\/principal\/category\/municipio\/"},"img":{"alt_text":"","src":"https:\/\/i0.wp.com\/www.hoymercedes.com.ar\/principal\/wp-content\/uploads\/2022\/09\/Mi-terreno-Mercedes-2.jpg?resize=350%2C200&ssl=1","width":350,"height":200,"srcset":"https:\/\/i0.wp.com\/www.hoymercedes.com.ar\/principal\/wp-content\/uploads\/2022\/09\/Mi-terreno-Mercedes-2.jpg?resize=350%2C200&ssl=1 1x, https:\/\/i0.wp.com\/www.hoymercedes.com.ar\/principal\/wp-content\/uploads\/2022\/09\/Mi-terreno-Mercedes-2.jpg?resize=525%2C300&ssl=1 1.5x, https:\/\/i0.wp.com\/www.hoymercedes.com.ar\/principal\/wp-content\/uploads\/2022\/09\/Mi-terreno-Mercedes-2.jpg?resize=700%2C400&ssl=1 2x"},"classes":[]},{"id":85724,"url":"https:\/\/www.hoymercedes.com.ar\/principal\/2018\/12\/18\/ustarroz-anuncio-27-casas-para-los-beneficiarios-de-mi-terreno\/","url_meta":{"origin":78891,"position":3},"title":"Ustarroz anunci\u00f3 27 casas para los beneficiarios de Mi terreno","author":"hoymercedes","date":"18 diciembre, 2018","format":false,"excerpt":"Intendente Ustarroz y Arquitecta Amarillo El intendente Juan Ignacio Ustarroz anunci\u00f3 el lanzamiento del programa \u201cMi Terreno\u201d que no s\u00f3lo le dar\u00e1 la oportunidad de construir una casa a vecinos de la ciudad, sino que adem\u00e1s,le brindar\u00e1 el terreno. Esta nueva iniciativa tiene caracter\u00edsticas similares al exitoso programa ejecutado por\u2026","rel":"","context":"En \u00abMunicipio\u00bb","block_context":{"text":"Municipio","link":"https:\/\/www.hoymercedes.com.ar\/principal\/category\/municipio\/"},"img":{"alt_text":"","src":"https:\/\/i0.wp.com\/www.hoymercedes.com.ar\/principal\/wp-content\/uploads\/2018\/12\/Ustarroz-Amarillo.jpg?resize=350%2C200&ssl=1","width":350,"height":200,"srcset":"https:\/\/i0.wp.com\/www.hoymercedes.com.ar\/principal\/wp-content\/uploads\/2018\/12\/Ustarroz-Amarillo.jpg?resize=350%2C200&ssl=1 1x, https:\/\/i0.wp.com\/www.hoymercedes.com.ar\/principal\/wp-content\/uploads\/2018\/12\/Ustarroz-Amarillo.jpg?resize=525%2C300&ssl=1 1.5x, https:\/\/i0.wp.com\/www.hoymercedes.com.ar\/principal\/wp-content\/uploads\/2018\/12\/Ustarroz-Amarillo.jpg?resize=700%2C400&ssl=1 2x"},"classes":[]},{"id":97004,"url":"https:\/\/www.hoymercedes.com.ar\/principal\/2019\/07\/23\/anuncian-ampliacion-del-programa-mi-casa\/","url_meta":{"origin":78891,"position":4},"title":"Anuncian ampliaci\u00f3n del programa Mi Casa","author":"hoymercedes","date":"23 julio, 2019","format":false,"excerpt":"El intendente Juan Ignacio Ustarroz comunic\u00f3 que se ampliar\u00e1 el programa \u201cMi Casa\u201d para todos los vecinos que est\u00e9n registrados en sus trabajos. Adem\u00e1s lanz\u00f3 el programa \u201cMi Casa Refacci\u00f3n\u201d que consiste en otorgar cr\u00e9ditos para materiales con el fin de arreglar viviendas ya construidas. \u201cA fines del a\u00f1o 2018\u2026","rel":"","context":"En \u00abMunicipio\u00bb","block_context":{"text":"Municipio","link":"https:\/\/www.hoymercedes.com.ar\/principal\/category\/municipio\/"},"img":{"alt_text":"","src":"https:\/\/i0.wp.com\/www.hoymercedes.com.ar\/principal\/wp-content\/uploads\/2019\/07\/23-mi-casa-refaccion1.jpg?resize=350%2C200&ssl=1","width":350,"height":200,"srcset":"https:\/\/i0.wp.com\/www.hoymercedes.com.ar\/principal\/wp-content\/uploads\/2019\/07\/23-mi-casa-refaccion1.jpg?resize=350%2C200&ssl=1 1x, https:\/\/i0.wp.com\/www.hoymercedes.com.ar\/principal\/wp-content\/uploads\/2019\/07\/23-mi-casa-refaccion1.jpg?resize=525%2C300&ssl=1 1.5x, https:\/\/i0.wp.com\/www.hoymercedes.com.ar\/principal\/wp-content\/uploads\/2019\/07\/23-mi-casa-refaccion1.jpg?resize=700%2C400&ssl=1 2x"},"classes":[]},{"id":82095,"url":"https:\/\/www.hoymercedes.com.ar\/principal\/2018\/10\/06\/realizaron-el-sorteo-para-la-construccion-de-diez-viviendas-inscriptos-en-mi-casa\/","url_meta":{"origin":78891,"position":5},"title":"Realizaron el sorteo para la construcci\u00f3n de diez viviendas inscriptos en \u00abMi Casa\u00bb","author":"hoymercedes","date":"6 octubre, 2018","format":false,"excerpt":"El programa de vivienda \u201cMi Casa\u201d para trabajadores municipales sorte\u00f3 en la ma\u00f1ana del viernes a los primeros diez beneficiados. Con el programa, los municipales que quedaron en el sorteo tendr\u00e1n los materiales para construir una casa de 40m2 en el terreno propios. Promovido por la Secretaria de Desarrollo Social,\u2026","rel":"","context":"En \u00abMunicipio\u00bb","block_context":{"text":"Municipio","link":"https:\/\/www.hoymercedes.com.ar\/principal\/category\/municipio\/"},"img":{"alt_text":"","src":"https:\/\/i0.wp.com\/www.hoymercedes.com.ar\/principal\/wp-content\/uploads\/2018\/10\/06-micasa-2.jpg?resize=350%2C200&ssl=1","width":350,"height":200,"srcset":"https:\/\/i0.wp.com\/www.hoymercedes.com.ar\/principal\/wp-content\/uploads\/2018\/10\/06-micasa-2.jpg?resize=350%2C200&ssl=1 1x, https:\/\/i0.wp.com\/www.hoymercedes.com.ar\/principal\/wp-content\/uploads\/2018\/10\/06-micasa-2.jpg?resize=525%2C300&ssl=1 1.5x, https:\/\/i0.wp.com\/www.hoymercedes.com.ar\/principal\/wp-content\/uploads\/2018\/10\/06-micasa-2.jpg?resize=700%2C400&ssl=1 2x"},"classes":[]}],"_links":{"self":[{"href":"https:\/\/www.hoymercedes.com.ar\/principal\/wp-json\/wp\/v2\/posts\/78891","targetHints":{"allow":["GET"]}}],"collection":[{"href":"https:\/\/www.hoymercedes.com.ar\/principal\/wp-json\/wp\/v2\/posts"}],"about":[{"href":"https:\/\/www.hoymercedes.com.ar\/principal\/wp-json\/wp\/v2\/types\/post"}],"author":[{"embeddable":true,"href":"https:\/\/www.hoymercedes.com.ar\/principal\/wp-json\/wp\/v2\/users\/1"}],"replies":[{"embeddable":true,"href":"https:\/\/www.hoymercedes.com.ar\/principal\/wp-json\/wp\/v2\/comments?post=78891"}],"version-history":[{"count":0,"href":"https:\/\/www.hoymercedes.com.ar\/principal\/wp-json\/wp\/v2\/posts\/78891\/revisions"}],"wp:featuredmedia":[{"embeddable":true,"href":"https:\/\/www.hoymercedes.com.ar\/principal\/wp-json\/wp\/v2\/media\/78892"}],"wp:attachment":[{"href":"https:\/\/www.hoymercedes.com.ar\/principal\/wp-json\/wp\/v2\/media?parent=78891"}],"wp:term":[{"taxonomy":"category","embeddable":true,"href":"https:\/\/www.hoymercedes.com.ar\/principal\/wp-json\/wp\/v2\/categories?post=78891"},{"taxonomy":"post_tag","embeddable":true,"href":"https:\/\/www.hoymercedes.com.ar\/principal\/wp-json\/wp\/v2\/tags?post=78891"}],"curies":[{"name":"wp","href":"https:\/\/api.w.org\/{rel}","templated":true}]}}