{"id":78916,"date":"2018-07-22T16:36:51","date_gmt":"2018-07-22T19:36:51","guid":{"rendered":"http:\/\/www.hoymercedes.com.ar\/principal\/?p=78916"},"modified":"2018-07-22T15:17:53","modified_gmt":"2018-07-22T18:17:53","slug":"hubo-plenario-reclamando-justicia-para-sofia-santillan","status":"publish","type":"post","link":"https:\/\/www.hoymercedes.com.ar\/principal\/2018\/07\/22\/hubo-plenario-reclamando-justicia-para-sofia-santillan\/","title":{"rendered":"Hubo plenario reclamando Justicia para Sof\u00eda Santill\u00e1n"},"content":{"rendered":"<p>El \u00faltimo s\u00e1bado se llev\u00f3 adelante un plenario bajo la consigna \u201cJusticia por Sof\u00eda Santill\u00e1n\u201d organizado la agrupaci\u00f3n LGTBI 1969, el Plenario de Trabajadoras de Mercedes, el Plenario de Trabajadoras de Azul , el Partido Obrero de Mercedes y la Uni\u00f3n de Juventudes por el Socialismo de Azul.<\/p>\n<p><img loading=\"lazy\" decoding=\"async\" data-attachment-id=\"78917\" data-permalink=\"https:\/\/www.hoymercedes.com.ar\/principal\/2018\/07\/22\/hubo-plenario-reclamando-justicia-para-sofia-santillan\/22-plenario-ltbg\/#main\" data-orig-file=\"https:\/\/www.hoymercedes.com.ar\/principal\/wp-content\/uploads\/2018\/07\/22-plenario-ltbg.jpg\" data-orig-size=\"750,500\" data-comments-opened=\"0\" data-image-meta=\"{&quot;aperture&quot;:&quot;0&quot;,&quot;credit&quot;:&quot;&quot;,&quot;camera&quot;:&quot;&quot;,&quot;caption&quot;:&quot;&quot;,&quot;created_timestamp&quot;:&quot;0&quot;,&quot;copyright&quot;:&quot;&quot;,&quot;focal_length&quot;:&quot;0&quot;,&quot;iso&quot;:&quot;0&quot;,&quot;shutter_speed&quot;:&quot;0&quot;,&quot;title&quot;:&quot;&quot;,&quot;orientation&quot;:&quot;0&quot;}\" data-image-title=\"22 plenario ltbg\" data-image-description=\"\" data-image-caption=\"\" data-large-file=\"https:\/\/www.hoymercedes.com.ar\/principal\/wp-content\/uploads\/2018\/07\/22-plenario-ltbg.jpg\" class=\"aligncenter size-medium wp-image-78917\" src=\"https:\/\/www.hoymercedes.com.ar\/principal\/wp-content\/uploads\/2018\/07\/22-plenario-ltbg-630x420.jpg\" alt=\"\" width=\"630\" height=\"420\" srcset=\"https:\/\/www.hoymercedes.com.ar\/principal\/wp-content\/uploads\/2018\/07\/22-plenario-ltbg-630x420.jpg 630w, https:\/\/www.hoymercedes.com.ar\/principal\/wp-content\/uploads\/2018\/07\/22-plenario-ltbg-150x100.jpg 150w, https:\/\/www.hoymercedes.com.ar\/principal\/wp-content\/uploads\/2018\/07\/22-plenario-ltbg.jpg 750w\" sizes=\"auto, (max-width: 630px) 100vw, 630px\" \/><\/p>\n<p>\u201cHa\u00a0 pasado m\u00e1s de un a\u00f1o y medio del asesinato de Sof\u00eda Santill\u00e1n. Su muerte, se inscribe en los casos de transfemicidios y travesticidios\u00a0 que recorren a diario los noticieros en todo el pa\u00eds. Y que suman dos por semana desde el inicio de 2018\u201d expresaron desde la organizaci\u00f3n y dieron inicio a una campa\u00f1a para exigir el esclarecimiento del asesinato de Sof\u00eda Santill\u00e1n.<\/p>\n<p>Su madre, tambi\u00e9n presente en el encuentro, se\u00f1al\u00f3 la inmovilidad de la causa luego de un a\u00f1o y el abandono por parte de las estructuras gubernamentales que se acercaron en la primera etapa de la causa.<\/p>\n<p>Asimismo, en el encuentro acordaron exigir la implementaci\u00f3n del cupo laboral en Mercedes, el pedido de ordenanza fue presentado por la LGBTI y Partido Obrero en enero de 2017. Un pedido similar hay en el \u00e1mbito nacional y provincial. \u201cLa iniciativa de implementar el cupo laboral en Mercedes es una forma de revertir las condiciones de marginalidad y discriminaci\u00f3n que sufre la comunidad trans y una herramienta concreta que garantiza el derecho al trabajo genuino en iguales condiciones para las personas trans y travetis\u201d. Agregan.<\/p>\n<p>\u201cSof\u00eda Santill\u00e1n, ejerc\u00eda la prostituci\u00f3n como la opci\u00f3n a la cual fue arrojada, en condiciones completamente precarias y bajo el amedrentamiento de las fuerzas represivas del estado (polic\u00eda, gendarmer\u00eda etc.). Su asesinato desnud\u00f3 las relaciones de presi\u00f3n, amenazas y coimas que las fuerzas represivas ejerc\u00edan sobre ella y sus compa\u00f1eras. Desde el minuto uno de saberse su asesinato sus compa\u00f1eras y las organizaciones de lucha denunciamos zonas liberadas que actuaban como \u2018medios\u2019 para que la explotaci\u00f3n \u00a0sexual de las chicas se produjera \u2018libremente\u2019\u00a0 y as\u00ed, asegurar el ingreso de las cuotas que reciben las estructuras de \u2018seguridad\u2019. Esto llev\u00f3 a levantar la consigna que reivindicamos y seguimos planteando: el Estado es responsable\u201d, agregan.<\/p>\n<p>La campa\u00f1a que exigir\u00e1 justicia para Sof\u00eda se iniciar\u00e1 con una agenda de actividades el d\u00eda 28 de julio con un \u201cmesazo simult\u00e1neo\u201d \u00a0en Olavarr\u00eda, Azul y Mercedes. \u00a0La actividad permitir\u00e1 nacionalizar los casos de transfemicidios y\/o travesticidios \u00a0m\u00e1s resonantes de cada lugar.<\/p>\n<p><img loading=\"lazy\" decoding=\"async\" data-attachment-id=\"78918\" data-permalink=\"https:\/\/www.hoymercedes.com.ar\/principal\/2018\/07\/22\/hubo-plenario-reclamando-justicia-para-sofia-santillan\/22-plenario-ltbg1\/#main\" data-orig-file=\"https:\/\/www.hoymercedes.com.ar\/principal\/wp-content\/uploads\/2018\/07\/22-plenario-ltbg1.jpg\" data-orig-size=\"499,750\" data-comments-opened=\"0\" data-image-meta=\"{&quot;aperture&quot;:&quot;0&quot;,&quot;credit&quot;:&quot;&quot;,&quot;camera&quot;:&quot;&quot;,&quot;caption&quot;:&quot;&quot;,&quot;created_timestamp&quot;:&quot;0&quot;,&quot;copyright&quot;:&quot;&quot;,&quot;focal_length&quot;:&quot;0&quot;,&quot;iso&quot;:&quot;0&quot;,&quot;shutter_speed&quot;:&quot;0&quot;,&quot;title&quot;:&quot;&quot;,&quot;orientation&quot;:&quot;0&quot;}\" data-image-title=\"22 plenario ltbg1\" data-image-description=\"\" data-image-caption=\"\" data-large-file=\"https:\/\/www.hoymercedes.com.ar\/principal\/wp-content\/uploads\/2018\/07\/22-plenario-ltbg1.jpg\" class=\"aligncenter size-medium wp-image-78918\" src=\"https:\/\/www.hoymercedes.com.ar\/principal\/wp-content\/uploads\/2018\/07\/22-plenario-ltbg1-413x620.jpg\" alt=\"\" width=\"413\" height=\"620\" srcset=\"https:\/\/www.hoymercedes.com.ar\/principal\/wp-content\/uploads\/2018\/07\/22-plenario-ltbg1-413x620.jpg 413w, https:\/\/www.hoymercedes.com.ar\/principal\/wp-content\/uploads\/2018\/07\/22-plenario-ltbg1-100x150.jpg 100w, https:\/\/www.hoymercedes.com.ar\/principal\/wp-content\/uploads\/2018\/07\/22-plenario-ltbg1.jpg 499w\" sizes=\"auto, (max-width: 413px) 100vw, 413px\" \/><\/p>\n","protected":false},"excerpt":{"rendered":"<p>El \u00faltimo s\u00e1bado se llev\u00f3 adelante un plenario bajo la consigna \u201cJusticia por Sof\u00eda Santill\u00e1n\u201d organizado la agrupaci\u00f3n LGTBI 1969, &#8230; <a title=\"Hubo plenario reclamando Justicia para Sof\u00eda Santill\u00e1n\" class=\"read-more\" href=\"https:\/\/www.hoymercedes.com.ar\/principal\/2018\/07\/22\/hubo-plenario-reclamando-justicia-para-sofia-santillan\/\" aria-label=\"Leer m\u00e1s sobre Hubo plenario reclamando Justicia para Sof\u00eda Santill\u00e1n\">Leer m\u00e1s<\/a><\/p>\n","protected":false},"author":1,"featured_media":78917,"comment_status":"closed","ping_status":"open","sticky":false,"template":"","format":"standard","meta":{"_monsterinsights_skip_tracking":false,"_monsterinsights_sitenote_active":false,"_monsterinsights_sitenote_note":"","_monsterinsights_sitenote_category":0,"jetpack_post_was_ever_published":false,"_jetpack_newsletter_access":"","_jetpack_dont_email_post_to_subs":false,"_jetpack_newsletter_tier_id":0,"_jetpack_memberships_contains_paywalled_content":false,"_jetpack_memberships_contains_paid_content":false,"footnotes":"","jetpack_publicize_message":"","jetpack_publicize_feature_enabled":true,"jetpack_social_post_already_shared":true,"jetpack_social_options":{"image_generator_settings":{"template":"highway","default_image_id":0,"font":"","enabled":false},"version":2},"_wpas_customize_per_network":false},"categories":[5],"tags":[4647,1045,5319,10377,13494,13495],"class_list":["post-78916","post","type-post","status-publish","format-standard","has-post-thumbnail","hentry","category-politica","tag-asesinato","tag-partido-obrero","tag-politica-2","tag-sofia-santillan","tag-transfemicidios","tag-travesticidios","generate-columns","tablet-grid-50","mobile-grid-100","grid-parent","grid-50"],"jetpack_publicize_connections":[],"jetpack_featured_media_url":"https:\/\/www.hoymercedes.com.ar\/principal\/wp-content\/uploads\/2018\/07\/22-plenario-ltbg.jpg","wps_subtitle":"El s\u00e1bado pasado en ATE","jetpack_sharing_enabled":true,"jetpack-related-posts":[{"id":85957,"url":"https:\/\/www.hoymercedes.com.ar\/principal\/2018\/12\/25\/a-dos-anos-del-asesinato-de-sofia-santillan\/","url_meta":{"origin":78916,"position":0},"title":"A dos a\u00f1os del asesinato de Sof\u00eda Santill\u00e1n","author":"hoymercedes","date":"25 diciembre, 2018","format":false,"excerpt":"por Agrupaci\u00f3n LGBTI1969 PartidoObrero - Se ha cumplido un nuevo aniversario del asesinato de Sof\u00eda Santill\u00e1n.\u00a0Su muerte, se inscribe en los casos de transfemicidios y travesticidios \u00a0que recorren a diario los noticieros en todo el pa\u00eds. Y que suman dos por semana desde el inicio de 2018. \u00a0Lo largo de\u2026","rel":"","context":"En \u00abPol\u00edtica\u00bb","block_context":{"text":"Pol\u00edtica","link":"https:\/\/www.hoymercedes.com.ar\/principal\/category\/politica\/"},"img":{"alt_text":"","src":"https:\/\/i0.wp.com\/www.hoymercedes.com.ar\/principal\/wp-content\/uploads\/2018\/12\/25-sofia-santillan.jpg?resize=350%2C200&ssl=1","width":350,"height":200,"srcset":"https:\/\/i0.wp.com\/www.hoymercedes.com.ar\/principal\/wp-content\/uploads\/2018\/12\/25-sofia-santillan.jpg?resize=350%2C200&ssl=1 1x, https:\/\/i0.wp.com\/www.hoymercedes.com.ar\/principal\/wp-content\/uploads\/2018\/12\/25-sofia-santillan.jpg?resize=525%2C300&ssl=1 1.5x, https:\/\/i0.wp.com\/www.hoymercedes.com.ar\/principal\/wp-content\/uploads\/2018\/12\/25-sofia-santillan.jpg?resize=700%2C400&ssl=1 2x"},"classes":[]},{"id":59264,"url":"https:\/\/www.hoymercedes.com.ar\/principal\/2017\/01\/28\/mercedinos-presentes-en-la-marcha-por-sofia-en-azul\/","url_meta":{"origin":78916,"position":1},"title":"Mercedinos presentes en la marcha por Sofia en Azul","author":"hoymercedes","date":"28 enero, 2017","format":false,"excerpt":"El pasado jueves 26 en la localidad de Azul\u00a0se realiz\u00f3 la primera marcha exigiendo justicia por Sof\u00eda Santill\u00e1n. Oriunda de aquella localidad bonaerense, Sof\u00eda apareci\u00f3 muerta en Mercedes en los terrenos ferroviarios el \u00faltimo lunes del mes de diciembre \u00faltimo. La movilizaci\u00f3n, convocada por la Asamblea de Mujeres en Lucha\u2026","rel":"","context":"En \u00abPolicial\u00bb","block_context":{"text":"Policial","link":"https:\/\/www.hoymercedes.com.ar\/principal\/category\/policial\/"},"img":{"alt_text":"","src":"https:\/\/i0.wp.com\/www.hoymercedes.com.ar\/principal\/wp-content\/uploads\/2017\/01\/28-moviliz-sofia-santillan.jpg?resize=350%2C200&ssl=1","width":350,"height":200,"srcset":"https:\/\/i0.wp.com\/www.hoymercedes.com.ar\/principal\/wp-content\/uploads\/2017\/01\/28-moviliz-sofia-santillan.jpg?resize=350%2C200&ssl=1 1x, https:\/\/i0.wp.com\/www.hoymercedes.com.ar\/principal\/wp-content\/uploads\/2017\/01\/28-moviliz-sofia-santillan.jpg?resize=525%2C300&ssl=1 1.5x"},"classes":[]},{"id":78973,"url":"https:\/\/www.hoymercedes.com.ar\/principal\/2018\/07\/24\/queremos-justicia-para-sofia-y-cupo-laboral-trans-para-todas\/","url_meta":{"origin":78916,"position":2},"title":"\u201cQueremos Justicia para Sof\u00eda y cupo laboral trans para todas\u00bb","author":"hoymercedes","date":"24 julio, 2018","format":false,"excerpt":"A trav\u00e9s de una comunicaci\u00f3n enviada a los medios de comunicaci\u00f3n de la ciudad, Partido Obrero Mercedes, el Plenario de Trabajadoras, y la Agrupaci\u00f3n LGBTI 1969 responde a la informaci\u00f3n brindada por el gobierno municipal sobre \u201ctrabajos en t\u00e9rminos de g\u00e9nero y diversidad sexual\u201d donde se convoca a la comunidad\u2026","rel":"","context":"En \u00abPol\u00edtica\u00bb","block_context":{"text":"Pol\u00edtica","link":"https:\/\/www.hoymercedes.com.ar\/principal\/category\/politica\/"},"img":{"alt_text":"","src":"https:\/\/i0.wp.com\/www.hoymercedes.com.ar\/principal\/wp-content\/uploads\/2018\/07\/22-plenario-ltbg1.jpg?resize=350%2C200&ssl=1","width":350,"height":200},"classes":[]},{"id":59468,"url":"https:\/\/www.hoymercedes.com.ar\/principal\/2017\/02\/02\/marcharon-pidiendo-justicia-por-sofia-santillan\/","url_meta":{"origin":78916,"position":3},"title":"Marcharon pidiendo Justicia por Sof\u00eda Santill\u00e1n","author":"hoymercedes","date":"2 febrero, 2017","format":false,"excerpt":"En la ma\u00f1ana de este jueves se llev\u00f3 a cabo una movilizaci\u00f3n pidiendo justicia por Sof\u00eda Santill\u00e1n, la joven trans asesinada en los predios del ferrocarril Sarmiento y cuyos restos fueron encontrados el 26 de diciembre en avanzado estado de descomposici\u00f3n. Como estaba previsto, tras la convocatoria efectuada el pasado\u2026","rel":"","context":"En \u00abPolicial\u00bb","block_context":{"text":"Policial","link":"https:\/\/www.hoymercedes.com.ar\/principal\/category\/policial\/"},"img":{"alt_text":"","src":"https:\/\/i0.wp.com\/www.hoymercedes.com.ar\/principal\/wp-content\/uploads\/2017\/02\/sofiamarcha-4.jpg?resize=350%2C200&ssl=1","width":350,"height":200,"srcset":"https:\/\/i0.wp.com\/www.hoymercedes.com.ar\/principal\/wp-content\/uploads\/2017\/02\/sofiamarcha-4.jpg?resize=350%2C200&ssl=1 1x, https:\/\/i0.wp.com\/www.hoymercedes.com.ar\/principal\/wp-content\/uploads\/2017\/02\/sofiamarcha-4.jpg?resize=525%2C300&ssl=1 1.5x"},"classes":[]},{"id":58596,"url":"https:\/\/www.hoymercedes.com.ar\/principal\/2016\/12\/30\/pidieron-justicia-por-sofia-santillan\/","url_meta":{"origin":78916,"position":4},"title":"Pidieron justicia por Sof\u00eda Santill\u00e1n","author":"hoymercedes","date":"30 diciembre, 2016","format":false,"excerpt":"Un grupo de vecinos se reuni\u00f3 en la Plaza San Mart\u00edn para pedir el esclarecimiento del asesinato de Sof\u00eda Santill\u00e1n, aparecida muerta el lunes pasado en los terrenos ferroviarios. Tambi\u00e9n expresaron la preocupaci\u00f3n generalizada por los asesinatos de los \u00faltimos d\u00edas. (VER FOTOS) En las \u00faltimas horas de la tarde\u2026","rel":"","context":"En \u00abSociedad\u00bb","block_context":{"text":"Sociedad","link":"https:\/\/www.hoymercedes.com.ar\/principal\/category\/sociedad\/"},"img":{"alt_text":"","src":"https:\/\/i0.wp.com\/www.hoymercedes.com.ar\/principal\/wp-content\/uploads\/2016\/12\/30-justicia-sofia-10-copia.jpg?resize=350%2C200&ssl=1","width":350,"height":200,"srcset":"https:\/\/i0.wp.com\/www.hoymercedes.com.ar\/principal\/wp-content\/uploads\/2016\/12\/30-justicia-sofia-10-copia.jpg?resize=350%2C200&ssl=1 1x, https:\/\/i0.wp.com\/www.hoymercedes.com.ar\/principal\/wp-content\/uploads\/2016\/12\/30-justicia-sofia-10-copia.jpg?resize=525%2C300&ssl=1 1.5x"},"classes":[]},{"id":120936,"url":"https:\/\/www.hoymercedes.com.ar\/principal\/2020\/11\/27\/el-municipio-de-mercedes-aprovecha-el-cupo-laboral-travesti-trans-para-limpiar-su-imagen\/","url_meta":{"origin":78916,"position":5},"title":"El Municipio de Mercedes aprovecha el cupo laboral travesti-trans para limpiar su imagen","author":"hoymercedes","date":"27 noviembre, 2020","format":false,"excerpt":"Por Mar\u00eda Maldonado* - El\u00a0d\u00eda\u00a0jueves se\u00a0aprob\u00f3\u00a0en el concejo deliberante de Mercedes la ordenanza para la implementaci\u00f3n del cupo laboral travesti-trans. Esta conquista es fruto de la lucha que venimos\u00a0dando desde el 2017, cuando se present\u00f3 por primera vez el proyecto elaborado por el Partido obrero y la UJS y a\u2026","rel":"","context":"En \u00abOpini\u00f3n\u00bb","block_context":{"text":"Opini\u00f3n","link":"https:\/\/www.hoymercedes.com.ar\/principal\/category\/opinion\/"},"img":{"alt_text":"","src":"https:\/\/i0.wp.com\/www.hoymercedes.com.ar\/principal\/wp-content\/uploads\/2015\/04\/mariamaldonado-partidoobrero.jpg?resize=350%2C200&ssl=1","width":350,"height":200,"srcset":"https:\/\/i0.wp.com\/www.hoymercedes.com.ar\/principal\/wp-content\/uploads\/2015\/04\/mariamaldonado-partidoobrero.jpg?resize=350%2C200&ssl=1 1x, https:\/\/i0.wp.com\/www.hoymercedes.com.ar\/principal\/wp-content\/uploads\/2015\/04\/mariamaldonado-partidoobrero.jpg?resize=525%2C300&ssl=1 1.5x"},"classes":[]}],"_links":{"self":[{"href":"https:\/\/www.hoymercedes.com.ar\/principal\/wp-json\/wp\/v2\/posts\/78916","targetHints":{"allow":["GET"]}}],"collection":[{"href":"https:\/\/www.hoymercedes.com.ar\/principal\/wp-json\/wp\/v2\/posts"}],"about":[{"href":"https:\/\/www.hoymercedes.com.ar\/principal\/wp-json\/wp\/v2\/types\/post"}],"author":[{"embeddable":true,"href":"https:\/\/www.hoymercedes.com.ar\/principal\/wp-json\/wp\/v2\/users\/1"}],"replies":[{"embeddable":true,"href":"https:\/\/www.hoymercedes.com.ar\/principal\/wp-json\/wp\/v2\/comments?post=78916"}],"version-history":[{"count":0,"href":"https:\/\/www.hoymercedes.com.ar\/principal\/wp-json\/wp\/v2\/posts\/78916\/revisions"}],"wp:featuredmedia":[{"embeddable":true,"href":"https:\/\/www.hoymercedes.com.ar\/principal\/wp-json\/wp\/v2\/media\/78917"}],"wp:attachment":[{"href":"https:\/\/www.hoymercedes.com.ar\/principal\/wp-json\/wp\/v2\/media?parent=78916"}],"wp:term":[{"taxonomy":"category","embeddable":true,"href":"https:\/\/www.hoymercedes.com.ar\/principal\/wp-json\/wp\/v2\/categories?post=78916"},{"taxonomy":"post_tag","embeddable":true,"href":"https:\/\/www.hoymercedes.com.ar\/principal\/wp-json\/wp\/v2\/tags?post=78916"}],"curies":[{"name":"wp","href":"https:\/\/api.w.org\/{rel}","templated":true}]}}