{"id":78922,"date":"2018-07-22T20:16:24","date_gmt":"2018-07-22T23:16:24","guid":{"rendered":"http:\/\/www.hoymercedes.com.ar\/principal\/?p=78922"},"modified":"2018-07-22T19:18:57","modified_gmt":"2018-07-22T22:18:57","slug":"vacaciones-para-los-chicos-con-gran-asistencia-sorteo-y-mucho-entretenimiento","status":"publish","type":"post","link":"https:\/\/www.hoymercedes.com.ar\/principal\/2018\/07\/22\/vacaciones-para-los-chicos-con-gran-asistencia-sorteo-y-mucho-entretenimiento\/","title":{"rendered":"Vacaciones para los chicos con gran asistencia, sorteo y mucho entretenimiento"},"content":{"rendered":"<p><img loading=\"lazy\" decoding=\"async\" data-attachment-id=\"78923\" data-permalink=\"https:\/\/www.hoymercedes.com.ar\/principal\/2018\/07\/22\/vacaciones-para-los-chicos-con-gran-asistencia-sorteo-y-mucho-entretenimiento\/vacaciones-de-inviernodomigo-vacaciones-2\/#main\" data-orig-file=\"https:\/\/www.hoymercedes.com.ar\/principal\/wp-content\/uploads\/2018\/07\/vacaciones.de_.inviernoDomigo-vacaciones-2.jpg\" data-orig-size=\"730,486\" data-comments-opened=\"0\" data-image-meta=\"{&quot;aperture&quot;:&quot;0&quot;,&quot;credit&quot;:&quot;&quot;,&quot;camera&quot;:&quot;&quot;,&quot;caption&quot;:&quot;&quot;,&quot;created_timestamp&quot;:&quot;0&quot;,&quot;copyright&quot;:&quot;&quot;,&quot;focal_length&quot;:&quot;0&quot;,&quot;iso&quot;:&quot;0&quot;,&quot;shutter_speed&quot;:&quot;0&quot;,&quot;title&quot;:&quot;&quot;,&quot;orientation&quot;:&quot;0&quot;}\" data-image-title=\"vacaciones.de.inviernoDomigo-vacaciones-2\" data-image-description=\"\" data-image-caption=\"\" data-large-file=\"https:\/\/www.hoymercedes.com.ar\/principal\/wp-content\/uploads\/2018\/07\/vacaciones.de_.inviernoDomigo-vacaciones-2.jpg\" class=\"aligncenter size-medium wp-image-78923\" src=\"https:\/\/www.hoymercedes.com.ar\/principal\/wp-content\/uploads\/2018\/07\/vacaciones.de_.inviernoDomigo-vacaciones-2-630x419.jpg\" alt=\"\" width=\"630\" height=\"419\" srcset=\"https:\/\/www.hoymercedes.com.ar\/principal\/wp-content\/uploads\/2018\/07\/vacaciones.de_.inviernoDomigo-vacaciones-2-630x419.jpg 630w, https:\/\/www.hoymercedes.com.ar\/principal\/wp-content\/uploads\/2018\/07\/vacaciones.de_.inviernoDomigo-vacaciones-2-150x100.jpg 150w, https:\/\/www.hoymercedes.com.ar\/principal\/wp-content\/uploads\/2018\/07\/vacaciones.de_.inviernoDomigo-vacaciones-2.jpg 730w\" sizes=\"auto, (max-width: 630px) 100vw, 630px\" \/><\/p>\n<p><strong>\u00a0<\/strong><\/p>\n<p>La primera semana de vacaciones se vivi\u00f3 con m\u00e1s de 3000 ni\u00f1os disfrutando los distintos atractivos programados por la Direcci\u00f3n de Cultura. Ustarroz destac\u00f3 que \u201cfueron encuentros familiares, lo cual nos alegra much\u00edsimo\u201d partiendo de \u201cideas creativas, como la kermesse o la excavaci\u00f3n de peque\u00f1os antrop\u00f3logos\u201d. Hubo cine, funciones de teatro a sala llena, deportes, dinos en el Miguez, talleres en el MAMM, payasos y en esta segunda semana que se inicia, en La Trocha, se montar\u00e1 la kermesse y la carpa de circo \u201cMigra\u201d. Se sorte\u00f3, adem\u00e1s, la primera bicicleta siendo Maitena Barbieri la peque\u00f1a beneficiada.<\/p>\n<p>\u201cEl mal tiempo de algunas jornadas no opac\u00f3 esta fiesta\u201d, cont\u00f3 Lucia Capaccio y sostuvo que \u201clas salas del teatro y los museos siempre contaron con un gran marco de p\u00fablico, al igual que las presentaciones teatrales en los barrios o en Unzu\u00e9\u201d y coment\u00f3 que \u201cestas actividades, m\u00e1s los ticket entregados para los sorteos nos permiten tener una referencia de la asistencia, que ha sido realmente mucha\u201d, afirm\u00f3 la Directora de Cultura.<\/p>\n<p><img loading=\"lazy\" decoding=\"async\" data-attachment-id=\"78924\" data-permalink=\"https:\/\/www.hoymercedes.com.ar\/principal\/2018\/07\/22\/vacaciones-para-los-chicos-con-gran-asistencia-sorteo-y-mucho-entretenimiento\/vacaciones-de-inviernodomigo-vacaciones-3\/#main\" data-orig-file=\"https:\/\/www.hoymercedes.com.ar\/principal\/wp-content\/uploads\/2018\/07\/vacaciones.de_.inviernoDomigo-vacaciones-3.jpg\" data-orig-size=\"730,486\" data-comments-opened=\"0\" data-image-meta=\"{&quot;aperture&quot;:&quot;0&quot;,&quot;credit&quot;:&quot;&quot;,&quot;camera&quot;:&quot;&quot;,&quot;caption&quot;:&quot;&quot;,&quot;created_timestamp&quot;:&quot;0&quot;,&quot;copyright&quot;:&quot;&quot;,&quot;focal_length&quot;:&quot;0&quot;,&quot;iso&quot;:&quot;0&quot;,&quot;shutter_speed&quot;:&quot;0&quot;,&quot;title&quot;:&quot;&quot;,&quot;orientation&quot;:&quot;0&quot;}\" data-image-title=\"vacaciones.de.inviernoDomigo-vacaciones-3\" data-image-description=\"\" data-image-caption=\"\" data-large-file=\"https:\/\/www.hoymercedes.com.ar\/principal\/wp-content\/uploads\/2018\/07\/vacaciones.de_.inviernoDomigo-vacaciones-3.jpg\" class=\"aligncenter size-medium wp-image-78924\" src=\"https:\/\/www.hoymercedes.com.ar\/principal\/wp-content\/uploads\/2018\/07\/vacaciones.de_.inviernoDomigo-vacaciones-3-630x419.jpg\" alt=\"\" width=\"630\" height=\"419\" srcset=\"https:\/\/www.hoymercedes.com.ar\/principal\/wp-content\/uploads\/2018\/07\/vacaciones.de_.inviernoDomigo-vacaciones-3-630x419.jpg 630w, https:\/\/www.hoymercedes.com.ar\/principal\/wp-content\/uploads\/2018\/07\/vacaciones.de_.inviernoDomigo-vacaciones-3-150x100.jpg 150w, https:\/\/www.hoymercedes.com.ar\/principal\/wp-content\/uploads\/2018\/07\/vacaciones.de_.inviernoDomigo-vacaciones-3.jpg 730w\" sizes=\"auto, (max-width: 630px) 100vw, 630px\" \/><\/p>\n<p>Durante la tarde de este domingo, tras la presentaci\u00f3n de Arturello Dil Popollo, se concret\u00f3 el sorteo de la primera bicicleta que tuvo como ganadora a Maitena Barbieri, quien estaba presente y junto a su pap\u00e1 se llev\u00f3, alegre y emocionada, el premio. Una segunda ser\u00e1 sorteada el pr\u00f3ximo domingo, ya en el marco del Complejo Cultural La Trocha.<\/p>\n<figure id=\"attachment_78925\" aria-describedby=\"caption-attachment-78925\" style=\"width: 620px\" class=\"wp-caption aligncenter\"><img loading=\"lazy\" decoding=\"async\" data-attachment-id=\"78925\" data-permalink=\"https:\/\/www.hoymercedes.com.ar\/principal\/2018\/07\/22\/vacaciones-para-los-chicos-con-gran-asistencia-sorteo-y-mucho-entretenimiento\/vacaciones-de-inviernodomigo-vacaciones-4\/#main\" data-orig-file=\"https:\/\/www.hoymercedes.com.ar\/principal\/wp-content\/uploads\/2018\/07\/vacaciones.de_.inviernoDomigo-vacaciones-4.jpg\" data-orig-size=\"730,486\" data-comments-opened=\"0\" data-image-meta=\"{&quot;aperture&quot;:&quot;0&quot;,&quot;credit&quot;:&quot;&quot;,&quot;camera&quot;:&quot;&quot;,&quot;caption&quot;:&quot;&quot;,&quot;created_timestamp&quot;:&quot;0&quot;,&quot;copyright&quot;:&quot;&quot;,&quot;focal_length&quot;:&quot;0&quot;,&quot;iso&quot;:&quot;0&quot;,&quot;shutter_speed&quot;:&quot;0&quot;,&quot;title&quot;:&quot;&quot;,&quot;orientation&quot;:&quot;0&quot;}\" data-image-title=\"vacaciones.de.inviernoDomigo-vacaciones-4\" data-image-description=\"\" data-image-caption=\"&lt;p&gt;Actividades en Plaza San Mart\u00edn&lt;\/p&gt;\n\" data-large-file=\"https:\/\/www.hoymercedes.com.ar\/principal\/wp-content\/uploads\/2018\/07\/vacaciones.de_.inviernoDomigo-vacaciones-4.jpg\" class=\"size-medium wp-image-78925\" src=\"https:\/\/www.hoymercedes.com.ar\/principal\/wp-content\/uploads\/2018\/07\/vacaciones.de_.inviernoDomigo-vacaciones-4-630x419.jpg\" alt=\"\" width=\"630\" height=\"419\" srcset=\"https:\/\/www.hoymercedes.com.ar\/principal\/wp-content\/uploads\/2018\/07\/vacaciones.de_.inviernoDomigo-vacaciones-4-630x419.jpg 630w, https:\/\/www.hoymercedes.com.ar\/principal\/wp-content\/uploads\/2018\/07\/vacaciones.de_.inviernoDomigo-vacaciones-4-150x100.jpg 150w, https:\/\/www.hoymercedes.com.ar\/principal\/wp-content\/uploads\/2018\/07\/vacaciones.de_.inviernoDomigo-vacaciones-4.jpg 730w\" sizes=\"auto, (max-width: 630px) 100vw, 630px\" \/><figcaption id=\"caption-attachment-78925\" class=\"wp-caption-text\">Actividades en Plaza San Mart\u00edn<\/figcaption><\/figure>\n<p>Por su parte, el jefe comunal, Dr Juan Ignacio Ustarroz, coment\u00f3 que \u201cla ni\u00f1ez, que es un eje su cuidado para nuestra gesti\u00f3n, tambi\u00e9n se vive de esta manera. Con entretenimiento, cultura, juego, con actividades sanas. La kermesse es un ejemplo. Es algo que \u00e9sta generaci\u00f3n casi no conoc\u00eda y desde la propuesta realizada los vemos muy felices, divirti\u00e9ndose con sus familias. Esas im\u00e1genes son hermosas\u201d, afirm\u00f3.<\/p>\n<p>Para la segunda semana que se inicia contin\u00faan las propuestas libres y gratuitas. La kermesse ir\u00e1 ahora a La Trocha donde compartir\u00e1 el predio con el circo Migra, para luego durante el a\u00f1o recorrer barrios, instituciones educativas y espacios de la ni\u00f1ez.<\/p>\n<p><img loading=\"lazy\" decoding=\"async\" data-attachment-id=\"78926\" data-permalink=\"https:\/\/www.hoymercedes.com.ar\/principal\/2018\/07\/22\/vacaciones-para-los-chicos-con-gran-asistencia-sorteo-y-mucho-entretenimiento\/vacaciones-de-inviernodomigo-vacaciones-1\/#main\" data-orig-file=\"https:\/\/www.hoymercedes.com.ar\/principal\/wp-content\/uploads\/2018\/07\/vacaciones.de_.inviernoDomigo-vacaciones-1.jpg\" data-orig-size=\"730,485\" data-comments-opened=\"0\" data-image-meta=\"{&quot;aperture&quot;:&quot;0&quot;,&quot;credit&quot;:&quot;&quot;,&quot;camera&quot;:&quot;&quot;,&quot;caption&quot;:&quot;&quot;,&quot;created_timestamp&quot;:&quot;0&quot;,&quot;copyright&quot;:&quot;&quot;,&quot;focal_length&quot;:&quot;0&quot;,&quot;iso&quot;:&quot;0&quot;,&quot;shutter_speed&quot;:&quot;0&quot;,&quot;title&quot;:&quot;&quot;,&quot;orientation&quot;:&quot;0&quot;}\" data-image-title=\"vacaciones.de.inviernoDomigo-vacaciones-1\" data-image-description=\"\" data-image-caption=\"\" data-large-file=\"https:\/\/www.hoymercedes.com.ar\/principal\/wp-content\/uploads\/2018\/07\/vacaciones.de_.inviernoDomigo-vacaciones-1.jpg\" class=\"aligncenter size-medium wp-image-78926\" src=\"https:\/\/www.hoymercedes.com.ar\/principal\/wp-content\/uploads\/2018\/07\/vacaciones.de_.inviernoDomigo-vacaciones-1-630x419.jpg\" alt=\"\" width=\"630\" height=\"419\" srcset=\"https:\/\/www.hoymercedes.com.ar\/principal\/wp-content\/uploads\/2018\/07\/vacaciones.de_.inviernoDomigo-vacaciones-1-630x419.jpg 630w, https:\/\/www.hoymercedes.com.ar\/principal\/wp-content\/uploads\/2018\/07\/vacaciones.de_.inviernoDomigo-vacaciones-1-150x100.jpg 150w, https:\/\/www.hoymercedes.com.ar\/principal\/wp-content\/uploads\/2018\/07\/vacaciones.de_.inviernoDomigo-vacaciones-1.jpg 730w\" sizes=\"auto, (max-width: 630px) 100vw, 630px\" \/><\/p>\n<p>Info: Direcci\u00f3n de Cultura<\/p>\n","protected":false},"excerpt":{"rendered":"<p>\u00a0 La primera semana de vacaciones se vivi\u00f3 con m\u00e1s de 3000 ni\u00f1os disfrutando los distintos atractivos programados por la &#8230; <a title=\"Vacaciones para los chicos con gran asistencia, sorteo y mucho entretenimiento\" class=\"read-more\" href=\"https:\/\/www.hoymercedes.com.ar\/principal\/2018\/07\/22\/vacaciones-para-los-chicos-con-gran-asistencia-sorteo-y-mucho-entretenimiento\/\" aria-label=\"Leer m\u00e1s sobre Vacaciones para los chicos con gran asistencia, sorteo y mucho entretenimiento\">Leer m\u00e1s<\/a><\/p>\n","protected":false},"author":1,"featured_media":78923,"comment_status":"closed","ping_status":"open","sticky":false,"template":"","format":"standard","meta":{"_monsterinsights_skip_tracking":false,"_monsterinsights_sitenote_active":false,"_monsterinsights_sitenote_note":"","_monsterinsights_sitenote_category":0,"jetpack_post_was_ever_published":false,"_jetpack_newsletter_access":"","_jetpack_dont_email_post_to_subs":false,"_jetpack_newsletter_tier_id":0,"_jetpack_memberships_contains_paywalled_content":false,"_jetpack_memberships_contains_paid_content":false,"footnotes":"","jetpack_publicize_message":"","jetpack_publicize_feature_enabled":true,"jetpack_social_post_already_shared":true,"jetpack_social_options":{"image_generator_settings":{"template":"highway","default_image_id":0,"font":"","enabled":false},"version":2},"_wpas_customize_per_network":false},"categories":[8],"tags":[13497,13496,585,8589,7629],"class_list":["post-78922","post","type-post","status-publish","format-standard","has-post-thumbnail","hentry","category-sociedad","tag-vivimercedes","tag-arturello-dil-popollo","tag-juan-ustarroz","tag-lucia-capaccio","tag-vacaciones-de-invierno","generate-columns","tablet-grid-50","mobile-grid-100","grid-parent","grid-50"],"jetpack_publicize_connections":[],"jetpack_featured_media_url":"https:\/\/www.hoymercedes.com.ar\/principal\/wp-content\/uploads\/2018\/07\/vacaciones.de_.inviernoDomigo-vacaciones-2.jpg","wps_subtitle":"M\u00e1s de 3000 asistentes","jetpack_sharing_enabled":true,"jetpack-related-posts":[{"id":79134,"url":"https:\/\/www.hoymercedes.com.ar\/principal\/2018\/07\/29\/cierre-de-vacaciones-de-invierno-con-sorteo-y-mas-de-10-000-asistentes-en-dos-semanas-de-fiesta\/","url_meta":{"origin":78922,"position":0},"title":"Cierre de vacaciones de invierno con sorteo y m\u00e1s de 10.000 asistentes en dos semanas de fiesta","author":"hoymercedes","date":"29 julio, 2018","format":false,"excerpt":"Las vacaciones de invierno se vivieron en Mercedes con una gran cantidad de actividades e inversi\u00f3n por parte de la Municipalidad de Mercedes. Cerca de 10 mil asistentes al Teatro, Circo, Kermesse, Museos, Deporte, Comedia Municipal y juegos que el clima no logr\u00f3 opacar. Con salas llenas y funciones completas\u2026","rel":"","context":"En \u00abCultura\u00bb","block_context":{"text":"Cultura","link":"https:\/\/www.hoymercedes.com.ar\/principal\/category\/cultura\/"},"img":{"alt_text":"","src":"https:\/\/i0.wp.com\/www.hoymercedes.com.ar\/principal\/wp-content\/uploads\/2018\/07\/Asistentes-Trocha.jpeg?resize=350%2C200&ssl=1","width":350,"height":200,"srcset":"https:\/\/i0.wp.com\/www.hoymercedes.com.ar\/principal\/wp-content\/uploads\/2018\/07\/Asistentes-Trocha.jpeg?resize=350%2C200&ssl=1 1x, https:\/\/i0.wp.com\/www.hoymercedes.com.ar\/principal\/wp-content\/uploads\/2018\/07\/Asistentes-Trocha.jpeg?resize=525%2C300&ssl=1 1.5x, https:\/\/i0.wp.com\/www.hoymercedes.com.ar\/principal\/wp-content\/uploads\/2018\/07\/Asistentes-Trocha.jpeg?resize=700%2C400&ssl=1 2x, https:\/\/i0.wp.com\/www.hoymercedes.com.ar\/principal\/wp-content\/uploads\/2018\/07\/Asistentes-Trocha.jpeg?resize=1050%2C600&ssl=1 3x"},"classes":[]},{"id":78638,"url":"https:\/\/www.hoymercedes.com.ar\/principal\/2018\/07\/15\/gran-cantidad-de-propuestas-gratis-para-los-chicos-en-vacaciones\/","url_meta":{"origin":78922,"position":1},"title":"Gran cantidad de propuestas gratis para los chicos en vacaciones","author":"hoymercedes","date":"15 julio, 2018","format":false,"excerpt":"Habr\u00e1 amplia variedad de propuestas en todos los formatos. La Direcci\u00f3n de Cultura invita a las familias, ni\u00f1os y ni\u00f1as, a ser parte de las actividades de vacaciones de inviernos. Cine, teatro, circo, museos y una espectacular kermesse que es toda una novedad para la distracci\u00f3n y entretenimiento para los\u2026","rel":"","context":"En \u00abCultura\u00bb","block_context":{"text":"Cultura","link":"https:\/\/www.hoymercedes.com.ar\/principal\/category\/cultura\/"},"img":{"alt_text":"","src":"https:\/\/i0.wp.com\/www.hoymercedes.com.ar\/principal\/wp-content\/uploads\/2017\/07\/vacacionesmuseos-101.jpg?resize=350%2C200&ssl=1","width":350,"height":200,"srcset":"https:\/\/i0.wp.com\/www.hoymercedes.com.ar\/principal\/wp-content\/uploads\/2017\/07\/vacacionesmuseos-101.jpg?resize=350%2C200&ssl=1 1x, https:\/\/i0.wp.com\/www.hoymercedes.com.ar\/principal\/wp-content\/uploads\/2017\/07\/vacacionesmuseos-101.jpg?resize=525%2C300&ssl=1 1.5x, https:\/\/i0.wp.com\/www.hoymercedes.com.ar\/principal\/wp-content\/uploads\/2017\/07\/vacacionesmuseos-101.jpg?resize=700%2C400&ssl=1 2x"},"classes":[]},{"id":77903,"url":"https:\/\/www.hoymercedes.com.ar\/principal\/2018\/06\/29\/municipio-anuncio-variada-agenda-cultural-para-los-chicos-y-familia-en-vacaciones-de-invierno\/","url_meta":{"origin":78922,"position":2},"title":"Municipio anunci\u00f3 variada agenda cultural para los chicos y familia en vacaciones de invierno","author":"hoymercedes","date":"29 junio, 2018","format":false,"excerpt":"\u00a0 El intendente, el Dr. Juan Ignacio Ustarroz, junto a la directora de cultura, Lucia Capaccio presentaron para estas vacaciones de invierno, una amplia y variada agenda de espect\u00e1culos en nuestra ciudad. La misma est\u00e1 dirigida, no s\u00f3lo a los ni\u00f1os, sino a toda la familia. Cabe destacar que todas\u2026","rel":"","context":"En \u00abMunicipio\u00bb","block_context":{"text":"Municipio","link":"https:\/\/www.hoymercedes.com.ar\/principal\/category\/municipio\/"},"img":{"alt_text":"","src":"https:\/\/i0.wp.com\/www.hoymercedes.com.ar\/principal\/wp-content\/uploads\/2018\/06\/capaccio-ustarroz.jpg?resize=350%2C200&ssl=1","width":350,"height":200,"srcset":"https:\/\/i0.wp.com\/www.hoymercedes.com.ar\/principal\/wp-content\/uploads\/2018\/06\/capaccio-ustarroz.jpg?resize=350%2C200&ssl=1 1x, https:\/\/i0.wp.com\/www.hoymercedes.com.ar\/principal\/wp-content\/uploads\/2018\/06\/capaccio-ustarroz.jpg?resize=525%2C300&ssl=1 1.5x, https:\/\/i0.wp.com\/www.hoymercedes.com.ar\/principal\/wp-content\/uploads\/2018\/06\/capaccio-ustarroz.jpg?resize=700%2C400&ssl=1 2x, https:\/\/i0.wp.com\/www.hoymercedes.com.ar\/principal\/wp-content\/uploads\/2018\/06\/capaccio-ustarroz.jpg?resize=1050%2C600&ssl=1 3x"},"classes":[]},{"id":78695,"url":"https:\/\/www.hoymercedes.com.ar\/principal\/2018\/07\/16\/estas-vacaciones-cultura-andante-arranco-para-todos-los-chicos\/","url_meta":{"origin":78922,"position":3},"title":"Estas vacaciones \u00abcultura andante\u00bb arranc\u00f3 para todos los chicos","author":"hoymercedes","date":"16 julio, 2018","format":false,"excerpt":"\u00a0 Con gran cantidad de propuestas el intendente Ustarroz lanz\u00f3 \u201cCultura andante\u201d para los chicos y chicas de nuestra ciudad. Son actividades libres y gratuitas. Desde una creativa kermesse a teatro, museos, deportes y circo. \u201cEstamos muy contentos en estas vacaciones de invierno, en las cuales traemos tantas propuestas y\u2026","rel":"","context":"En \u00abMunicipio\u00bb","block_context":{"text":"Municipio","link":"https:\/\/www.hoymercedes.com.ar\/principal\/category\/municipio\/"},"img":{"alt_text":"","src":"https:\/\/i0.wp.com\/www.hoymercedes.com.ar\/principal\/wp-content\/uploads\/2018\/07\/culturaandanteDSC_0146.jpg?resize=350%2C200&ssl=1","width":350,"height":200,"srcset":"https:\/\/i0.wp.com\/www.hoymercedes.com.ar\/principal\/wp-content\/uploads\/2018\/07\/culturaandanteDSC_0146.jpg?resize=350%2C200&ssl=1 1x, https:\/\/i0.wp.com\/www.hoymercedes.com.ar\/principal\/wp-content\/uploads\/2018\/07\/culturaandanteDSC_0146.jpg?resize=525%2C300&ssl=1 1.5x, https:\/\/i0.wp.com\/www.hoymercedes.com.ar\/principal\/wp-content\/uploads\/2018\/07\/culturaandanteDSC_0146.jpg?resize=700%2C400&ssl=1 2x"},"classes":[]},{"id":97710,"url":"https:\/\/www.hoymercedes.com.ar\/principal\/2019\/08\/05\/cierre-de-vacaciones-de-inviernos-con-actividades-municipales\/","url_meta":{"origin":78922,"position":4},"title":"Cierre de vacaciones de inviernos con actividades municipales","author":"hoymercedes","date":"5 agosto, 2019","format":false,"excerpt":"Este domingo volvi\u00f3 a ser una fiesta La Trocha. Cientos de familias disfrutaron las actividades, el circo y los sorteos en la \u00faltima jornada de las incre\u00edbles vacaciones de invierno. M\u00e1s de 25.000 asistentes en 15 d\u00edas de museos, circo, teatro, galp\u00f3n urbano, semana joven, recitales, CoMuni, Centros Comunitarios Barriales\u2026","rel":"","context":"En \u00abMunicipio\u00bb","block_context":{"text":"Municipio","link":"https:\/\/www.hoymercedes.com.ar\/principal\/category\/municipio\/"},"img":{"alt_text":"","src":"https:\/\/i0.wp.com\/www.hoymercedes.com.ar\/principal\/wp-content\/uploads\/2019\/08\/05-vac-ni%C3%B1o-2.jpg?resize=350%2C200&ssl=1","width":350,"height":200,"srcset":"https:\/\/i0.wp.com\/www.hoymercedes.com.ar\/principal\/wp-content\/uploads\/2019\/08\/05-vac-ni%C3%B1o-2.jpg?resize=350%2C200&ssl=1 1x, https:\/\/i0.wp.com\/www.hoymercedes.com.ar\/principal\/wp-content\/uploads\/2019\/08\/05-vac-ni%C3%B1o-2.jpg?resize=525%2C300&ssl=1 1.5x, https:\/\/i0.wp.com\/www.hoymercedes.com.ar\/principal\/wp-content\/uploads\/2019\/08\/05-vac-ni%C3%B1o-2.jpg?resize=700%2C400&ssl=1 2x"},"classes":[]},{"id":156942,"url":"https:\/\/www.hoymercedes.com.ar\/principal\/2022\/12\/29\/se-viene-un-verano-con-muchisimas-actividades-en-mercedes\/","url_meta":{"origin":78922,"position":5},"title":"Se viene un verano con much\u00edsimas actividades en Mercedes","author":"hoymercedes","date":"29 diciembre, 2022","format":false,"excerpt":"Mercedes se prepara para una temporada de verano llena de actividades y propuestas que iniciar\u00e1n el pr\u00f3ximo mes de enero. La extensa agenda incluye variadas e interesantes propuestas para toda la familia. La directora de Cultura, Lucia Capaccio manifest\u00f3 \u201cesto lo fuimos armando entre las distintas \u00e1reas del Municipio, es\u2026","rel":"","context":"En \u00abSociedad\u00bb","block_context":{"text":"Sociedad","link":"https:\/\/www.hoymercedes.com.ar\/principal\/category\/sociedad\/"},"img":{"alt_text":"La Trocha - ViviMercedes","src":"https:\/\/i0.wp.com\/www.hoymercedes.com.ar\/principal\/wp-content\/uploads\/2022\/12\/DSC02117.jpg?resize=350%2C200&ssl=1","width":350,"height":200,"srcset":"https:\/\/i0.wp.com\/www.hoymercedes.com.ar\/principal\/wp-content\/uploads\/2022\/12\/DSC02117.jpg?resize=350%2C200&ssl=1 1x, https:\/\/i0.wp.com\/www.hoymercedes.com.ar\/principal\/wp-content\/uploads\/2022\/12\/DSC02117.jpg?resize=525%2C300&ssl=1 1.5x, https:\/\/i0.wp.com\/www.hoymercedes.com.ar\/principal\/wp-content\/uploads\/2022\/12\/DSC02117.jpg?resize=700%2C400&ssl=1 2x"},"classes":[]}],"_links":{"self":[{"href":"https:\/\/www.hoymercedes.com.ar\/principal\/wp-json\/wp\/v2\/posts\/78922","targetHints":{"allow":["GET"]}}],"collection":[{"href":"https:\/\/www.hoymercedes.com.ar\/principal\/wp-json\/wp\/v2\/posts"}],"about":[{"href":"https:\/\/www.hoymercedes.com.ar\/principal\/wp-json\/wp\/v2\/types\/post"}],"author":[{"embeddable":true,"href":"https:\/\/www.hoymercedes.com.ar\/principal\/wp-json\/wp\/v2\/users\/1"}],"replies":[{"embeddable":true,"href":"https:\/\/www.hoymercedes.com.ar\/principal\/wp-json\/wp\/v2\/comments?post=78922"}],"version-history":[{"count":0,"href":"https:\/\/www.hoymercedes.com.ar\/principal\/wp-json\/wp\/v2\/posts\/78922\/revisions"}],"wp:featuredmedia":[{"embeddable":true,"href":"https:\/\/www.hoymercedes.com.ar\/principal\/wp-json\/wp\/v2\/media\/78923"}],"wp:attachment":[{"href":"https:\/\/www.hoymercedes.com.ar\/principal\/wp-json\/wp\/v2\/media?parent=78922"}],"wp:term":[{"taxonomy":"category","embeddable":true,"href":"https:\/\/www.hoymercedes.com.ar\/principal\/wp-json\/wp\/v2\/categories?post=78922"},{"taxonomy":"post_tag","embeddable":true,"href":"https:\/\/www.hoymercedes.com.ar\/principal\/wp-json\/wp\/v2\/tags?post=78922"}],"curies":[{"name":"wp","href":"https:\/\/api.w.org\/{rel}","templated":true}]}}