{"id":78932,"date":"2018-07-23T08:04:02","date_gmt":"2018-07-23T11:04:02","guid":{"rendered":"http:\/\/www.hoymercedes.com.ar\/principal\/?p=78932"},"modified":"2018-07-23T10:11:06","modified_gmt":"2018-07-23T13:11:06","slug":"judiciales-disconformes-por-un-nuevo-pago-a-cuenta","status":"publish","type":"post","link":"https:\/\/www.hoymercedes.com.ar\/principal\/2018\/07\/23\/judiciales-disconformes-por-un-nuevo-pago-a-cuenta\/","title":{"rendered":"Judiciales disconformes por un nuevo pago a cuenta"},"content":{"rendered":"<p>La Asociaci\u00f3n Judicial Bonaerense (AJB) contin\u00faa en pugna salarial con el Gobierno Provincial, qui\u00e9n realizar\u00e1 un nuevo pago a cuenta, del 5%, mientras contin\u00faa el conflicto. Un fallo judicial avala a los judiciales.<\/p>\n<p>Los trabajadores judiciales de la provincia contin\u00faan con las medidas de reclamo salarial ante el gobierno de Mar\u00eda Eugenia Vidal y la Corte. El Ejecutivo Provincial no convoc\u00f3 a paritarias para acordar el aumento salarial del a\u00f1o en curso. En tanto, un fallo judicial orden\u00f3 al Gobierno a que lo convoque, y la oferta, seg\u00fan el gremio,\u00a0fue \u201cirrisoria\u201d.<\/p>\n<p>En ese marco, el pasado lunes se envi\u00f3 desde el Gobierno un instructivo a la Suprema Corte para liquidar un nuevo pago a cuenta, que a partir del mes de julio asciende al 5% calculado sobre los haberes de diciembre de 2017, el cual ser\u00e1 percibido con el cobro de los salarios pertinentes al mes de Julio, el cual se consumar\u00e1 los primeros d\u00edas de Agosto.<\/p>\n<p>Desde la AJB repudian categ\u00f3ricamente esta decisi\u00f3n \u201cla decisi\u00f3n ilegal y unilateral del gobierno provincial\u201d, y exige el inmediato cumplimiento de lo ordenado por la justicia el pasado 13 de julio. Este fallo del\u00a0Tribunal de Trabajo N\u00b03 de La Plata hizo lugar a un planteo de ampliaci\u00f3n de la medida cautelar realizado por la AJB, declarando \u201cla vigencia de la cl\u00e1usula convencional sexta del acuerdo salarial del a\u00f1o 2017 (clausula \u201cgatillo\u201d), disponiendo el aumento mensual de las remuneraciones de los agentes judiciales que se encuentran comprendidos en el \u00e1mbito de representaci\u00f3n de la AJB, de acuerdo a la variaci\u00f3n mensual del \u00edndice de precios al consumidor publicado por el INDEC, con respecto a los sueldos b\u00e1sicos de diciembre de 2017, hasta tanto se arribe a un nuevo acuerdo paritario\u201d.<\/p>\n<p>Asimismo, el Tribunal orden\u00f3 \u201cal Ministerio de Trabajo provincial (\u2026) proceda a la reapertura y continuidad de la negociaci\u00f3n sobre el reajuste salarial de los empleados judiciales para el a\u00f1o en curso, para lo que deber\u00e1 convocar a las partes -Asociaci\u00f3n Judicial Bonaerense y Estado Provincial-, quienes deber\u00e1n negociar en un marco de buena fe\u201d<\/p>\n<p>\u201cLa lucha contin\u00faa\u201d, dijo Mariano Romano, Secretario General de AJB Mercedes, respecto a este pol\u00e9mico tema. Romano sostiene que \u201ces notoria, palpable y preocupante la p\u00e9rdida salarial que vienen sufriendo los trabajadores judiciales en lo que va del a\u00f1o, tal como indican los estudios de investigaci\u00f3n que se realizaron. Los sueldo de nuestros compa\u00f1eros se encuentran por debajo del aumento de la inflaci\u00f3n, y eso se traduce en un deterioro significativo del salario real del 8,77% en comparaci\u00f3n con los valores del mes de diciembre de 2017. No vamos a ser permisivos ni pasivos ante tal avasallamiento\u201d.<\/p>\n<p>Fuente: Prensa AJB<\/p>\n","protected":false},"excerpt":{"rendered":"<p>La Asociaci\u00f3n Judicial Bonaerense (AJB) contin\u00faa en pugna salarial con el Gobierno Provincial, qui\u00e9n realizar\u00e1 un nuevo pago a cuenta, &#8230; <a title=\"Judiciales disconformes por un nuevo pago a cuenta\" class=\"read-more\" href=\"https:\/\/www.hoymercedes.com.ar\/principal\/2018\/07\/23\/judiciales-disconformes-por-un-nuevo-pago-a-cuenta\/\" aria-label=\"Leer m\u00e1s sobre Judiciales disconformes por un nuevo pago a cuenta\">Leer m\u00e1s<\/a><\/p>\n","protected":false},"author":1,"featured_media":78648,"comment_status":"closed","ping_status":"open","sticky":false,"template":"","format":"standard","meta":{"_monsterinsights_skip_tracking":false,"_monsterinsights_sitenote_active":false,"_monsterinsights_sitenote_note":"","_monsterinsights_sitenote_category":0,"jetpack_post_was_ever_published":false,"_jetpack_newsletter_access":"","_jetpack_dont_email_post_to_subs":false,"_jetpack_newsletter_tier_id":0,"_jetpack_memberships_contains_paywalled_content":false,"_jetpack_memberships_contains_paid_content":false,"footnotes":"","jetpack_publicize_message":"Judiciales disconformes por un nuevo pago a cuenta","jetpack_publicize_feature_enabled":true,"jetpack_social_post_already_shared":true,"jetpack_social_options":{"image_generator_settings":{"template":"highway","default_image_id":0,"font":"","enabled":false},"version":2},"_wpas_customize_per_network":false},"categories":[10563],"tags":[95,8799,523,12669,1443],"class_list":["post-78932","post","type-post","status-publish","format-standard","has-post-thumbnail","hentry","category-gremios-sindicatos","tag-ajb","tag-gremios","tag-judiciales","tag-reclamo-salarial","tag-sindicatos","generate-columns","tablet-grid-50","mobile-grid-100","grid-parent","grid-50"],"jetpack_publicize_connections":[],"jetpack_featured_media_url":"https:\/\/www.hoymercedes.com.ar\/principal\/wp-content\/uploads\/2018\/07\/16-AJB-romano.jpg","wps_subtitle":"Paritarias judiciales","jetpack_sharing_enabled":true,"_links":{"self":[{"href":"https:\/\/www.hoymercedes.com.ar\/principal\/wp-json\/wp\/v2\/posts\/78932","targetHints":{"allow":["GET"]}}],"collection":[{"href":"https:\/\/www.hoymercedes.com.ar\/principal\/wp-json\/wp\/v2\/posts"}],"about":[{"href":"https:\/\/www.hoymercedes.com.ar\/principal\/wp-json\/wp\/v2\/types\/post"}],"author":[{"embeddable":true,"href":"https:\/\/www.hoymercedes.com.ar\/principal\/wp-json\/wp\/v2\/users\/1"}],"replies":[{"embeddable":true,"href":"https:\/\/www.hoymercedes.com.ar\/principal\/wp-json\/wp\/v2\/comments?post=78932"}],"version-history":[{"count":0,"href":"https:\/\/www.hoymercedes.com.ar\/principal\/wp-json\/wp\/v2\/posts\/78932\/revisions"}],"wp:featuredmedia":[{"embeddable":true,"href":"https:\/\/www.hoymercedes.com.ar\/principal\/wp-json\/wp\/v2\/media\/78648"}],"wp:attachment":[{"href":"https:\/\/www.hoymercedes.com.ar\/principal\/wp-json\/wp\/v2\/media?parent=78932"}],"wp:term":[{"taxonomy":"category","embeddable":true,"href":"https:\/\/www.hoymercedes.com.ar\/principal\/wp-json\/wp\/v2\/categories?post=78932"},{"taxonomy":"post_tag","embeddable":true,"href":"https:\/\/www.hoymercedes.com.ar\/principal\/wp-json\/wp\/v2\/tags?post=78932"}],"curies":[{"name":"wp","href":"https:\/\/api.w.org\/{rel}","templated":true}]}}