{"id":78946,"date":"2018-07-23T19:30:16","date_gmt":"2018-07-23T22:30:16","guid":{"rendered":"http:\/\/www.hoymercedes.com.ar\/principal\/?p=78946"},"modified":"2018-07-23T18:22:12","modified_gmt":"2018-07-23T21:22:12","slug":"bomberos-y-municipio-organizan-cena-solidaria-todos-x-bomberos","status":"publish","type":"post","link":"https:\/\/www.hoymercedes.com.ar\/principal\/2018\/07\/23\/bomberos-y-municipio-organizan-cena-solidaria-todos-x-bomberos\/","title":{"rendered":"Bomberos y Municipio organizan cena solidaria \u201cTodos x Bomberos\u201d"},"content":{"rendered":"<figure id=\"attachment_78947\" aria-describedby=\"caption-attachment-78947\" style=\"width: 610px\" class=\"wp-caption aligncenter\"><img loading=\"lazy\" decoding=\"async\" data-attachment-id=\"78947\" data-permalink=\"https:\/\/www.hoymercedes.com.ar\/principal\/2018\/07\/23\/bomberos-y-municipio-organizan-cena-solidaria-todos-x-bomberos\/todosxbomberos-2\/#main\" data-orig-file=\"https:\/\/www.hoymercedes.com.ar\/principal\/wp-content\/uploads\/2018\/07\/TodosXBomberos-2.jpg\" data-orig-size=\"1148,1148\" data-comments-opened=\"0\" data-image-meta=\"{&quot;aperture&quot;:&quot;0&quot;,&quot;credit&quot;:&quot;&quot;,&quot;camera&quot;:&quot;&quot;,&quot;caption&quot;:&quot;&quot;,&quot;created_timestamp&quot;:&quot;0&quot;,&quot;copyright&quot;:&quot;&quot;,&quot;focal_length&quot;:&quot;0&quot;,&quot;iso&quot;:&quot;0&quot;,&quot;shutter_speed&quot;:&quot;0&quot;,&quot;title&quot;:&quot;&quot;,&quot;orientation&quot;:&quot;0&quot;}\" data-image-title=\"TodosXBomberos-2\" data-image-description=\"\" data-image-caption=\"&lt;p&gt;Todos por Bomberos &lt;\/p&gt;\n\" data-large-file=\"https:\/\/www.hoymercedes.com.ar\/principal\/wp-content\/uploads\/2018\/07\/TodosXBomberos-2-1024x1024.jpg\" class=\"size-medium wp-image-78947\" src=\"https:\/\/www.hoymercedes.com.ar\/principal\/wp-content\/uploads\/2018\/07\/TodosXBomberos-2-620x620.jpg\" alt=\"\" width=\"620\" height=\"620\" srcset=\"https:\/\/www.hoymercedes.com.ar\/principal\/wp-content\/uploads\/2018\/07\/TodosXBomberos-2-620x620.jpg 620w, https:\/\/www.hoymercedes.com.ar\/principal\/wp-content\/uploads\/2018\/07\/TodosXBomberos-2-150x150.jpg 150w, https:\/\/www.hoymercedes.com.ar\/principal\/wp-content\/uploads\/2018\/07\/TodosXBomberos-2-1024x1024.jpg 1024w, https:\/\/www.hoymercedes.com.ar\/principal\/wp-content\/uploads\/2018\/07\/TodosXBomberos-2.jpg 1148w\" sizes=\"auto, (max-width: 620px) 100vw, 620px\" \/><figcaption id=\"caption-attachment-78947\" class=\"wp-caption-text\">Todos por Bomberos<\/figcaption><\/figure>\n<p><strong>\u00a0<\/strong><\/p>\n<p>El pr\u00f3ximo 18 de agosto se llevar\u00e1 a cabo un nuevo encuentro solidario en nuestra ciudad. En esta ocasi\u00f3n para una de las instituciones m\u00e1s queridas y respetadas: Bomberos Voluntarios. Ser\u00e1 en el \u00e1mbito del CEF N\u00b040 y se est\u00e1 trabajando en conjunto entre la Municipalidad de Mercedes y los Bomberos Voluntarios buscando llegar a los mil asistentes y de esta manera recaudar fondos para afrontar la crisis generada por el ajuste que el gobierno nacional implement\u00f3 a la mencionada instituci\u00f3n de servicios. \u201cEllos son un orgullo para todos los mercedinos, un ejemplo de vocaci\u00f3n y honestidad\u201d sostuvo Juan Ustarroz y destac\u00f3 que \u201cdan la vida, cada d\u00eda, sin pedir nada a cambio\u201d.<\/p>\n<p>El pasado jueves el Jefe Comunal, Dr. Juan Ignacio Ustarroz, junto al Jefe de Gabinete, Mat\u00edas Dematei, recibieron a miembros de la comisi\u00f3n directiva de los Bomberos Voluntarios de Mercedes con Pedro Di Cecco, Sergio Ramponi, Miguel Rato, y Jorge Coligcino.<\/p>\n<p>\u201cPara nosotros es un orgullo realizar actividades con ellos, pero tambi\u00e9n una obligaci\u00f3n. Son una de las instituciones m\u00e1s respetadas, m\u00e1s queridas por todos los mercedinos y si bien sabemos que desde la Comuna apoyamos desde distintas formas juzgamos nunca es suficiente. Ellos se lo merecen, siempre al servicio de sus vecinos, dando la vida, cada d\u00eda, sin pedir nada a cambio\u201d, coment\u00f3 el jefe comunal Juan Ustarroz.<\/p>\n<p>\u201cEsta situaci\u00f3n es sin duda un dolor enorme. Que ahora se metan con los bomberos, en la pol\u00edtica de ajuste que despliega el gobierno nacional, es claramente tener una falta de sensibilidad social absoluta\u201d, sostuvo Mat\u00edas Dematei, remarcando que \u201cellos han sido y son fundamentales en nuestra sociedad, acompa\u00f1arlos es una obligaci\u00f3n moral que tenemos, defenderlos, ser parte de esta lucha\u201d, afirm\u00f3.<\/p>\n<p><strong>Cena solidaria<\/strong><\/p>\n<p>La cita ser\u00e1 el pr\u00f3ximo 18 de agosto en el Centro de Educaci\u00f3n F\u00edsica N\u00b040 de calle 30 entre 43 y 45, donde se espera recibir a mil vecinos generosos que deseen aportar con una tarjeta en una nueva cena solidaria promovida desde la Municipalidad de Mercedes. La tarjeta tiene un valor muy accesible, de $250, y se deber\u00e1 llevar cubiertos.<\/p>\n<p><strong>Necesidad<\/strong><\/p>\n<p>La necesidad de la cena surge, tal como los propios bomberos han ido narrando en las \u00faltimas jornadas, a partir de una realidad complicada a partir del ajuste del 40% que el gobierno nacional les implement\u00f3 en todo el pa\u00eds y fue por ello que el pasado domingo a las 12hs, realizaron un toque de sirena en forma de reclamo y protesta, en consonancia con la Federaci\u00f3n que los nuclea.<\/p>\n<p>Vale recordar que el ajuste, informaron, se ejecuta sobre un dinero que no proviene del estado, sino que es el producido del 5 x 1000 de lo recaudado por empresas privadas, compa\u00f1\u00edas de seguro en todo pa\u00eds, quienes lo entregan al gobierno dicho dinero y es este quien debe distribuirlo a los cuarteles de Bomberos.<\/p>\n<p><strong>Solidaridad <\/strong><\/p>\n<p>\u201cTenemos un eje que es la solidaridad, la acci\u00f3n junto a las instituciones. Lo hacemos con los clubes, con los colegios, con distintas causas nobles y reafirmamos una vez m\u00e1s esa pol\u00edtica del estado municipal, y, en este caso, con los bomberos\u201d destac\u00f3 el Jefe Comunal Dr. Ustarroz.<\/p>\n<p>&nbsp;<\/p>\n<p>Info: Municipio<\/p>\n","protected":false},"excerpt":{"rendered":"<p>\u00a0 El pr\u00f3ximo 18 de agosto se llevar\u00e1 a cabo un nuevo encuentro solidario en nuestra ciudad. En esta ocasi\u00f3n &#8230; <a title=\"Bomberos y Municipio organizan cena solidaria \u201cTodos x Bomberos\u201d\" class=\"read-more\" href=\"https:\/\/www.hoymercedes.com.ar\/principal\/2018\/07\/23\/bomberos-y-municipio-organizan-cena-solidaria-todos-x-bomberos\/\" aria-label=\"Leer m\u00e1s sobre Bomberos y Municipio organizan cena solidaria \u201cTodos x Bomberos\u201d\">Leer m\u00e1s<\/a><\/p>\n","protected":false},"author":1,"featured_media":78947,"comment_status":"closed","ping_status":"open","sticky":false,"template":"","format":"standard","meta":{"_monsterinsights_skip_tracking":false,"_monsterinsights_sitenote_active":false,"_monsterinsights_sitenote_note":"","_monsterinsights_sitenote_category":0,"jetpack_post_was_ever_published":false,"_jetpack_newsletter_access":"","_jetpack_dont_email_post_to_subs":false,"_jetpack_newsletter_tier_id":0,"_jetpack_memberships_contains_paywalled_content":false,"_jetpack_memberships_contains_paid_content":false,"footnotes":"","jetpack_publicize_message":"","jetpack_publicize_feature_enabled":true,"jetpack_social_post_already_shared":true,"jetpack_social_options":{"image_generator_settings":{"template":"highway","default_image_id":0,"font":"","enabled":false},"version":2},"_wpas_customize_per_network":false},"categories":[8],"tags":[13501,287,10,7802,13502],"class_list":["post-78946","post","type-post","status-publish","format-standard","has-post-thumbnail","hentry","category-sociedad","tag-ajuste-en-bomberos","tag-bomberos-mercedes","tag-mercedes","tag-sociedad","tag-todos-por-bomberos","generate-columns","tablet-grid-50","mobile-grid-100","grid-parent","grid-50"],"jetpack_publicize_connections":[],"jetpack_featured_media_url":"https:\/\/www.hoymercedes.com.ar\/principal\/wp-content\/uploads\/2018\/07\/TodosXBomberos-2.jpg","wps_subtitle":"Solidaridad","jetpack_sharing_enabled":true,"jetpack-related-posts":[{"id":188067,"url":"https:\/\/www.hoymercedes.com.ar\/principal\/2025\/09\/19\/solidaridad-todos-por-bomberos-junto-a-la-sociedad-rural\/","url_meta":{"origin":78946,"position":0},"title":"Solidaridad: Todos por Bomberos junto a la Sociedad Rural","author":"hoymercedes","date":"19 septiembre, 2025","format":false,"excerpt":"Se viene un nuevo encuentro solidario por nuestros Bomberos Voluntarios. Ser\u00e1 en el marco del encuentro anual de la Sociedad Rural Mercedes el pr\u00f3ximo domingo 28 de septiembre. El anuncio lo efectu\u00f3 Leonardo Fag\u00fandez, Mario Quaglia y el intendente Ustarroz. Pospuesta El primero en tomar la palabra fue el presidente\u2026","rel":"","context":"En \u00abSociedad\u00bb","block_context":{"text":"Sociedad","link":"https:\/\/www.hoymercedes.com.ar\/principal\/category\/sociedad\/"},"img":{"alt_text":"Solidaridad: Todos por Bomberos junto a la Sociedad Rural","src":"https:\/\/i0.wp.com\/www.hoymercedes.com.ar\/principal\/wp-content\/uploads\/2025\/09\/Almuerzo-TodosPorBomberos.jpg?resize=350%2C200&ssl=1","width":350,"height":200,"srcset":"https:\/\/i0.wp.com\/www.hoymercedes.com.ar\/principal\/wp-content\/uploads\/2025\/09\/Almuerzo-TodosPorBomberos.jpg?resize=350%2C200&ssl=1 1x, https:\/\/i0.wp.com\/www.hoymercedes.com.ar\/principal\/wp-content\/uploads\/2025\/09\/Almuerzo-TodosPorBomberos.jpg?resize=525%2C300&ssl=1 1.5x, https:\/\/i0.wp.com\/www.hoymercedes.com.ar\/principal\/wp-content\/uploads\/2025\/09\/Almuerzo-TodosPorBomberos.jpg?resize=700%2C400&ssl=1 2x, https:\/\/i0.wp.com\/www.hoymercedes.com.ar\/principal\/wp-content\/uploads\/2025\/09\/Almuerzo-TodosPorBomberos.jpg?resize=1050%2C600&ssl=1 3x"},"classes":[]},{"id":181929,"url":"https:\/\/www.hoymercedes.com.ar\/principal\/2025\/01\/17\/bomberos-25-salidas-en-4-dias-por-la-ola-de-calor\/","url_meta":{"origin":78946,"position":1},"title":"Bomberos: 25 salidas en 4 d\u00edas por la ola de calor","author":"hoymercedes","date":"17 enero, 2025","format":false,"excerpt":"https:\/\/youtube.com\/shorts\/kXtnn0ptdxA?feature=share Los Bomberos Voluntarios de nuestra ciudad no han tenido respiro en las \u00faltimas jornadas. Saludas y jornadas de trabajo muy largas. Las altas temperaturas est\u00e1n haciendo lo suyo a la hora de generar siniestro, sin descontar alg\u00fan que otro descuido del ser humano. Especialmente han sido de pasto. Ante\u2026","rel":"","context":"En \u00abSociedad\u00bb","block_context":{"text":"Sociedad","link":"https:\/\/www.hoymercedes.com.ar\/principal\/category\/sociedad\/"},"img":{"alt_text":"Bomberos Voluntarios de Mercedes","src":"https:\/\/i0.wp.com\/www.hoymercedes.com.ar\/principal\/wp-content\/uploads\/2024\/07\/Bomberos-Pasto-Incendio.jpg?resize=350%2C200&ssl=1","width":350,"height":200,"srcset":"https:\/\/i0.wp.com\/www.hoymercedes.com.ar\/principal\/wp-content\/uploads\/2024\/07\/Bomberos-Pasto-Incendio.jpg?resize=350%2C200&ssl=1 1x, https:\/\/i0.wp.com\/www.hoymercedes.com.ar\/principal\/wp-content\/uploads\/2024\/07\/Bomberos-Pasto-Incendio.jpg?resize=525%2C300&ssl=1 1.5x, https:\/\/i0.wp.com\/www.hoymercedes.com.ar\/principal\/wp-content\/uploads\/2024\/07\/Bomberos-Pasto-Incendio.jpg?resize=700%2C400&ssl=1 2x, https:\/\/i0.wp.com\/www.hoymercedes.com.ar\/principal\/wp-content\/uploads\/2024\/07\/Bomberos-Pasto-Incendio.jpg?resize=1050%2C600&ssl=1 3x"},"classes":[]},{"id":188177,"url":"https:\/\/www.hoymercedes.com.ar\/principal\/2025\/09\/24\/continua-la-venta-de-entradas-para-el-almuerzo-todos-por-bomberos\/","url_meta":{"origin":78946,"position":2},"title":"Contin\u00faa la venta de entradas para el almuerzo \u201cTodos por Bomberos\u201d","author":"hoymercedes","date":"24 septiembre, 2025","format":false,"excerpt":"El domingo 28 se llevar\u00e1 adelante un nuevo almuerzo solidario por los Bomberos de Mercedes. Las entradas est\u00e1n a la venta y pueden adquirirse en el Cuartel o bien llamando por tel\u00e9fono. Es solidario para continuar apoyando a la querida instituci\u00f3n. La iniciativa tiene como objetivo principal recaudar fondos para\u2026","rel":"","context":"En \u00abSociedad\u00bb","block_context":{"text":"Sociedad","link":"https:\/\/www.hoymercedes.com.ar\/principal\/category\/sociedad\/"},"img":{"alt_text":"Contin\u00faa la venta de entradas para el almuerzo \u201cTodos por Bomberos\u201d","src":"https:\/\/i0.wp.com\/www.hoymercedes.com.ar\/principal\/wp-content\/uploads\/2025\/09\/Todos-por-Bomberos.jpg?resize=350%2C200&ssl=1","width":350,"height":200,"srcset":"https:\/\/i0.wp.com\/www.hoymercedes.com.ar\/principal\/wp-content\/uploads\/2025\/09\/Todos-por-Bomberos.jpg?resize=350%2C200&ssl=1 1x, https:\/\/i0.wp.com\/www.hoymercedes.com.ar\/principal\/wp-content\/uploads\/2025\/09\/Todos-por-Bomberos.jpg?resize=525%2C300&ssl=1 1.5x, https:\/\/i0.wp.com\/www.hoymercedes.com.ar\/principal\/wp-content\/uploads\/2025\/09\/Todos-por-Bomberos.jpg?resize=700%2C400&ssl=1 2x, https:\/\/i0.wp.com\/www.hoymercedes.com.ar\/principal\/wp-content\/uploads\/2025\/09\/Todos-por-Bomberos.jpg?resize=1050%2C600&ssl=1 3x"},"classes":[]},{"id":103419,"url":"https:\/\/www.hoymercedes.com.ar\/principal\/2019\/12\/04\/bomberos-voluntarios-de-mercedes-presentes-en-la-expo-mas-grande-del-pais\/","url_meta":{"origin":78946,"position":3},"title":"Bomberos Voluntarios de Mercedes presentes en la Expo m\u00e1s grande del pa\u00eds","author":"hoymercedes","date":"4 diciembre, 2019","format":false,"excerpt":"Expo bomberos en Luj\u00e1n \/Foto: Luj\u00e1nenlinea Los Bomberos de Mercedes fueron parte de la Expo efectuada en la vecina ciudad de Luj\u00e1n. Lo hicieron con dos m\u00f3viles y una delegaci\u00f3n especial para la ocasi\u00f3n. Vale recordar el prestigio y reconocimiento que tiene en todo el pa\u00eds nuestro cuerpo de bomberos\u2026","rel":"","context":"En \u00abSociedad\u00bb","block_context":{"text":"Sociedad","link":"https:\/\/www.hoymercedes.com.ar\/principal\/category\/sociedad\/"},"img":{"alt_text":"","src":"https:\/\/i0.wp.com\/www.hoymercedes.com.ar\/principal\/wp-content\/uploads\/2019\/12\/Bomberos-Expo-Lujan.jpg?resize=350%2C200&ssl=1","width":350,"height":200,"srcset":"https:\/\/i0.wp.com\/www.hoymercedes.com.ar\/principal\/wp-content\/uploads\/2019\/12\/Bomberos-Expo-Lujan.jpg?resize=350%2C200&ssl=1 1x, https:\/\/i0.wp.com\/www.hoymercedes.com.ar\/principal\/wp-content\/uploads\/2019\/12\/Bomberos-Expo-Lujan.jpg?resize=525%2C300&ssl=1 1.5x, https:\/\/i0.wp.com\/www.hoymercedes.com.ar\/principal\/wp-content\/uploads\/2019\/12\/Bomberos-Expo-Lujan.jpg?resize=700%2C400&ssl=1 2x, https:\/\/i0.wp.com\/www.hoymercedes.com.ar\/principal\/wp-content\/uploads\/2019\/12\/Bomberos-Expo-Lujan.jpg?resize=1050%2C600&ssl=1 3x, https:\/\/i0.wp.com\/www.hoymercedes.com.ar\/principal\/wp-content\/uploads\/2019\/12\/Bomberos-Expo-Lujan.jpg?resize=1400%2C800&ssl=1 4x"},"classes":[]},{"id":174747,"url":"https:\/\/www.hoymercedes.com.ar\/principal\/2024\/04\/11\/vuelta-con-los-bomberos-voluntarios-de-nuestra-ciudad\/","url_meta":{"origin":78946,"position":4},"title":"Vuelta con los Bomberos Voluntarios de nuestra ciudad","author":"hoymercedes","date":"11 abril, 2024","format":false,"excerpt":"Se viene la 15 Vuelta a la Ciudad de Mercedes. La tradicional caravana anual de autos cl\u00e1sicos, antiguos y especiales, se suma al evento \u201cTodos por Bomberos\u201d el 12 de Mayo Un nuevo a\u00f1o avanzara por la avenida 29 la tradicional caravana de autos cl\u00e1sicos, antiguos y especiales que impulsa\u2026","rel":"","context":"En \u00abSociedad\u00bb","block_context":{"text":"Sociedad","link":"https:\/\/www.hoymercedes.com.ar\/principal\/category\/sin-categoria\/"},"img":{"alt_text":"Vuelta con los Bomberos Voluntarios de nuestra ciudad","src":"https:\/\/i0.wp.com\/www.hoymercedes.com.ar\/principal\/wp-content\/uploads\/2024\/04\/Vuelta-CiudadDeMercedes.jpeg?resize=350%2C200&ssl=1","width":350,"height":200,"srcset":"https:\/\/i0.wp.com\/www.hoymercedes.com.ar\/principal\/wp-content\/uploads\/2024\/04\/Vuelta-CiudadDeMercedes.jpeg?resize=350%2C200&ssl=1 1x, https:\/\/i0.wp.com\/www.hoymercedes.com.ar\/principal\/wp-content\/uploads\/2024\/04\/Vuelta-CiudadDeMercedes.jpeg?resize=525%2C300&ssl=1 1.5x, https:\/\/i0.wp.com\/www.hoymercedes.com.ar\/principal\/wp-content\/uploads\/2024\/04\/Vuelta-CiudadDeMercedes.jpeg?resize=700%2C400&ssl=1 2x, https:\/\/i0.wp.com\/www.hoymercedes.com.ar\/principal\/wp-content\/uploads\/2024\/04\/Vuelta-CiudadDeMercedes.jpeg?resize=1050%2C600&ssl=1 3x"},"classes":[]},{"id":122668,"url":"https:\/\/www.hoymercedes.com.ar\/principal\/2020\/12\/30\/bomberos-ganadores-del-sorteo-extraordinario\/","url_meta":{"origin":78946,"position":5},"title":"Bomberos: Ganadores del Sorteo Extraordinario","author":"hoymercedes","date":"30 diciembre, 2020","format":false,"excerpt":"El pasado martes 29 de diciembre, a la noche, los Bomberos Voluntarios de Mercedes realizaron el sorteo extraordinario del bono complementario entregado a quienes cancelaron la totalidad de las cuotas del bono contribuci\u00f3n 2020. Los ganadores fueron: Mauricio Albanesse y Paula De Rosa. \"Queremos agradecer a todos por su colaboraci\u00f3n\u2026","rel":"","context":"En \u00abSociedad\u00bb","block_context":{"text":"Sociedad","link":"https:\/\/www.hoymercedes.com.ar\/principal\/category\/sociedad\/"},"img":{"alt_text":"","src":"https:\/\/i0.wp.com\/www.hoymercedes.com.ar\/principal\/wp-content\/uploads\/2020\/12\/31-extra-bmoberos-2.jpg?resize=350%2C200&ssl=1","width":350,"height":200,"srcset":"https:\/\/i0.wp.com\/www.hoymercedes.com.ar\/principal\/wp-content\/uploads\/2020\/12\/31-extra-bmoberos-2.jpg?resize=350%2C200&ssl=1 1x, https:\/\/i0.wp.com\/www.hoymercedes.com.ar\/principal\/wp-content\/uploads\/2020\/12\/31-extra-bmoberos-2.jpg?resize=525%2C300&ssl=1 1.5x, https:\/\/i0.wp.com\/www.hoymercedes.com.ar\/principal\/wp-content\/uploads\/2020\/12\/31-extra-bmoberos-2.jpg?resize=700%2C400&ssl=1 2x"},"classes":[]}],"_links":{"self":[{"href":"https:\/\/www.hoymercedes.com.ar\/principal\/wp-json\/wp\/v2\/posts\/78946","targetHints":{"allow":["GET"]}}],"collection":[{"href":"https:\/\/www.hoymercedes.com.ar\/principal\/wp-json\/wp\/v2\/posts"}],"about":[{"href":"https:\/\/www.hoymercedes.com.ar\/principal\/wp-json\/wp\/v2\/types\/post"}],"author":[{"embeddable":true,"href":"https:\/\/www.hoymercedes.com.ar\/principal\/wp-json\/wp\/v2\/users\/1"}],"replies":[{"embeddable":true,"href":"https:\/\/www.hoymercedes.com.ar\/principal\/wp-json\/wp\/v2\/comments?post=78946"}],"version-history":[{"count":0,"href":"https:\/\/www.hoymercedes.com.ar\/principal\/wp-json\/wp\/v2\/posts\/78946\/revisions"}],"wp:featuredmedia":[{"embeddable":true,"href":"https:\/\/www.hoymercedes.com.ar\/principal\/wp-json\/wp\/v2\/media\/78947"}],"wp:attachment":[{"href":"https:\/\/www.hoymercedes.com.ar\/principal\/wp-json\/wp\/v2\/media?parent=78946"}],"wp:term":[{"taxonomy":"category","embeddable":true,"href":"https:\/\/www.hoymercedes.com.ar\/principal\/wp-json\/wp\/v2\/categories?post=78946"},{"taxonomy":"post_tag","embeddable":true,"href":"https:\/\/www.hoymercedes.com.ar\/principal\/wp-json\/wp\/v2\/tags?post=78946"}],"curies":[{"name":"wp","href":"https:\/\/api.w.org\/{rel}","templated":true}]}}