{"id":78959,"date":"2018-07-24T17:30:14","date_gmt":"2018-07-24T20:30:14","guid":{"rendered":"http:\/\/www.hoymercedes.com.ar\/principal\/?p=78959"},"modified":"2018-07-24T16:58:31","modified_gmt":"2018-07-24T19:58:31","slug":"se-entregaron-certificados-del-programa-jovenes-con-mas-y-mejor-trabajao","status":"publish","type":"post","link":"https:\/\/www.hoymercedes.com.ar\/principal\/2018\/07\/24\/se-entregaron-certificados-del-programa-jovenes-con-mas-y-mejor-trabajao\/","title":{"rendered":"Se entregaron certificados del programa \u00abJ\u00f3venes con m\u00e1s y mejor trabajao"},"content":{"rendered":"<figure id=\"attachment_78961\" aria-describedby=\"caption-attachment-78961\" style=\"width: 620px\" class=\"wp-caption aligncenter\"><img loading=\"lazy\" decoding=\"async\" data-attachment-id=\"78961\" data-permalink=\"https:\/\/www.hoymercedes.com.ar\/principal\/2018\/07\/24\/se-entregaron-certificados-del-programa-jovenes-con-mas-y-mejor-trabajao\/capacitacion-certificados\/#main\" data-orig-file=\"https:\/\/www.hoymercedes.com.ar\/principal\/wp-content\/uploads\/2018\/07\/capacitacion-certificados.jpg\" data-orig-size=\"980,654\" data-comments-opened=\"0\" data-image-meta=\"{&quot;aperture&quot;:&quot;0&quot;,&quot;credit&quot;:&quot;&quot;,&quot;camera&quot;:&quot;&quot;,&quot;caption&quot;:&quot;&quot;,&quot;created_timestamp&quot;:&quot;0&quot;,&quot;copyright&quot;:&quot;&quot;,&quot;focal_length&quot;:&quot;0&quot;,&quot;iso&quot;:&quot;0&quot;,&quot;shutter_speed&quot;:&quot;0&quot;,&quot;title&quot;:&quot;&quot;,&quot;orientation&quot;:&quot;0&quot;}\" data-image-title=\"capacitacion-certificados\" data-image-description=\"\" data-image-caption=\"&lt;p&gt;J\u00f3venes m\u00e1s y mejor trabajo&lt;\/p&gt;\n\" data-large-file=\"https:\/\/www.hoymercedes.com.ar\/principal\/wp-content\/uploads\/2018\/07\/capacitacion-certificados.jpg\" class=\"size-medium wp-image-78961\" src=\"https:\/\/www.hoymercedes.com.ar\/principal\/wp-content\/uploads\/2018\/07\/capacitacion-certificados-630x420.jpg\" alt=\"\" width=\"630\" height=\"420\" srcset=\"https:\/\/www.hoymercedes.com.ar\/principal\/wp-content\/uploads\/2018\/07\/capacitacion-certificados-630x420.jpg 630w, https:\/\/www.hoymercedes.com.ar\/principal\/wp-content\/uploads\/2018\/07\/capacitacion-certificados-150x100.jpg 150w, https:\/\/www.hoymercedes.com.ar\/principal\/wp-content\/uploads\/2018\/07\/capacitacion-certificados.jpg 980w\" sizes=\"auto, (max-width: 630px) 100vw, 630px\" \/><figcaption id=\"caption-attachment-78961\" class=\"wp-caption-text\">J\u00f3venes m\u00e1s y mejor trabajo<\/figcaption><\/figure>\n<p>&nbsp;<\/p>\n<p>En el palacio Municipal se realiz\u00f3 la entrega de certificados a los integrantes del programa \u00abJ\u00f3venes con m\u00e1s y mejor trabajo\u00bb el cual brinda las herramientas necesarias para la b\u00fasqueda de un empleo, mediante un espacio de contenci\u00f3n y aprendizaje. Esta tarea formativa es impulsada desde Secretar\u00eda de Desarrollo Social Municipal, a trav\u00e9s de la Coordinaci\u00f3n de Pol\u00edticas Juveniles.<\/p>\n<p>Estuvieron presentes, el jefe de gabinete, Mat\u00edas Dematei, la secretaria de Desarrollo Social Municipal, Jorgelina silva, Eugenia C\u00f3dega, coordinadora de Pol\u00edticas Juveniles, profesores que estuvieron al frente de los diferentes cursos y los m\u00e1s de 30 alumnos que felizmente recibieron sus merecidos certificados.<\/p>\n<p>Mat\u00edas Dematei, jefe de gabinete, felicit\u00f3 a los j\u00f3venes y dijo \u201ccapacitarse para obtener su primer empleo es important\u00edsimo, sabemos que no es un momento f\u00e1cil para nuestro pa\u00eds, pero tenemos que estar preparados para lo que viene\u201d y se\u00f1al\u00f3 \u201ccreo que establecer pol\u00edticas de estado que capaciten a nuestros j\u00f3venes y les devuelvan la visi\u00f3n de futuro es el mejor camino\u201d.<\/p>\n<p>Y aprovech\u00f3 para felicitar \u201cpor todo el empuje, el compromiso y el trabajo realizado\u201d e inst\u00f3 \u201ca no bajar los brazos ante esta dura actualidad\u201d.<\/p>\n<p>Por su parte, la secretaria de Desarrollo Social Municipal, Jorgelina silva, subray\u00f3 \u201cpara m\u00ed es un orgullo, m\u00e1s all\u00e1 que hayan terminado este curso y cuenten hoy con las herramientas necesarias para la b\u00fasqueda de un empleo, lo importante es que ustedes sepan que pueden hacerlo. Que nadie nunca les diga que pueden o no lograr\u201d.<\/p>\n<p>Asimismo, Silva destac\u00f3 \u201cUstedes saben que se pueden superar y pueden ser mejores, la educaci\u00f3n es la v\u00eda, por eso aprovechen todas las oportunidades que se les presenten de estudiar y capacitarse\u201d.<\/p>\n<p>\u201cLa secretaria de Desarrollo Social est\u00e1 abierta, el Intendente Ustarroz siempre plantea que nuestro municipio es abierto y solidario, para lo que necesiten ac\u00e1 estamos\u201d enfatiz\u00f3 la Lic. Jorgelina Silva.<\/p>\n<p>La coordinadora de pol\u00edticas p\u00fablicas, Eugenia C\u00f3dega, resalt\u00f3 \u201cEste curso ser\u00e1 muy importante a la hora de ir a buscar un trabajo, porque los capacit\u00f3 con herramientas esenciales a la hora de buscar empleo\u201d y a\u00f1adi\u00f3 \u201cse ha formado un gran grupo humano, y espero que sepan que cuentan con nuestro apoyo si es que lo necesitan\u201d.<\/p>\n<p>Por otro lado, la coordina indic\u00f3 \u201calgunos de los temas tratados durante el curso fueron confecci\u00f3n de curriculum, entrevista Laboral, inform\u00e1tica, seguridad e higiene, leyes laborales\u201d y agreg\u00f3 \u201ccreemos que se han logrado saberes id\u00f3neos para poder afrontar de la mejor manera la b\u00fasqueda de empleo\u201d, narr\u00f3 Eugenia C\u00f3dega, coordinadora de Pol\u00edticas Juveniles.<\/p>\n<p>Al ser consultada, Eugenia C\u00f3dega, asegur\u00f3 \u201cen las pr\u00f3ximas semanas se dar\u00e1 inicio a un nuevo curso, ya los estaremos informando\u201d.<\/p>\n<p>A los interesados pueden consultar en la Secretar\u00eda de Desarrollo Social (26 y 47) todos los d\u00edas de 8 a 14 Hs en el \u00e1rea de Juventud.<\/p>\n<p>&nbsp;<\/p>\n<p>Info: Desarrollo Social<\/p>\n","protected":false},"excerpt":{"rendered":"<p>&nbsp; En el palacio Municipal se realiz\u00f3 la entrega de certificados a los integrantes del programa \u00abJ\u00f3venes con m\u00e1s y &#8230; <a title=\"Se entregaron certificados del programa \u00abJ\u00f3venes con m\u00e1s y mejor trabajao\" class=\"read-more\" href=\"https:\/\/www.hoymercedes.com.ar\/principal\/2018\/07\/24\/se-entregaron-certificados-del-programa-jovenes-con-mas-y-mejor-trabajao\/\" aria-label=\"Leer m\u00e1s sobre Se entregaron certificados del programa \u00abJ\u00f3venes con m\u00e1s y mejor trabajao\">Leer m\u00e1s<\/a><\/p>\n","protected":false},"author":1,"featured_media":78961,"comment_status":"closed","ping_status":"open","sticky":false,"template":"","format":"standard","meta":{"_monsterinsights_skip_tracking":false,"_monsterinsights_sitenote_active":false,"_monsterinsights_sitenote_note":"","_monsterinsights_sitenote_category":0,"jetpack_post_was_ever_published":false,"_jetpack_newsletter_access":"","_jetpack_dont_email_post_to_subs":false,"_jetpack_newsletter_tier_id":0,"_jetpack_memberships_contains_paywalled_content":false,"_jetpack_memberships_contains_paid_content":false,"footnotes":"","jetpack_publicize_message":"","jetpack_publicize_feature_enabled":true,"jetpack_social_post_already_shared":true,"jetpack_social_options":{"image_generator_settings":{"template":"highway","default_image_id":0,"font":"","enabled":false},"version":2},"_wpas_customize_per_network":false},"categories":[30],"tags":[8508,5473,3810,197,244],"class_list":["post-78959","post","type-post","status-publish","format-standard","has-post-thumbnail","hentry","category-municipio","tag-eugenia-codega","tag-jorgelina-silva","tag-matias-dematei","tag-municipalidad-de-mercedes","tag-municipio-2","generate-columns","tablet-grid-50","mobile-grid-100","grid-parent","grid-50"],"jetpack_publicize_connections":[],"jetpack_featured_media_url":"https:\/\/www.hoymercedes.com.ar\/principal\/wp-content\/uploads\/2018\/07\/capacitacion-certificados.jpg","wps_subtitle":"Desarrollo Social","jetpack_sharing_enabled":true,"jetpack-related-posts":[{"id":65624,"url":"https:\/\/www.hoymercedes.com.ar\/principal\/2017\/08\/05\/jovenes-empleo-y-formacion-como-eje-de-encuentro\/","url_meta":{"origin":78959,"position":0},"title":"J\u00f3venes, empleo y formaci\u00f3n como eje de encuentro","author":"hoymercedes","date":"5 agosto, 2017","format":false,"excerpt":"En el \u00e1mbito de la \u201cComplejo Cultural La Trocha\u201d casi 80 j\u00f3venes mercedinos fueron parte del encuentro convocado por la Coordinaci\u00f3n de Pol\u00edticas Juveniles y la Oficina de Empleo de nuestra ciudad. Se cont\u00f3 con la participaci\u00f3n del primer mandatario local, Juan Ignacio Ustarroz. Durante la tarde del \u00faltimo jueves\u2026","rel":"","context":"En \u00abMunicipio\u00bb","block_context":{"text":"Municipio","link":"https:\/\/www.hoymercedes.com.ar\/principal\/category\/municipio\/"},"img":{"alt_text":"","src":"https:\/\/i0.wp.com\/www.hoymercedes.com.ar\/principal\/wp-content\/uploads\/2017\/08\/05-muni-juventud-1.jpg?resize=350%2C200&ssl=1","width":350,"height":200,"srcset":"https:\/\/i0.wp.com\/www.hoymercedes.com.ar\/principal\/wp-content\/uploads\/2017\/08\/05-muni-juventud-1.jpg?resize=350%2C200&ssl=1 1x, https:\/\/i0.wp.com\/www.hoymercedes.com.ar\/principal\/wp-content\/uploads\/2017\/08\/05-muni-juventud-1.jpg?resize=525%2C300&ssl=1 1.5x"},"classes":[]},{"id":118235,"url":"https:\/\/www.hoymercedes.com.ar\/principal\/2020\/10\/09\/jovenes-terminaron-curso-introduccion-al-trabajo\/","url_meta":{"origin":78959,"position":1},"title":"J\u00f3venes terminaron curso Introducci\u00f3n al Trabajo","author":"hoymercedes","date":"9 octubre, 2020","format":false,"excerpt":"Se entregaron los certificados a los j\u00f3venes que finalizaron del nuevo curso de capacitaci\u00f3n efectuado por la Subdirecci\u00f3n de Juventud del Programa J\u00f3venes con M\u00e1s y Mejor Trabajo en la Secretar\u00eda de Desarrollo Social. \u00a0Veint\u00fan j\u00f3venes de entre 18 y 24 a\u00f1os de edad finalizaron el Curso de Introducci\u00f3n al\u2026","rel":"","context":"En \u00abMunicipio\u00bb","block_context":{"text":"Municipio","link":"https:\/\/www.hoymercedes.com.ar\/principal\/category\/municipio\/"},"img":{"alt_text":"","src":"https:\/\/i0.wp.com\/www.hoymercedes.com.ar\/principal\/wp-content\/uploads\/2020\/10\/Curso-2.jpeg?resize=350%2C200&ssl=1","width":350,"height":200,"srcset":"https:\/\/i0.wp.com\/www.hoymercedes.com.ar\/principal\/wp-content\/uploads\/2020\/10\/Curso-2.jpeg?resize=350%2C200&ssl=1 1x, https:\/\/i0.wp.com\/www.hoymercedes.com.ar\/principal\/wp-content\/uploads\/2020\/10\/Curso-2.jpeg?resize=525%2C300&ssl=1 1.5x, https:\/\/i0.wp.com\/www.hoymercedes.com.ar\/principal\/wp-content\/uploads\/2020\/10\/Curso-2.jpeg?resize=700%2C400&ssl=1 2x"},"classes":[]},{"id":73210,"url":"https:\/\/www.hoymercedes.com.ar\/principal\/2018\/03\/06\/finalizo-y-entregaron-certificados-en-el-taller-de-verano-a-jovenes-del-programa-mas-y-mejor-trabajo\/","url_meta":{"origin":78959,"position":2},"title":"Finaliz\u00f3 y entregaron certificados en el taller de verano a j\u00f3venes del programa \u201cm\u00e1s y mejor trabajo\u201d","author":"hoymercedes","date":"6 marzo, 2018","format":false,"excerpt":"Desde la direcci\u00f3n de producci\u00f3n, del Municipio de Mercedes, que dirige el ingeniero agr\u00f3nomo Marcelo Den\u00e1pole, se entregaron certificados del programa \u201cJ\u00f3venes con m\u00e1s y mejor trabajo\u201d. Este curso fue llevado adelante por la oficina de empleo juntamente con la Coordinaci\u00f3n de Pol\u00edticas Juveniles a cargo de Eugenia C\u00f3dega. \u201cSe\u2026","rel":"","context":"En \u00abMunicipio\u00bb","block_context":{"text":"Municipio","link":"https:\/\/www.hoymercedes.com.ar\/principal\/category\/municipio\/"},"img":{"alt_text":"","src":"https:\/\/i0.wp.com\/www.hoymercedes.com.ar\/principal\/wp-content\/uploads\/2018\/03\/certificados-trabajo.jpg?resize=350%2C200&ssl=1","width":350,"height":200,"srcset":"https:\/\/i0.wp.com\/www.hoymercedes.com.ar\/principal\/wp-content\/uploads\/2018\/03\/certificados-trabajo.jpg?resize=350%2C200&ssl=1 1x, https:\/\/i0.wp.com\/www.hoymercedes.com.ar\/principal\/wp-content\/uploads\/2018\/03\/certificados-trabajo.jpg?resize=525%2C300&ssl=1 1.5x, https:\/\/i0.wp.com\/www.hoymercedes.com.ar\/principal\/wp-content\/uploads\/2018\/03\/certificados-trabajo.jpg?resize=700%2C400&ssl=1 2x"},"classes":[]},{"id":77249,"url":"https:\/\/www.hoymercedes.com.ar\/principal\/2018\/06\/13\/hubo-capacitacion-en-el-programa-jovenes-con-mas-y-mejor-trabajo\/","url_meta":{"origin":78959,"position":3},"title":"Hubo capacitaci\u00f3n en el programa \u00abJ\u00f3venes con M\u00e1s y Mejor Trabajo\u00bb","author":"hoymercedes","date":"13 junio, 2018","format":false,"excerpt":"Contin\u00faa la tarea formativa y de acercamiento de herramientas para poder enfrentar mejor la realidad. Desde la Coordinaci\u00f3n de Pol\u00edticas Juveniles cada semana se efect\u00faan nuevas acciones en las que los j\u00f3venes reciben capacitaci\u00f3n laborar. Se trata de un beneficio para mercedinos de 18 a 24 a\u00f1os. Es una tarea\u2026","rel":"","context":"En \u00abMunicipio\u00bb","block_context":{"text":"Municipio","link":"https:\/\/www.hoymercedes.com.ar\/principal\/category\/municipio\/"},"img":{"alt_text":"","src":"https:\/\/i0.wp.com\/www.hoymercedes.com.ar\/principal\/wp-content\/uploads\/2018\/06\/13-jovenes-muni.jpg?resize=350%2C200&ssl=1","width":350,"height":200,"srcset":"https:\/\/i0.wp.com\/www.hoymercedes.com.ar\/principal\/wp-content\/uploads\/2018\/06\/13-jovenes-muni.jpg?resize=350%2C200&ssl=1 1x, https:\/\/i0.wp.com\/www.hoymercedes.com.ar\/principal\/wp-content\/uploads\/2018\/06\/13-jovenes-muni.jpg?resize=525%2C300&ssl=1 1.5x, https:\/\/i0.wp.com\/www.hoymercedes.com.ar\/principal\/wp-content\/uploads\/2018\/06\/13-jovenes-muni.jpg?resize=700%2C400&ssl=1 2x"},"classes":[]},{"id":60224,"url":"https:\/\/www.hoymercedes.com.ar\/principal\/2017\/03\/02\/inician-capacitacion-en-programa-jovenes-con-mas-y-mejor-trabajo\/","url_meta":{"origin":78959,"position":4},"title":"Inician capacitaci\u00f3n en Programa \u00abJ\u00f3venes con M\u00e1s y Mejor Trabajo\u00bb","author":"hoymercedes","date":"2 marzo, 2017","format":false,"excerpt":"Durante esta semana, a trav\u00e9s del Programa \u201cJ\u00f3venes con m\u00e1s y Mejor Trabajo\u201d, el cual capacita y apoya a los j\u00f3venes en la b\u00fasqueda de un empleo, se dio comienzo a los primeros \"Entrenamientos para el Trabajo\u201d . Desde las \u00e1reas municipales de Juventud y Empleo destacaron que la empresa\u2026","rel":"","context":"En \u00abMunicipio\u00bb","block_context":{"text":"Municipio","link":"https:\/\/www.hoymercedes.com.ar\/principal\/category\/municipio\/"},"img":{"alt_text":"","src":"https:\/\/i0.wp.com\/www.hoymercedes.com.ar\/principal\/wp-content\/uploads\/2017\/03\/02-muni-juventud.jpg?resize=350%2C200&ssl=1","width":350,"height":200,"srcset":"https:\/\/i0.wp.com\/www.hoymercedes.com.ar\/principal\/wp-content\/uploads\/2017\/03\/02-muni-juventud.jpg?resize=350%2C200&ssl=1 1x, https:\/\/i0.wp.com\/www.hoymercedes.com.ar\/principal\/wp-content\/uploads\/2017\/03\/02-muni-juventud.jpg?resize=525%2C300&ssl=1 1.5x"},"classes":[]},{"id":80245,"url":"https:\/\/www.hoymercedes.com.ar\/principal\/2018\/08\/24\/proyecto-juvenil-solidario-municipal-recibe-premio-a-nivel-provincial\/","url_meta":{"origin":78959,"position":5},"title":"Proyecto juvenil solidario municipal recibe premio a nivel provincial","author":"hoymercedes","date":"24 agosto, 2018","format":false,"excerpt":"La Cocina solidaria municipal, donde se desarrollan diferentes programas que nuclean a j\u00f3venes de nuestra ciudad, fue reconocido y galardonado por la Direcci\u00f3n de Juventud de la provincia de Buenos Aires. El premio \u201cImpulso Joven Emprende\u201d fue otorgado al proyecto de Panader\u00eda Comunitaria Juvenil \u201cLos Pibes\u201d. La misma funciona en\u2026","rel":"","context":"En \u00abMunicipio\u00bb","block_context":{"text":"Municipio","link":"https:\/\/www.hoymercedes.com.ar\/principal\/category\/municipio\/"},"img":{"alt_text":"","src":"https:\/\/i0.wp.com\/www.hoymercedes.com.ar\/principal\/wp-content\/uploads\/2018\/08\/juventud-3.jpg?resize=350%2C200&ssl=1","width":350,"height":200,"srcset":"https:\/\/i0.wp.com\/www.hoymercedes.com.ar\/principal\/wp-content\/uploads\/2018\/08\/juventud-3.jpg?resize=350%2C200&ssl=1 1x, https:\/\/i0.wp.com\/www.hoymercedes.com.ar\/principal\/wp-content\/uploads\/2018\/08\/juventud-3.jpg?resize=525%2C300&ssl=1 1.5x, https:\/\/i0.wp.com\/www.hoymercedes.com.ar\/principal\/wp-content\/uploads\/2018\/08\/juventud-3.jpg?resize=700%2C400&ssl=1 2x"},"classes":[]}],"_links":{"self":[{"href":"https:\/\/www.hoymercedes.com.ar\/principal\/wp-json\/wp\/v2\/posts\/78959","targetHints":{"allow":["GET"]}}],"collection":[{"href":"https:\/\/www.hoymercedes.com.ar\/principal\/wp-json\/wp\/v2\/posts"}],"about":[{"href":"https:\/\/www.hoymercedes.com.ar\/principal\/wp-json\/wp\/v2\/types\/post"}],"author":[{"embeddable":true,"href":"https:\/\/www.hoymercedes.com.ar\/principal\/wp-json\/wp\/v2\/users\/1"}],"replies":[{"embeddable":true,"href":"https:\/\/www.hoymercedes.com.ar\/principal\/wp-json\/wp\/v2\/comments?post=78959"}],"version-history":[{"count":0,"href":"https:\/\/www.hoymercedes.com.ar\/principal\/wp-json\/wp\/v2\/posts\/78959\/revisions"}],"wp:featuredmedia":[{"embeddable":true,"href":"https:\/\/www.hoymercedes.com.ar\/principal\/wp-json\/wp\/v2\/media\/78961"}],"wp:attachment":[{"href":"https:\/\/www.hoymercedes.com.ar\/principal\/wp-json\/wp\/v2\/media?parent=78959"}],"wp:term":[{"taxonomy":"category","embeddable":true,"href":"https:\/\/www.hoymercedes.com.ar\/principal\/wp-json\/wp\/v2\/categories?post=78959"},{"taxonomy":"post_tag","embeddable":true,"href":"https:\/\/www.hoymercedes.com.ar\/principal\/wp-json\/wp\/v2\/tags?post=78959"}],"curies":[{"name":"wp","href":"https:\/\/api.w.org\/{rel}","templated":true}]}}