{"id":78964,"date":"2018-07-24T11:53:27","date_gmt":"2018-07-24T14:53:27","guid":{"rendered":"http:\/\/www.hoymercedes.com.ar\/principal\/?p=78964"},"modified":"2018-07-24T14:34:46","modified_gmt":"2018-07-24T17:34:46","slug":"docentes-utilizaron-la-banca-en-el-hcd-buscando-adhesion-contra-reforma-en-tecnicas","status":"publish","type":"post","link":"https:\/\/www.hoymercedes.com.ar\/principal\/2018\/07\/24\/docentes-utilizaron-la-banca-en-el-hcd-buscando-adhesion-contra-reforma-en-tecnicas\/","title":{"rendered":"Docentes buscaron adhesi\u00f3n contra la reforma en Escuelas T\u00e9cnicas"},"content":{"rendered":"<p>En la sesi\u00f3n ordinaria del lunes a la noche, representantes del Frente de Unidad Docente (FUD) se hicieron presentes en el recinto con el objetivo de hacer uso de la banca participativa. Silvia Gandolfi (UEB Mercedes) y Fabi\u00e1n D\u00edaz (SUETBA Mercedes) expresaron la oposici\u00f3n de los docentes a las reformas en las escuelas dependiente de la provincia, principalmente al proyecto que est\u00e1 en consulta sobre modificaciones en la secundaria t\u00e9cnica.<\/p>\n<p><img loading=\"lazy\" decoding=\"async\" data-attachment-id=\"78966\" data-permalink=\"https:\/\/www.hoymercedes.com.ar\/principal\/2018\/07\/24\/docentes-utilizaron-la-banca-en-el-hcd-buscando-adhesion-contra-reforma-en-tecnicas\/24-docentes-banca-hcd-2\/#main\" data-orig-file=\"https:\/\/www.hoymercedes.com.ar\/principal\/wp-content\/uploads\/2018\/07\/24-docentes-banca-hcd-2.jpg\" data-orig-size=\"750,500\" data-comments-opened=\"0\" data-image-meta=\"{&quot;aperture&quot;:&quot;4.5&quot;,&quot;credit&quot;:&quot;&quot;,&quot;camera&quot;:&quot;NIKON D3100&quot;,&quot;caption&quot;:&quot;&quot;,&quot;created_timestamp&quot;:&quot;1532375884&quot;,&quot;copyright&quot;:&quot;&quot;,&quot;focal_length&quot;:&quot;35&quot;,&quot;iso&quot;:&quot;3200&quot;,&quot;shutter_speed&quot;:&quot;0.02&quot;,&quot;title&quot;:&quot;&quot;,&quot;orientation&quot;:&quot;1&quot;}\" data-image-title=\"24 docentes banca hcd 2\" data-image-description=\"\" data-image-caption=\"\" data-large-file=\"https:\/\/www.hoymercedes.com.ar\/principal\/wp-content\/uploads\/2018\/07\/24-docentes-banca-hcd-2.jpg\" class=\"aligncenter size-medium wp-image-78966\" src=\"https:\/\/www.hoymercedes.com.ar\/principal\/wp-content\/uploads\/2018\/07\/24-docentes-banca-hcd-2-630x420.jpg\" alt=\"\" width=\"630\" height=\"420\" srcset=\"https:\/\/www.hoymercedes.com.ar\/principal\/wp-content\/uploads\/2018\/07\/24-docentes-banca-hcd-2-630x420.jpg 630w, https:\/\/www.hoymercedes.com.ar\/principal\/wp-content\/uploads\/2018\/07\/24-docentes-banca-hcd-2-150x100.jpg 150w, https:\/\/www.hoymercedes.com.ar\/principal\/wp-content\/uploads\/2018\/07\/24-docentes-banca-hcd-2.jpg 750w\" sizes=\"auto, (max-width: 630px) 100vw, 630px\" \/><\/p>\n<p>Sentados en las bancas de los Concejales, los referentes gremiales dieron cuenta del proyecto que circula en las escuelas que tiene como fin modificar y reducir las horas dictadas en las escuelas t\u00e9cnicas sacando materias troncales y achicando la carga de los talleres.<\/p>\n<p>El objetivo de la exposici\u00f3n era que los legisladores acompa\u00f1en el rechazo a la propuesta de la Direcci\u00f3n General de Escuelas. El pedido fue ingresado al Concejo Deliberante que ser\u00e1 tratado en las reuniones de comisi\u00f3n a partir de esta semana.<\/p>\n<p>&nbsp;<\/p>\n<p><strong>Paritaria salarial<\/strong><\/p>\n<p>Este mismo lunes, los representantes gremiales a nivel provincial mantuvieron un encuentro con funcionarios del gobierno bonaerense. All\u00ed se present\u00f3 una nueva propuesta salarial, la octava.Una propuesta que volvi\u00f3 a ser en dos etapas: una de enero a julio y otra desde agosto a diciembre. Siendo del 5%, 8% , 10%, 13% y 15 % por enero, marzo, mayo, junio y julio respectivamente, tomando como base el b\u00e1sico de diciembre de 2017.<\/p>\n<p>Los gremios presentes rechazaron la propuesta salarial, exigieron una nueva convocatoria y una mejor\u00eda en la oferta que supere las planteadas los encuentros anteriores.<\/p>\n","protected":false},"excerpt":{"rendered":"<p>En la sesi\u00f3n ordinaria del lunes a la noche, representantes del Frente de Unidad Docente (FUD) se hicieron presentes en &#8230; <a title=\"Docentes buscaron adhesi\u00f3n contra la reforma en Escuelas T\u00e9cnicas\" class=\"read-more\" href=\"https:\/\/www.hoymercedes.com.ar\/principal\/2018\/07\/24\/docentes-utilizaron-la-banca-en-el-hcd-buscando-adhesion-contra-reforma-en-tecnicas\/\" aria-label=\"Leer m\u00e1s sobre Docentes buscaron adhesi\u00f3n contra la reforma en Escuelas T\u00e9cnicas\">Leer m\u00e1s<\/a><\/p>\n","protected":false},"author":1,"featured_media":78965,"comment_status":"closed","ping_status":"open","sticky":false,"template":"","format":"standard","meta":{"_monsterinsights_skip_tracking":false,"_monsterinsights_sitenote_active":false,"_monsterinsights_sitenote_note":"","_monsterinsights_sitenote_category":0,"jetpack_post_was_ever_published":false,"_jetpack_newsletter_access":"","_jetpack_dont_email_post_to_subs":false,"_jetpack_newsletter_tier_id":0,"_jetpack_memberships_contains_paywalled_content":false,"_jetpack_memberships_contains_paid_content":false,"footnotes":"","jetpack_publicize_message":"","jetpack_publicize_feature_enabled":true,"jetpack_social_post_already_shared":true,"jetpack_social_options":{"image_generator_settings":{"template":"highway","default_image_id":0,"font":"","enabled":false},"version":2},"_wpas_customize_per_network":false},"categories":[5],"tags":[6372,484,47,100],"class_list":["post-78964","post","type-post","status-publish","format-standard","has-post-thumbnail","hentry","category-politica","tag-banca-participativa","tag-docentes","tag-educacion-2","tag-reclamo","generate-columns","tablet-grid-50","mobile-grid-100","grid-parent","grid-50"],"jetpack_publicize_connections":[],"jetpack_featured_media_url":"https:\/\/www.hoymercedes.com.ar\/principal\/wp-content\/uploads\/2018\/07\/24-docentes-banca-hcd-1.jpg","wps_subtitle":"Sesi\u00f3n HCD","jetpack_sharing_enabled":true,"jetpack-related-posts":[{"id":60672,"url":"https:\/\/www.hoymercedes.com.ar\/principal\/2017\/03\/14\/docentes-denunciaron-persecucion-del-ministerio-de-trabajo\/","url_meta":{"origin":78964,"position":0},"title":"Docentes denunciaron persecuci\u00f3n del Ministerio de Trabajo","author":"hoymercedes","date":"14 marzo, 2017","format":false,"excerpt":"Minutos antes del mediod\u00eda de este martes 14 de marzo, en el marco de la sesi\u00f3n extraordinaria del Concejo Deliberante de Mercedes, los gremios docentes de la ciudad se hicieron presentes en el recinto con el fin de hacer uso de la banca participativa y denunciar persecuci\u00f3n por parte el\u2026","rel":"","context":"En \u00abEducaci\u00f3n\u00bb","block_context":{"text":"Educaci\u00f3n","link":"https:\/\/www.hoymercedes.com.ar\/principal\/category\/educacion\/"},"img":{"alt_text":"","src":"https:\/\/i0.wp.com\/www.hoymercedes.com.ar\/principal\/wp-content\/uploads\/2017\/03\/14-docentes-HCD.jpg?resize=350%2C200&ssl=1","width":350,"height":200,"srcset":"https:\/\/i0.wp.com\/www.hoymercedes.com.ar\/principal\/wp-content\/uploads\/2017\/03\/14-docentes-HCD.jpg?resize=350%2C200&ssl=1 1x, https:\/\/i0.wp.com\/www.hoymercedes.com.ar\/principal\/wp-content\/uploads\/2017\/03\/14-docentes-HCD.jpg?resize=525%2C300&ssl=1 1.5x"},"classes":[]},{"id":52862,"url":"https:\/\/www.hoymercedes.com.ar\/principal\/2016\/07\/26\/suteba-pidio-adhesion-para-incrementar-el-pbi-para-educacion\/","url_meta":{"origin":78964,"position":1},"title":"SUTEBA pidi\u00f3 adhesi\u00f3n para incrementar el PBI para educaci\u00f3n","author":"hoymercedes","date":"26 julio, 2016","format":false,"excerpt":"Haciendo uso de la banca participativa, el Secretario General de SUTEBA Mercedes, Fabi\u00e1n D\u00edaz, le pidi\u00f3 a los concejales de la ciudad que adhieran al pedido que el gremio a nivel provincial est\u00e1 haciendo para aumentar el PBI destinado a educaci\u00f3n. Los gremios docentes nucleados en CTERA pide una nueva\u2026","rel":"","context":"En \u00abEducaci\u00f3n\u00bb","block_context":{"text":"Educaci\u00f3n","link":"https:\/\/www.hoymercedes.com.ar\/principal\/category\/educacion\/"},"img":{"alt_text":"","src":"https:\/\/i0.wp.com\/www.hoymercedes.com.ar\/principal\/wp-content\/uploads\/2016\/07\/26-banca-HCD.jpg?resize=350%2C200&ssl=1","width":350,"height":200,"srcset":"https:\/\/i0.wp.com\/www.hoymercedes.com.ar\/principal\/wp-content\/uploads\/2016\/07\/26-banca-HCD.jpg?resize=350%2C200&ssl=1 1x, https:\/\/i0.wp.com\/www.hoymercedes.com.ar\/principal\/wp-content\/uploads\/2016\/07\/26-banca-HCD.jpg?resize=525%2C300&ssl=1 1.5x"},"classes":[]},{"id":57624,"url":"https:\/\/www.hoymercedes.com.ar\/principal\/2016\/11\/30\/la-banca-participativa-fue-usada-por-estudiantes-secundarios\/","url_meta":{"origin":78964,"position":2},"title":"La banca participativa fue usada por estudiantes secundarios","author":"hoymercedes","date":"30 noviembre, 2016","format":false,"excerpt":"Cuatro cursos de tres escuelas de nivel secundario hicieron uso de la banca participativa del Concejo Deliberante con el objetivo de presentar ante los\u00a0legisladores locales los proyectos armados en el marco de la\u00a0propuesta legislativa para que las escuelas vayan al Concejo. En esta\u00a0oportunidad con proyectos sobre medio ambiente tal lo\u2026","rel":"","context":"En \u00abEducaci\u00f3n\u00bb","block_context":{"text":"Educaci\u00f3n","link":"https:\/\/www.hoymercedes.com.ar\/principal\/category\/educacion\/"},"img":{"alt_text":"","src":"https:\/\/i0.wp.com\/www.hoymercedes.com.ar\/principal\/wp-content\/uploads\/2016\/11\/30-banca-secundarios-3.jpg?resize=350%2C200&ssl=1","width":350,"height":200,"srcset":"https:\/\/i0.wp.com\/www.hoymercedes.com.ar\/principal\/wp-content\/uploads\/2016\/11\/30-banca-secundarios-3.jpg?resize=350%2C200&ssl=1 1x, https:\/\/i0.wp.com\/www.hoymercedes.com.ar\/principal\/wp-content\/uploads\/2016\/11\/30-banca-secundarios-3.jpg?resize=525%2C300&ssl=1 1.5x"},"classes":[]},{"id":66646,"url":"https:\/\/www.hoymercedes.com.ar\/principal\/2017\/09\/02\/entregan-elementos-de-robotica-a-las-escuelas-tecnicas-bonaerenses\/","url_meta":{"origin":78964,"position":3},"title":"Entregan elementos de rob\u00f3tica a las escuelas t\u00e9cnicas bonaerenses","author":"hoymercedes","date":"2 septiembre, 2017","format":false,"excerpt":"En el marco del \u00a0Programa de Rob\u00f3tica y tecnolog\u00eda para Educar, la Subsecretaria de Tecnolog\u00eda e Innovaci\u00f3n a cargo del Ing. Fernando Lapolla, del Ministerio de Ciencia, Tecnolog\u00eda e innovaci\u00f3n, entreg\u00f3 el pasado mi\u00e9rcoles \u00a0kits de rob\u00f3tica de producci\u00f3n nacional a 29 escuelas de Educaci\u00f3n T\u00e9cnica de la Provincia de\u2026","rel":"","context":"En \u00abPol\u00edtica\u00bb","block_context":{"text":"Pol\u00edtica","link":"https:\/\/www.hoymercedes.com.ar\/principal\/category\/politica\/"},"img":{"alt_text":"","src":"https:\/\/i0.wp.com\/www.hoymercedes.com.ar\/principal\/wp-content\/uploads\/2017\/09\/01-produccion-provi-2.jpg?resize=350%2C200&ssl=1","width":350,"height":200,"srcset":"https:\/\/i0.wp.com\/www.hoymercedes.com.ar\/principal\/wp-content\/uploads\/2017\/09\/01-produccion-provi-2.jpg?resize=350%2C200&ssl=1 1x, https:\/\/i0.wp.com\/www.hoymercedes.com.ar\/principal\/wp-content\/uploads\/2017\/09\/01-produccion-provi-2.jpg?resize=525%2C300&ssl=1 1.5x"},"classes":[]},{"id":63838,"url":"https:\/\/www.hoymercedes.com.ar\/principal\/2017\/06\/14\/distinguieron-a-escuelas-secundarias-participantes-de-proyectos-ambientales\/","url_meta":{"origin":78964,"position":4},"title":"Distinguieron a escuelas secundarias participantes de proyectos ambientales","author":"hoymercedes","date":"14 junio, 2017","format":false,"excerpt":"En el marco de la sesi\u00f3n del Concejo Deliberante realizada este lunes 12 de junio, se aprovech\u00f3 la oportunidad para distinguir a los alumnos y estudiantes que participaron del proyecto \u201cCuidemos el Ambiente Mercedino\u201d realizado durante el 2016. Los alumnos y docentes de las escuelas Secundaria N\u00b0 5 (Normal), Secundaria\u2026","rel":"","context":"En \u00abEducaci\u00f3n\u00bb","block_context":{"text":"Educaci\u00f3n","link":"https:\/\/www.hoymercedes.com.ar\/principal\/category\/educacion\/"},"img":{"alt_text":"","src":"https:\/\/i0.wp.com\/www.hoymercedes.com.ar\/principal\/wp-content\/uploads\/2017\/06\/14-distincion-escuela-normal.jpg?resize=350%2C200&ssl=1","width":350,"height":200,"srcset":"https:\/\/i0.wp.com\/www.hoymercedes.com.ar\/principal\/wp-content\/uploads\/2017\/06\/14-distincion-escuela-normal.jpg?resize=350%2C200&ssl=1 1x, https:\/\/i0.wp.com\/www.hoymercedes.com.ar\/principal\/wp-content\/uploads\/2017\/06\/14-distincion-escuela-normal.jpg?resize=525%2C300&ssl=1 1.5x"},"classes":[]},{"id":97026,"url":"https:\/\/www.hoymercedes.com.ar\/principal\/2019\/07\/24\/auxiliares-de-educacion-piden-que-se-declare-dia-de-defensa-de-la-escuela-digna-y-segura\/","url_meta":{"origin":78964,"position":5},"title":"Auxiliares de educaci\u00f3n piden que se declare \u201cD\u00eda de Defensa de la Escuela Digna y Segura\u201d","author":"hoymercedes","date":"24 julio, 2019","format":false,"excerpt":"La fecha propuesta es para el 2 de agosto, fecha en que se cumple un a\u00f1o de la explosi\u00f3n por gas en una escuela de Moreno donde fallecen una docente y un auxiliar. En banca participativa la auxiliar Andrea Scasso se refiri\u00f3 a la falta de gas en algunas escuelas.\u2026","rel":"","context":"En \u00abPol\u00edtica\u00bb","block_context":{"text":"Pol\u00edtica","link":"https:\/\/www.hoymercedes.com.ar\/principal\/category\/politica\/"},"img":{"alt_text":"","src":"https:\/\/i0.wp.com\/www.hoymercedes.com.ar\/principal\/wp-content\/uploads\/2019\/07\/24-banca-hcd-1.jpg?resize=350%2C200&ssl=1","width":350,"height":200,"srcset":"https:\/\/i0.wp.com\/www.hoymercedes.com.ar\/principal\/wp-content\/uploads\/2019\/07\/24-banca-hcd-1.jpg?resize=350%2C200&ssl=1 1x, https:\/\/i0.wp.com\/www.hoymercedes.com.ar\/principal\/wp-content\/uploads\/2019\/07\/24-banca-hcd-1.jpg?resize=525%2C300&ssl=1 1.5x, https:\/\/i0.wp.com\/www.hoymercedes.com.ar\/principal\/wp-content\/uploads\/2019\/07\/24-banca-hcd-1.jpg?resize=700%2C400&ssl=1 2x"},"classes":[]}],"_links":{"self":[{"href":"https:\/\/www.hoymercedes.com.ar\/principal\/wp-json\/wp\/v2\/posts\/78964","targetHints":{"allow":["GET"]}}],"collection":[{"href":"https:\/\/www.hoymercedes.com.ar\/principal\/wp-json\/wp\/v2\/posts"}],"about":[{"href":"https:\/\/www.hoymercedes.com.ar\/principal\/wp-json\/wp\/v2\/types\/post"}],"author":[{"embeddable":true,"href":"https:\/\/www.hoymercedes.com.ar\/principal\/wp-json\/wp\/v2\/users\/1"}],"replies":[{"embeddable":true,"href":"https:\/\/www.hoymercedes.com.ar\/principal\/wp-json\/wp\/v2\/comments?post=78964"}],"version-history":[{"count":0,"href":"https:\/\/www.hoymercedes.com.ar\/principal\/wp-json\/wp\/v2\/posts\/78964\/revisions"}],"wp:featuredmedia":[{"embeddable":true,"href":"https:\/\/www.hoymercedes.com.ar\/principal\/wp-json\/wp\/v2\/media\/78965"}],"wp:attachment":[{"href":"https:\/\/www.hoymercedes.com.ar\/principal\/wp-json\/wp\/v2\/media?parent=78964"}],"wp:term":[{"taxonomy":"category","embeddable":true,"href":"https:\/\/www.hoymercedes.com.ar\/principal\/wp-json\/wp\/v2\/categories?post=78964"},{"taxonomy":"post_tag","embeddable":true,"href":"https:\/\/www.hoymercedes.com.ar\/principal\/wp-json\/wp\/v2\/tags?post=78964"}],"curies":[{"name":"wp","href":"https:\/\/api.w.org\/{rel}","templated":true}]}}