{"id":78973,"date":"2018-07-24T15:25:57","date_gmt":"2018-07-24T18:25:57","guid":{"rendered":"http:\/\/www.hoymercedes.com.ar\/principal\/?p=78973"},"modified":"2018-07-24T15:19:50","modified_gmt":"2018-07-24T18:19:50","slug":"queremos-justicia-para-sofia-y-cupo-laboral-trans-para-todas","status":"publish","type":"post","link":"https:\/\/www.hoymercedes.com.ar\/principal\/2018\/07\/24\/queremos-justicia-para-sofia-y-cupo-laboral-trans-para-todas\/","title":{"rendered":"\u201cQueremos Justicia para Sof\u00eda y cupo laboral trans para todas\u00bb"},"content":{"rendered":"<p>A trav\u00e9s de una comunicaci\u00f3n enviada a los medios de comunicaci\u00f3n de la ciudad, Partido Obrero Mercedes, el Plenario de Trabajadoras, y la Agrupaci\u00f3n LGBTI 1969 responde a la informaci\u00f3n brindada por el gobierno municipal sobre \u201c<a href=\"https:\/\/www.hoymercedes.com.ar\/principal\/2018\/07\/19\/proyectan-encuentro-de-la-comunidad-lgbt\/\" target=\"_blank\" rel=\"noopener\">trabajos en t\u00e9rminos de g\u00e9nero y diversidad sexual<\/a>\u201d donde se convoca a la comunidad LGBT para\u00a0el 25 de julio con la intenci\u00f3n, dicen, de \u201cjuntarnos a hablar (\u2026) ver qu\u00e9 inquietudes tienen y que ideas surgen\u201d.<\/p>\n<p>En la comunicaci\u00f3n el Partido Obrero Mercedes, el Plenario de Trabajadoras y la Agrupaci\u00f3n LGBTI 1969, expresan:<\/p>\n<p>\u201cLa iniciativa no es un rayo en el cielo sereno, surge en el momento en que organizaciones LGBTI y de mujeres junto a la madre de Sof\u00eda Santill\u00e1n plantean reanudar la movilizaci\u00f3n por el esclarecimiento del asesinato. Pero el apuro del municipio no es \u201cpoder generar estos espacios\u201d. Desde el asesinato de Sof\u00eda paso m\u00e1s de un a\u00f1o y medio y si bien la lucha LGBTI no se inici\u00f3 con su muerte, si es cierto que fue lo que \u201cvisibiliz\u00f3\u201d en nuestra ciudad la situaci\u00f3n de los tranfemicidios y discriminaci\u00f3n a toda una minor\u00eda sexual presente en nuestra sociedad.\u00a0Desde este hecho a la fecha se han llevado a cabo una serie de movilizaciones, reuniones, investigaciones y \u00a0acciones tendientes a\u00a0 organizar la lucha en dos aspectos : A) El esclarecimiento en el caso Sof\u00eda Santill\u00e1n y B) Trabajo genuino para las chicas trans a partir del cupo laboral, proyecto presentado por la Asamblea LGBTI junto al Partido Obrero local.\u00a0La organizaci\u00f3n de un movimiento \u00a0que denuncia un transfemicidio, que reclama justicia y que exige la implementaci\u00f3n del cupo laboral en nuestra ciudad, no puede iniciar \u00a0desde cero, debe\u00a0 partir de analizar los hechos y la actuaci\u00f3n de las instituciones y los actores pol\u00edticos-sociales que intervinieron en el contexto\u201d.<\/p>\n<p>\u201c<strong>El Estado es Responsable<\/strong>: El movimiento LGBTI (no es una organizaci\u00f3n como dice la coordinadora Guadalupe Gonz\u00e1lez) nace y se desarrolla a contrapelo del Estado, es decir a contrapelo de la organizaci\u00f3n real de todo el andamiaje jur\u00eddico que ordena las relaciones\u00a0 sociales, los principios y normas morales en la sociedad. El movimiento LGBTI ha dado grandes pasos, estableciendo limitaciones con el Estado que act\u00faa como perseguidor de los y las chicas trans, gays, lesbianas, etc. \u00bfC\u00f3mo?: estructurando un sistema educativo discriminador, persiguiendo a las minor\u00edas sexuales en los lugares de trabajo, neg\u00e1ndoles el acceso a un trabajo, \u201cechando\u201d sobre las\/los Compa\u00f1eros\/ras (y sus cuerpos) a las fuerzas represivas (polic\u00eda). Los \u00faltimos 40 a\u00f1os han sido de lucha. Hace poco se conmemor\u00f3 un aniversario de las revueltas de Stoneweall en New York, \u00edcono del movimiento LGBTI, ly las experiencias que en Mercedes se fueron desarrollando son un capital invaluable para el acervo de la construcci\u00f3n de un movimiento, que arranc\u00f3 una serie de derechos bajo un r\u00e9gimen social que explota doblemente a las mujeres, lesbianas, gays, trans y travestis\u201d, agregan<\/p>\n<p><strong>\u201cQueremos Justicia para Sof\u00eda y cupo laboral trans para todas:<\/strong> A lo largo de este tiempo en Mercedes hemos: marchado frente al asesinato de Sof\u00eda Santill\u00e1n; puesto en pie la Asamblea LGBTI; presentado el proyecto Cupo laboral trans. \u00bfAcaso el municipio no est\u00e1 al tanto de esto y necesita \u201cver que inquietudes tienen\u201d? Como en el futbol, el municipio est\u00e1 en \u201corsay\u201d y quiere \u201ctirar la pelota afuera\u201d. La convocatoria, dec\u00edamos, no busca organizar a las\/los compa\u00f1eros\/ras, ni conocer sus inquietudes, sino inmiscuir al Estado municipal en la organizaci\u00f3n independiente LGBTI. \u00a0El hecho de que el concejo deliberante haya cajoneado el proyecto es una demostraci\u00f3n de esto. \u00bfEl municipio est\u00e1 interesado en la lucha LGBTI? Deber\u00eda haber atendido a la madre de Sof\u00eda cuando nos movilizamos hace ya m\u00e1s de un a\u00f1o, pidi\u00e9ndole una reuni\u00f3n al ejecutivo (que no sucedi\u00f3). \u00bfSe interesa por los derechos LGBTI? Que coloque los recursos para desarmar el entramado de complicidades que se desenvuelven alrededor de la causa Sof\u00eda Santill\u00e1n\u201d, resaltan en la comunicaci\u00f3n enviada a los medios.<\/p>\n<p>\u201c\u00bfEst\u00e1 interesado en las condiciones laborales de las chicas trans? Debe colocar en debate el proyecto de cupo laboral trans y la formaci\u00f3n laboral de las compa\u00f1eras y no los cursos de \u201cemprendedurismo\u201d que siguen los preceptos del macrismo, se\u00f1alando la posibilidad de desarrollar una salida laboral a partir de participar de talleres de \u201cpeluquer\u00eda, panificado y reposter\u00eda\u201d \u00bfEsta es la salida que ofrece el Estado? Como vemos est\u00e1 muy por detr\u00e1s de los planteos del movimiento LGBTI y del movimiento de mujeres que puso en debate cuestiones de enorme profundidad, sorteando el boicot sistem\u00e1tico del Estado, sus gobiernos y la iglesia. El estado municipal est\u00e1 dando un manotazo de ahogado frente a la organizaci\u00f3n independiente del movimiento LGBTI. \u00a0Este movimiento es el que se\u00f1ala que, la situaci\u00f3n social de las personas trans no s\u00f3lo se ha agravado en los \u00faltimos a\u00f1os, sino que continuar\u00e1 profundiz\u00e1ndose en el cuadro de ajuste y ataque \u00a0al conjunto de las condiciones de vida de los\/las trabajadores\/ras y el gobierno municipal ha decidido actuar en la l\u00ednea del gobierno nacional, negando una herramienta fundamental para \u00a0equiparar la desigualdad que sufren las personas trans: el trabajo genuino\u201d, concluyen desde el Partido Obrero Mercedes, Plenario de Trabajadoras, y la Agrupaci\u00f3n LGBTI 1969.<\/p>\n","protected":false},"excerpt":{"rendered":"<p>A trav\u00e9s de una comunicaci\u00f3n enviada a los medios de comunicaci\u00f3n de la ciudad, Partido Obrero Mercedes, el Plenario de &#8230; <a title=\"\u201cQueremos Justicia para Sof\u00eda y cupo laboral trans para todas\u00bb\" class=\"read-more\" href=\"https:\/\/www.hoymercedes.com.ar\/principal\/2018\/07\/24\/queremos-justicia-para-sofia-y-cupo-laboral-trans-para-todas\/\" aria-label=\"Leer m\u00e1s sobre \u201cQueremos Justicia para Sof\u00eda y cupo laboral trans para todas\u00bb\">Leer m\u00e1s<\/a><\/p>\n","protected":false},"author":1,"featured_media":78918,"comment_status":"closed","ping_status":"open","sticky":false,"template":"","format":"standard","meta":{"_monsterinsights_skip_tracking":false,"_monsterinsights_sitenote_active":false,"_monsterinsights_sitenote_note":"","_monsterinsights_sitenote_category":0,"jetpack_post_was_ever_published":false,"_jetpack_newsletter_access":"","_jetpack_dont_email_post_to_subs":false,"_jetpack_newsletter_tier_id":0,"_jetpack_memberships_contains_paywalled_content":false,"_jetpack_memberships_contains_paid_content":false,"footnotes":"","jetpack_publicize_message":"","jetpack_publicize_feature_enabled":true,"jetpack_social_post_already_shared":true,"jetpack_social_options":{"image_generator_settings":{"template":"highway","default_image_id":0,"font":"","enabled":false},"version":2},"_wpas_customize_per_network":false},"categories":[5],"tags":[13504,1322,5319,10377],"class_list":["post-78973","post","type-post","status-publish","format-standard","has-post-thumbnail","hentry","category-politica","tag-comunidad-lgbti","tag-partido-obrero-mercedes","tag-politica-2","tag-sofia-santillan","generate-columns","tablet-grid-50","mobile-grid-100","grid-parent","grid-50"],"jetpack_publicize_connections":[],"jetpack_featured_media_url":"https:\/\/www.hoymercedes.com.ar\/principal\/wp-content\/uploads\/2018\/07\/22-plenario-ltbg1.jpg","wps_subtitle":"Responden al Municipio","jetpack_sharing_enabled":true,"jetpack-related-posts":[{"id":78916,"url":"https:\/\/www.hoymercedes.com.ar\/principal\/2018\/07\/22\/hubo-plenario-reclamando-justicia-para-sofia-santillan\/","url_meta":{"origin":78973,"position":0},"title":"Hubo plenario reclamando Justicia para Sof\u00eda Santill\u00e1n","author":"hoymercedes","date":"22 julio, 2018","format":false,"excerpt":"El \u00faltimo s\u00e1bado se llev\u00f3 adelante un plenario bajo la consigna \u201cJusticia por Sof\u00eda Santill\u00e1n\u201d organizado la agrupaci\u00f3n LGTBI 1969, el Plenario de Trabajadoras de Mercedes, el Plenario de Trabajadoras de Azul , el Partido Obrero de Mercedes y la Uni\u00f3n de Juventudes por el Socialismo de Azul. \u201cHa\u00a0 pasado\u2026","rel":"","context":"En \u00abPol\u00edtica\u00bb","block_context":{"text":"Pol\u00edtica","link":"https:\/\/www.hoymercedes.com.ar\/principal\/category\/politica\/"},"img":{"alt_text":"","src":"https:\/\/i0.wp.com\/www.hoymercedes.com.ar\/principal\/wp-content\/uploads\/2018\/07\/22-plenario-ltbg.jpg?resize=350%2C200&ssl=1","width":350,"height":200,"srcset":"https:\/\/i0.wp.com\/www.hoymercedes.com.ar\/principal\/wp-content\/uploads\/2018\/07\/22-plenario-ltbg.jpg?resize=350%2C200&ssl=1 1x, https:\/\/i0.wp.com\/www.hoymercedes.com.ar\/principal\/wp-content\/uploads\/2018\/07\/22-plenario-ltbg.jpg?resize=525%2C300&ssl=1 1.5x, https:\/\/i0.wp.com\/www.hoymercedes.com.ar\/principal\/wp-content\/uploads\/2018\/07\/22-plenario-ltbg.jpg?resize=700%2C400&ssl=1 2x"},"classes":[]},{"id":59264,"url":"https:\/\/www.hoymercedes.com.ar\/principal\/2017\/01\/28\/mercedinos-presentes-en-la-marcha-por-sofia-en-azul\/","url_meta":{"origin":78973,"position":1},"title":"Mercedinos presentes en la marcha por Sofia en Azul","author":"hoymercedes","date":"28 enero, 2017","format":false,"excerpt":"El pasado jueves 26 en la localidad de Azul\u00a0se realiz\u00f3 la primera marcha exigiendo justicia por Sof\u00eda Santill\u00e1n. Oriunda de aquella localidad bonaerense, Sof\u00eda apareci\u00f3 muerta en Mercedes en los terrenos ferroviarios el \u00faltimo lunes del mes de diciembre \u00faltimo. La movilizaci\u00f3n, convocada por la Asamblea de Mujeres en Lucha\u2026","rel":"","context":"En \u00abPolicial\u00bb","block_context":{"text":"Policial","link":"https:\/\/www.hoymercedes.com.ar\/principal\/category\/policial\/"},"img":{"alt_text":"","src":"https:\/\/i0.wp.com\/www.hoymercedes.com.ar\/principal\/wp-content\/uploads\/2017\/01\/28-moviliz-sofia-santillan.jpg?resize=350%2C200&ssl=1","width":350,"height":200,"srcset":"https:\/\/i0.wp.com\/www.hoymercedes.com.ar\/principal\/wp-content\/uploads\/2017\/01\/28-moviliz-sofia-santillan.jpg?resize=350%2C200&ssl=1 1x, https:\/\/i0.wp.com\/www.hoymercedes.com.ar\/principal\/wp-content\/uploads\/2017\/01\/28-moviliz-sofia-santillan.jpg?resize=525%2C300&ssl=1 1.5x"},"classes":[]},{"id":191898,"url":"https:\/\/www.hoymercedes.com.ar\/principal\/2026\/02\/11\/partido-obrero-de-mercedes-denuncia-lo-que-califica-como-persecucion-contra-la-comunidad-lgbti\/","url_meta":{"origin":78973,"position":2},"title":"Partido Obrero de Mercedes denuncia lo que califica como persecuci\u00f3n contra la comunidad LGBTI","author":"hoymercedes","date":"11 febrero, 2026","format":false,"excerpt":"El Partido Obrero local hizo p\u00fablica una denuncia contra el gobierno, se\u00f1alando lo que considera un \u201cataque sistem\u00e1tico\u201d hacia la comunidad LGBTI en distintos \u00e1mbitos de la ciudad. Seg\u00fan el comunicado difundido por la agrupaci\u00f3n, esta actitud estatal estar\u00eda marcada por acciones y omisiones que, a su juicio, afectan los\u2026","rel":"","context":"En \u00abPol\u00edtica\u00bb","block_context":{"text":"Pol\u00edtica","link":"https:\/\/www.hoymercedes.com.ar\/principal\/category\/politica\/"},"img":{"alt_text":"","src":"https:\/\/i0.wp.com\/www.hoymercedes.com.ar\/principal\/wp-content\/uploads\/2026\/02\/WhatsApp-Image-2026-02-10-at-21.32.11.jpeg?resize=350%2C200&ssl=1","width":350,"height":200,"srcset":"https:\/\/i0.wp.com\/www.hoymercedes.com.ar\/principal\/wp-content\/uploads\/2026\/02\/WhatsApp-Image-2026-02-10-at-21.32.11.jpeg?resize=350%2C200&ssl=1 1x, https:\/\/i0.wp.com\/www.hoymercedes.com.ar\/principal\/wp-content\/uploads\/2026\/02\/WhatsApp-Image-2026-02-10-at-21.32.11.jpeg?resize=525%2C300&ssl=1 1.5x"},"classes":[]},{"id":120936,"url":"https:\/\/www.hoymercedes.com.ar\/principal\/2020\/11\/27\/el-municipio-de-mercedes-aprovecha-el-cupo-laboral-travesti-trans-para-limpiar-su-imagen\/","url_meta":{"origin":78973,"position":3},"title":"El Municipio de Mercedes aprovecha el cupo laboral travesti-trans para limpiar su imagen","author":"hoymercedes","date":"27 noviembre, 2020","format":false,"excerpt":"Por Mar\u00eda Maldonado* - El\u00a0d\u00eda\u00a0jueves se\u00a0aprob\u00f3\u00a0en el concejo deliberante de Mercedes la ordenanza para la implementaci\u00f3n del cupo laboral travesti-trans. Esta conquista es fruto de la lucha que venimos\u00a0dando desde el 2017, cuando se present\u00f3 por primera vez el proyecto elaborado por el Partido obrero y la UJS y a\u2026","rel":"","context":"En \u00abOpini\u00f3n\u00bb","block_context":{"text":"Opini\u00f3n","link":"https:\/\/www.hoymercedes.com.ar\/principal\/category\/opinion\/"},"img":{"alt_text":"","src":"https:\/\/i0.wp.com\/www.hoymercedes.com.ar\/principal\/wp-content\/uploads\/2015\/04\/mariamaldonado-partidoobrero.jpg?resize=350%2C200&ssl=1","width":350,"height":200,"srcset":"https:\/\/i0.wp.com\/www.hoymercedes.com.ar\/principal\/wp-content\/uploads\/2015\/04\/mariamaldonado-partidoobrero.jpg?resize=350%2C200&ssl=1 1x, https:\/\/i0.wp.com\/www.hoymercedes.com.ar\/principal\/wp-content\/uploads\/2015\/04\/mariamaldonado-partidoobrero.jpg?resize=525%2C300&ssl=1 1.5x"},"classes":[]},{"id":122113,"url":"https:\/\/www.hoymercedes.com.ar\/principal\/2020\/12\/20\/con-un-mural-recordaran-a-sofia-santillan\/","url_meta":{"origin":78973,"position":4},"title":"Con un mural recordar\u00e1n a Sof\u00eda Santill\u00e1n","author":"hoymercedes","date":"20 diciembre, 2020","format":false,"excerpt":"Este domingo 20 de diciembre, la Agrupaci\u00f3n LGBTI 1969 realizar\u00e1 un mural con el reiterado pedido justicia por el asesinato a Saf\u00eda Santill\u00e1n en diciembre de 2016. La invitaci\u00f3n a qui\u00e9n se quiera sumar al reclamo para el esclarecimiento del homicidio de Sof\u00eda puede acercarse a partir de la hora\u2026","rel":"","context":"En \u00abSociedad\u00bb","block_context":{"text":"Sociedad","link":"https:\/\/www.hoymercedes.com.ar\/principal\/category\/sociedad\/"},"img":{"alt_text":"","src":"https:\/\/i0.wp.com\/www.hoymercedes.com.ar\/principal\/wp-content\/uploads\/2020\/12\/WhatsApp-Image-2020-12-19-at-21.52.11.jpeg?resize=350%2C200&ssl=1","width":350,"height":200,"srcset":"https:\/\/i0.wp.com\/www.hoymercedes.com.ar\/principal\/wp-content\/uploads\/2020\/12\/WhatsApp-Image-2020-12-19-at-21.52.11.jpeg?resize=350%2C200&ssl=1 1x, https:\/\/i0.wp.com\/www.hoymercedes.com.ar\/principal\/wp-content\/uploads\/2020\/12\/WhatsApp-Image-2020-12-19-at-21.52.11.jpeg?resize=525%2C300&ssl=1 1.5x, https:\/\/i0.wp.com\/www.hoymercedes.com.ar\/principal\/wp-content\/uploads\/2020\/12\/WhatsApp-Image-2020-12-19-at-21.52.11.jpeg?resize=700%2C400&ssl=1 2x"},"classes":[]},{"id":95795,"url":"https:\/\/www.hoymercedes.com.ar\/principal\/2019\/06\/28\/a-50-anos-de-stonwell-un-reclamo-urgente-frente-a-un-genocidio-silencioso\/","url_meta":{"origin":78973,"position":5},"title":"A 50 a\u00f1os de Stonwell: un reclamo urgente frente a un genocidio silencioso","author":"hoymercedes","date":"28 junio, 2019","format":false,"excerpt":"Por Maxi Irusta* - Este Viernes 28 se cumplen 50 a\u00f1os de la revuelta que gener\u00f3 un antes y un despu\u00e9s en el movimiento LGBT en el mundo: En el a\u00f1o 1969 luego de una constante persecuci\u00f3n hacia la comunidad se produjo el levantamiento de Stonewall, una rebeli\u00f3n encabezada por\u2026","rel":"","context":"En \u00abPol\u00edtica\u00bb","block_context":{"text":"Pol\u00edtica","link":"https:\/\/www.hoymercedes.com.ar\/principal\/category\/politica\/"},"img":{"alt_text":"","src":"https:\/\/i0.wp.com\/www.hoymercedes.com.ar\/principal\/wp-content\/uploads\/2019\/06\/28-PO-opinion.jpeg?resize=350%2C200&ssl=1","width":350,"height":200,"srcset":"https:\/\/i0.wp.com\/www.hoymercedes.com.ar\/principal\/wp-content\/uploads\/2019\/06\/28-PO-opinion.jpeg?resize=350%2C200&ssl=1 1x, https:\/\/i0.wp.com\/www.hoymercedes.com.ar\/principal\/wp-content\/uploads\/2019\/06\/28-PO-opinion.jpeg?resize=525%2C300&ssl=1 1.5x, https:\/\/i0.wp.com\/www.hoymercedes.com.ar\/principal\/wp-content\/uploads\/2019\/06\/28-PO-opinion.jpeg?resize=700%2C400&ssl=1 2x"},"classes":[]}],"_links":{"self":[{"href":"https:\/\/www.hoymercedes.com.ar\/principal\/wp-json\/wp\/v2\/posts\/78973","targetHints":{"allow":["GET"]}}],"collection":[{"href":"https:\/\/www.hoymercedes.com.ar\/principal\/wp-json\/wp\/v2\/posts"}],"about":[{"href":"https:\/\/www.hoymercedes.com.ar\/principal\/wp-json\/wp\/v2\/types\/post"}],"author":[{"embeddable":true,"href":"https:\/\/www.hoymercedes.com.ar\/principal\/wp-json\/wp\/v2\/users\/1"}],"replies":[{"embeddable":true,"href":"https:\/\/www.hoymercedes.com.ar\/principal\/wp-json\/wp\/v2\/comments?post=78973"}],"version-history":[{"count":0,"href":"https:\/\/www.hoymercedes.com.ar\/principal\/wp-json\/wp\/v2\/posts\/78973\/revisions"}],"wp:featuredmedia":[{"embeddable":true,"href":"https:\/\/www.hoymercedes.com.ar\/principal\/wp-json\/wp\/v2\/media\/78918"}],"wp:attachment":[{"href":"https:\/\/www.hoymercedes.com.ar\/principal\/wp-json\/wp\/v2\/media?parent=78973"}],"wp:term":[{"taxonomy":"category","embeddable":true,"href":"https:\/\/www.hoymercedes.com.ar\/principal\/wp-json\/wp\/v2\/categories?post=78973"},{"taxonomy":"post_tag","embeddable":true,"href":"https:\/\/www.hoymercedes.com.ar\/principal\/wp-json\/wp\/v2\/tags?post=78973"}],"curies":[{"name":"wp","href":"https:\/\/api.w.org\/{rel}","templated":true}]}}