{"id":79000,"date":"2018-07-25T11:24:03","date_gmt":"2018-07-25T14:24:03","guid":{"rendered":"http:\/\/www.hoymercedes.com.ar\/principal\/?p=79000"},"modified":"2018-07-25T11:24:03","modified_gmt":"2018-07-25T14:24:03","slug":"eden-realiza-obras-en-el-barrio-fonavi","status":"publish","type":"post","link":"https:\/\/www.hoymercedes.com.ar\/principal\/2018\/07\/25\/eden-realiza-obras-en-el-barrio-fonavi\/","title":{"rendered":"EDEN realiza obras en el barrio FONAVI"},"content":{"rendered":"<p>EDEN informa a sus usuarios que, conforme a su plan de inversiones en obras y mantenimiento para fortalecer el servicio, el d\u00eda mi\u00e9rcoles 25 de julio se realizar\u00e1n trabajos en la red el\u00e9ctrica en la calle 110 a 2 de 13 a 19 y Torre 6, 7 y 8 del Barrio FO.NA.VI.<\/p>\n<p>Por razones de seguridad es necesario suspender el suministro de forma moment\u00e1nea de 9:15 a 12 horas. En caso de presentarse condiciones clim\u00e1ticas adversas, las actividades ser\u00e1n reprogramadas.<\/p>\n<p>&nbsp;<\/p>\n","protected":false},"excerpt":{"rendered":"<p>EDEN informa a sus usuarios que, conforme a su plan de inversiones en obras y mantenimiento para fortalecer el servicio, &#8230; <a title=\"EDEN realiza obras en el barrio FONAVI\" class=\"read-more\" href=\"https:\/\/www.hoymercedes.com.ar\/principal\/2018\/07\/25\/eden-realiza-obras-en-el-barrio-fonavi\/\" aria-label=\"Leer m\u00e1s sobre EDEN realiza obras en el barrio FONAVI\">Leer m\u00e1s<\/a><\/p>\n","protected":false},"author":1,"featured_media":46617,"comment_status":"closed","ping_status":"open","sticky":false,"template":"","format":"standard","meta":{"_monsterinsights_skip_tracking":false,"_monsterinsights_sitenote_active":false,"_monsterinsights_sitenote_note":"","_monsterinsights_sitenote_category":0,"jetpack_post_was_ever_published":false,"_jetpack_newsletter_access":"","_jetpack_dont_email_post_to_subs":false,"_jetpack_newsletter_tier_id":0,"_jetpack_memberships_contains_paywalled_content":false,"_jetpack_memberships_contains_paid_content":false,"footnotes":"","jetpack_publicize_message":"","jetpack_publicize_feature_enabled":true,"jetpack_social_post_already_shared":true,"jetpack_social_options":{"image_generator_settings":{"template":"highway","default_image_id":0,"font":"","enabled":false},"version":2},"_wpas_customize_per_network":false},"categories":[8],"tags":[12059,1023],"class_list":["post-79000","post","type-post","status-publish","format-standard","has-post-thumbnail","hentry","category-sociedad","tag-corte-de-energia-electrica","tag-eden","generate-columns","tablet-grid-50","mobile-grid-100","grid-parent","grid-50"],"jetpack_publicize_connections":[],"jetpack_featured_media_url":"https:\/\/www.hoymercedes.com.ar\/principal\/wp-content\/uploads\/2015\/12\/eden.jpg","wps_subtitle":"","jetpack_sharing_enabled":true,"jetpack-related-posts":[{"id":136016,"url":"https:\/\/www.hoymercedes.com.ar\/principal\/2021\/08\/26\/eden-realizara-obras-en-el-barrio-mutti\/","url_meta":{"origin":79000,"position":0},"title":"EDEN realizar\u00e1 obras en el Barrio Mutti","author":"hoymercedes","date":"26 agosto, 2021","format":false,"excerpt":"La empresa distribuidora de energ\u00eda el\u00e9ctrica comenz\u00f3 a realizar trabajos en el Barrio Mutti. La obra consta de la puesta en marcha de 4 transformadores de 75 kVa, uno por cada 25 usuarios. Permitir\u00e1 que m\u00e1s usuarios se sumen a la red el\u00e9ctrica. Sergio Mej\u00edas, Gerente de la Regi\u00f3n Centro\u2026","rel":"","context":"En \u00abSociedad\u00bb","block_context":{"text":"Sociedad","link":"https:\/\/www.hoymercedes.com.ar\/principal\/category\/sociedad\/"},"img":{"alt_text":"","src":"https:\/\/i0.wp.com\/www.hoymercedes.com.ar\/principal\/wp-content\/uploads\/2021\/08\/EDEN-REUNION-CON-VECINOS-POR-OBRAS-EN-BARRIO-MUTIS_2.jpg?resize=350%2C200&ssl=1","width":350,"height":200,"srcset":"https:\/\/i0.wp.com\/www.hoymercedes.com.ar\/principal\/wp-content\/uploads\/2021\/08\/EDEN-REUNION-CON-VECINOS-POR-OBRAS-EN-BARRIO-MUTIS_2.jpg?resize=350%2C200&ssl=1 1x, https:\/\/i0.wp.com\/www.hoymercedes.com.ar\/principal\/wp-content\/uploads\/2021\/08\/EDEN-REUNION-CON-VECINOS-POR-OBRAS-EN-BARRIO-MUTIS_2.jpg?resize=525%2C300&ssl=1 1.5x, https:\/\/i0.wp.com\/www.hoymercedes.com.ar\/principal\/wp-content\/uploads\/2021\/08\/EDEN-REUNION-CON-VECINOS-POR-OBRAS-EN-BARRIO-MUTIS_2.jpg?resize=700%2C400&ssl=1 2x"},"classes":[]},{"id":154863,"url":"https:\/\/www.hoymercedes.com.ar\/principal\/2022\/11\/01\/concluyeron-obras-de-ampliacion-electrica-en-unidad-y-progreso\/","url_meta":{"origin":79000,"position":1},"title":"Concluyeron obras de ampliaci\u00f3n el\u00e9ctrica en Unidad y Progreso","author":"hoymercedes","date":"1 noviembre, 2022","format":false,"excerpt":"La empresa de distribuidora de energ\u00eda el\u00e9ctrica anunci\u00f3 la conclusi\u00f3n de las obras en el barrio Unidad y Progreso de Mercedes.","rel":"","context":"En \u00abSociedad\u00bb","block_context":{"text":"Sociedad","link":"https:\/\/www.hoymercedes.com.ar\/principal\/category\/sociedad\/"},"img":{"alt_text":"","src":"https:\/\/i0.wp.com\/www.hoymercedes.com.ar\/principal\/wp-content\/uploads\/2022\/11\/Nueva-obra-en-B.-Unidad-y-Progreso-de-Mercedes-7.jpeg?resize=350%2C200&ssl=1","width":350,"height":200,"srcset":"https:\/\/i0.wp.com\/www.hoymercedes.com.ar\/principal\/wp-content\/uploads\/2022\/11\/Nueva-obra-en-B.-Unidad-y-Progreso-de-Mercedes-7.jpeg?resize=350%2C200&ssl=1 1x, https:\/\/i0.wp.com\/www.hoymercedes.com.ar\/principal\/wp-content\/uploads\/2022\/11\/Nueva-obra-en-B.-Unidad-y-Progreso-de-Mercedes-7.jpeg?resize=525%2C300&ssl=1 1.5x"},"classes":[]},{"id":146299,"url":"https:\/\/www.hoymercedes.com.ar\/principal\/2022\/04\/04\/finalizan-obras-de-energia-electrica-en-el-barrio-mutti\/","url_meta":{"origin":79000,"position":2},"title":"Finalizan obras de energ\u00eda el\u00e9ctrica en el barrio Mutti","author":"hoymercedes","date":"4 abril, 2022","format":false,"excerpt":"En los \u00faltimos d\u00edas concluy\u00f3 la obra de extensi\u00f3n del servicio de energ\u00eda el\u00e9ctrica en el Barrio Mutti. Se pusieron en marcha cuatro transformadores de 75 kVa, uno por cada 25 usuarios. La inversi\u00f3n fue de 4,5 millones de pesos. La obra terminada fue recorridad por el Intendente Municipal de\u2026","rel":"","context":"En \u00abBarrios\u00bb","block_context":{"text":"Barrios","link":"https:\/\/www.hoymercedes.com.ar\/principal\/category\/barrios\/"},"img":{"alt_text":"","src":"https:\/\/i0.wp.com\/www.hoymercedes.com.ar\/principal\/wp-content\/uploads\/2022\/04\/Obras-Barrio-Muttis-Mercedes-1.jpg?resize=350%2C200&ssl=1","width":350,"height":200,"srcset":"https:\/\/i0.wp.com\/www.hoymercedes.com.ar\/principal\/wp-content\/uploads\/2022\/04\/Obras-Barrio-Muttis-Mercedes-1.jpg?resize=350%2C200&ssl=1 1x, https:\/\/i0.wp.com\/www.hoymercedes.com.ar\/principal\/wp-content\/uploads\/2022\/04\/Obras-Barrio-Muttis-Mercedes-1.jpg?resize=525%2C300&ssl=1 1.5x, https:\/\/i0.wp.com\/www.hoymercedes.com.ar\/principal\/wp-content\/uploads\/2022\/04\/Obras-Barrio-Muttis-Mercedes-1.jpg?resize=700%2C400&ssl=1 2x"},"classes":[]},{"id":118516,"url":"https:\/\/www.hoymercedes.com.ar\/principal\/2020\/10\/16\/cortes-de-energia-electrica-por-obras-en-zona-parque-y-aledanas\/","url_meta":{"origin":79000,"position":3},"title":"Cortes de energ\u00eda el\u00e9ctrica por obras en zona Parque y aleda\u00f1as","author":"Clarisa Altieri","date":"16 octubre, 2020","format":false,"excerpt":"La empresa de energ\u00eda el\u00e9ctrica EDEN comunic\u00f3 que este s\u00e1bado 17 de octubre realizar\u00e1n obras que requieren de la interrupci\u00f3n del suministro de energ\u00eda el\u00e9ctrica de manera moment\u00e1nea durante la ma\u00f1ana. La zona afectada es la de los barrios cercanos al Parque Municipal. EDEN informa que, conforme a su plan\u2026","rel":"","context":"En \u00abSociedad\u00bb","block_context":{"text":"Sociedad","link":"https:\/\/www.hoymercedes.com.ar\/principal\/category\/sociedad\/"},"img":{"alt_text":"","src":"https:\/\/i0.wp.com\/www.hoymercedes.com.ar\/principal\/wp-content\/uploads\/2015\/12\/eden.jpg?resize=350%2C200&ssl=1","width":350,"height":200,"srcset":"https:\/\/i0.wp.com\/www.hoymercedes.com.ar\/principal\/wp-content\/uploads\/2015\/12\/eden.jpg?resize=350%2C200&ssl=1 1x, https:\/\/i0.wp.com\/www.hoymercedes.com.ar\/principal\/wp-content\/uploads\/2015\/12\/eden.jpg?resize=525%2C300&ssl=1 1.5x"},"classes":[]},{"id":118248,"url":"https:\/\/www.hoymercedes.com.ar\/principal\/2020\/10\/09\/realizaran-obras-en-el-tendido-electrico-en-distintos-barrio\/","url_meta":{"origin":79000,"position":4},"title":"Realizar\u00e1n obras en el tendido electrico en distintos barrio","author":"hoymercedes","date":"9 octubre, 2020","format":false,"excerpt":"Los d\u00edas s\u00e1bado y domingo, la empresa EDEN realizar\u00e1 trabajos en dos zonas de la ciudad. Estas obras podr\u00edan afectar el normal funcionamiento del servicio. El s\u00e1bado trabajar\u00e1n en la zona del Aeroclub y el domingo a la ma\u00f1ana en la zona comprendida entre las calles 34, 48, 33 y\u2026","rel":"","context":"En \u00abCiudad\u00bb","block_context":{"text":"Ciudad","link":"https:\/\/www.hoymercedes.com.ar\/principal\/category\/ciudad\/"},"img":{"alt_text":"","src":"https:\/\/i0.wp.com\/www.hoymercedes.com.ar\/principal\/wp-content\/uploads\/2015\/12\/eden.jpg?resize=350%2C200&ssl=1","width":350,"height":200,"srcset":"https:\/\/i0.wp.com\/www.hoymercedes.com.ar\/principal\/wp-content\/uploads\/2015\/12\/eden.jpg?resize=350%2C200&ssl=1 1x, https:\/\/i0.wp.com\/www.hoymercedes.com.ar\/principal\/wp-content\/uploads\/2015\/12\/eden.jpg?resize=525%2C300&ssl=1 1.5x"},"classes":[]},{"id":104226,"url":"https:\/\/www.hoymercedes.com.ar\/principal\/2019\/12\/19\/amplian-red-electrica-en-la-zona-del-puente-plateado\/","url_meta":{"origin":79000,"position":5},"title":"Ampl\u00edan red el\u00e9ctrica en la zona del puente plateado","author":"hoymercedes","date":"19 diciembre, 2019","format":false,"excerpt":"La empresa EDEN concret\u00f3 las obras y comenz\u00f3 la instalaci\u00f3n de medidores inteligentes para llevar energ\u00eda segura a m\u00e1s de 14 familias del Barrio ubicado en Calle 32 prolongaci\u00f3n, m\u00e1s conocido como zona del Puente Plateado. \u201cComo ya hab\u00edamos comunicado, comenzamos las obras que hoy estamos finalizando. Con orgullo hoy\u2026","rel":"","context":"En \u00abCiudad\u00bb","block_context":{"text":"Ciudad","link":"https:\/\/www.hoymercedes.com.ar\/principal\/category\/ciudad\/"},"img":{"alt_text":"","src":"https:\/\/i0.wp.com\/www.hoymercedes.com.ar\/principal\/wp-content\/uploads\/2019\/12\/Eden-concreto-obras-en-zona-Puente-Plateado-2-600x800-1.jpeg?resize=350%2C200&ssl=1","width":350,"height":200,"srcset":"https:\/\/i0.wp.com\/www.hoymercedes.com.ar\/principal\/wp-content\/uploads\/2019\/12\/Eden-concreto-obras-en-zona-Puente-Plateado-2-600x800-1.jpeg?resize=350%2C200&ssl=1 1x, https:\/\/i0.wp.com\/www.hoymercedes.com.ar\/principal\/wp-content\/uploads\/2019\/12\/Eden-concreto-obras-en-zona-Puente-Plateado-2-600x800-1.jpeg?resize=525%2C300&ssl=1 1.5x"},"classes":[]}],"_links":{"self":[{"href":"https:\/\/www.hoymercedes.com.ar\/principal\/wp-json\/wp\/v2\/posts\/79000","targetHints":{"allow":["GET"]}}],"collection":[{"href":"https:\/\/www.hoymercedes.com.ar\/principal\/wp-json\/wp\/v2\/posts"}],"about":[{"href":"https:\/\/www.hoymercedes.com.ar\/principal\/wp-json\/wp\/v2\/types\/post"}],"author":[{"embeddable":true,"href":"https:\/\/www.hoymercedes.com.ar\/principal\/wp-json\/wp\/v2\/users\/1"}],"replies":[{"embeddable":true,"href":"https:\/\/www.hoymercedes.com.ar\/principal\/wp-json\/wp\/v2\/comments?post=79000"}],"version-history":[{"count":0,"href":"https:\/\/www.hoymercedes.com.ar\/principal\/wp-json\/wp\/v2\/posts\/79000\/revisions"}],"wp:featuredmedia":[{"embeddable":true,"href":"https:\/\/www.hoymercedes.com.ar\/principal\/wp-json\/wp\/v2\/media\/46617"}],"wp:attachment":[{"href":"https:\/\/www.hoymercedes.com.ar\/principal\/wp-json\/wp\/v2\/media?parent=79000"}],"wp:term":[{"taxonomy":"category","embeddable":true,"href":"https:\/\/www.hoymercedes.com.ar\/principal\/wp-json\/wp\/v2\/categories?post=79000"},{"taxonomy":"post_tag","embeddable":true,"href":"https:\/\/www.hoymercedes.com.ar\/principal\/wp-json\/wp\/v2\/tags?post=79000"}],"curies":[{"name":"wp","href":"https:\/\/api.w.org\/{rel}","templated":true}]}}