{"id":79002,"date":"2018-07-25T12:25:42","date_gmt":"2018-07-25T15:25:42","guid":{"rendered":"http:\/\/www.hoymercedes.com.ar\/principal\/?p=79002"},"modified":"2018-07-25T11:28:53","modified_gmt":"2018-07-25T14:28:53","slug":"carlos-selva-el-estado-esta-haciendo-malversacion-de-fondos","status":"publish","type":"post","link":"https:\/\/www.hoymercedes.com.ar\/principal\/2018\/07\/25\/carlos-selva-el-estado-esta-haciendo-malversacion-de-fondos\/","title":{"rendered":"Carlos Selva: \u00a0\u201cEl Estado est\u00e1 haciendo malversaci\u00f3n de fondos\u201d"},"content":{"rendered":"<p><em><strong>\u201cLlama la atenci\u00f3n que a\u00fan no se haya querido resolver este tema. Incomoda y molesta mucho\u201d, dijo el diputado nacional Carlos Selva. E indic\u00f3 que como \u201chay responsables\u201d, desde el bloque del Frente Renovador podr\u00edan recurrir a la justicia.\u00a0<\/strong><\/em><\/p>\n<p><!--more--><\/p>\n<p>Por estas horas una de las problem\u00e1ticas que mas de discute en Mercedes y en otras comunidades que tienen su cuerpo de bomberos tiene que ver con el desfinanciamiento que se est\u00e1 haciendo de la poca ayuda que se le daba desde el Estado, y en este sentido el diputado nacional Carlos Selva hace poco hizo un discurso, present\u00f3 un proyecto y tiene una posici\u00f3n tomada sobre el trabajo de los servidores p\u00fablicos, algo que siempre acompa\u00f1\u00f3. El monto que se recaudaba en porcentaje del aporte de compa\u00f1\u00edas de seguro deja de ser percibido. \u201cLlama la atenci\u00f3n que a\u00fan no se haya querido resolver este tema. Incomoda y molesta mucho\u201d, dijo Selva.<\/p>\n<p>El diputado record\u00f3 que todo este conflicto sale a la luz a ra\u00edz de una exposici\u00f3n de los propios servidores p\u00fablicos en el Congreso reclamando que no se les hab\u00edan transferido fondos remanentes de 2017. \u201cEso motiv\u00f3 que los convoc\u00e1ramos, estuvieran en la comisi\u00f3n de Asuntos Municipales de la cual soy vicepresidente. Y m\u00e1s all\u00e1 de eso y de estar trabajando con ellos en varios temas, fue una sorpresa que pongan en evidencia que hayan tenido que recurrir a la justicia antes y que ahora de nuevo se de esto. No les hab\u00edan entregado el remanente de 2017 y no les entregaron los fondos de este a\u00f1o\u201d, expuso Selva.<\/p>\n<p>Para el diputado nacional es \u201cdif\u00edcil plantear obviedades desde el legislativo\u201d, porque esto \u201cdeber\u00eda solucionarse con una llamada telef\u00f3nica ya que la ley prev\u00e9 que el 5 por mil de todas las p\u00f3lizas de seguro se destine a este fondo de bomberos, el Estado lo recibe y debe distribuirlo por igual. Est\u00e1 previsto como un aporte a todos los cuarteles de bomberos de la Argentina por igual, algo que est\u00e1 muy bien. Esto se incorpora al presupuesto pero afectado a la distribuci\u00f3n. El Estado audita incluso la ejecuci\u00f3n de ese gasto\u201d.<\/p>\n<p>\u201cPero no solo no transfiere los fondos sino que dice que transferir\u00e1 menos, lo que es ilegal. El Estado est\u00e1 haciendo malversaci\u00f3n de fondos. No manda fondos, pero avis\u00f3 que va a reducir ese fondo, algo que no puede hacer sino por ley. El Ejecutivo no tiene esa potestad. Mientras est\u00e9 la ley el Estado debe transferir los fondos\u201d, se quej\u00f3 Selva e indic\u00f3 que los diputados del oficialismo le dijeron que esto \u201cse iba a solucionar\u201d.<\/p>\n<p>\u201cOjal\u00e1 se solucione antes, pero el 2 de agosto esta convocado un abrazo al Congreso. Yo present\u00e9 un proyecto en la C\u00e1mara y no ten\u00eda dictamen de comisi\u00f3n, por lo tanto ped\u00ed en el recinto una moci\u00f3n de orden para que se incorpore y se trate sobre tablas, pero me lo votaron en contra. Lo que exhort\u00e1bamos era que se paguen los fondos. Y yo ped\u00ed que se discuta por qu\u00e9 se demora el pago y se quieren transferir menos fondos. Ped\u00edamos que se regulariza esta situaci\u00f3n, pero no hubo eco\u201d, expuso Selva y dej\u00f3 en claro que la demora de fondos y la no transferencia es \u201cuna rutina\u201d. \u201cSe viene un conflicto en toda la Argentina, ya que bomberos hay en todos los municipios\u201d, opin\u00f3 el legislador nacional e indic\u00f3 que como \u201chay responsables\u201d desde el bloque del Frente Renovador podr\u00edan recurrir a la justicia.<\/p>\n<p>Fuente: web Carlos Selva<\/p>\n","protected":false},"excerpt":{"rendered":"<p>\u201cLlama la atenci\u00f3n que a\u00fan no se haya querido resolver este tema. Incomoda y molesta mucho\u201d, dijo el diputado nacional &#8230; <a title=\"Carlos Selva: \u00a0\u201cEl Estado est\u00e1 haciendo malversaci\u00f3n de fondos\u201d\" class=\"read-more\" href=\"https:\/\/www.hoymercedes.com.ar\/principal\/2018\/07\/25\/carlos-selva-el-estado-esta-haciendo-malversacion-de-fondos\/\" aria-label=\"Leer m\u00e1s sobre Carlos Selva: \u00a0\u201cEl Estado est\u00e1 haciendo malversaci\u00f3n de fondos\u201d\">Leer m\u00e1s<\/a><\/p>\n","protected":false},"author":1,"featured_media":75055,"comment_status":"closed","ping_status":"open","sticky":false,"template":"","format":"standard","meta":{"_monsterinsights_skip_tracking":false,"_monsterinsights_sitenote_active":false,"_monsterinsights_sitenote_note":"","_monsterinsights_sitenote_category":0,"jetpack_post_was_ever_published":false,"_jetpack_newsletter_access":"","_jetpack_dont_email_post_to_subs":false,"_jetpack_newsletter_tier_id":0,"_jetpack_memberships_contains_paywalled_content":false,"_jetpack_memberships_contains_paid_content":false,"footnotes":"","jetpack_publicize_message":"","jetpack_publicize_feature_enabled":true,"jetpack_social_post_already_shared":true,"jetpack_social_options":{"image_generator_settings":{"template":"highway","default_image_id":0,"font":"","enabled":false},"version":2},"_wpas_customize_per_network":false},"categories":[5210],"tags":[865,39,7500,10113],"class_list":["post-79002","post","type-post","status-publish","format-standard","has-post-thumbnail","hentry","category-politica-nacional","tag-bomberos-voluntarios","tag-carlos-selva","tag-diputado-nacional","tag-politica-nacional","generate-columns","tablet-grid-50","mobile-grid-100","grid-parent","grid-50"],"jetpack_publicize_connections":[],"jetpack_featured_media_url":"https:\/\/www.hoymercedes.com.ar\/principal\/wp-content\/uploads\/2018\/04\/26-carlos_selva_recinto.jpg","wps_subtitle":"Conflicto con Bomberos","jetpack_sharing_enabled":true,"jetpack-related-posts":[{"id":113006,"url":"https:\/\/www.hoymercedes.com.ar\/principal\/2020\/07\/02\/el-diputado-carlos-selva-confirmo-que-tiene-covid-19\/","url_meta":{"origin":79002,"position":0},"title":"El Diputado Carlos Selva confirm\u00f3 que tiene covid-19","author":"hoymercedes","date":"2 julio, 2020","format":false,"excerpt":"El ex Intendente Municipal y actual Diputado Nacional Carlos Selva confirm\u00f3 que tiene covid-19. A trav\u00e9s de los medios nacionales, el dirigente pol\u00edtico del justicialismo explic\u00f3 que obtuvo su resultado positivo este mi\u00e9rcoles. Selva es uno de los seis pacientes confirmados esta noche en la comunicaci\u00f3n oficial local. \"El d\u00eda\u2026","rel":"","context":"En \u00abSociedad\u00bb","block_context":{"text":"Sociedad","link":"https:\/\/www.hoymercedes.com.ar\/principal\/category\/sociedad\/"},"img":{"alt_text":"","src":"https:\/\/i0.wp.com\/www.hoymercedes.com.ar\/principal\/wp-content\/uploads\/2020\/03\/14-selva-proyecto-1.jpg?resize=350%2C200&ssl=1","width":350,"height":200,"srcset":"https:\/\/i0.wp.com\/www.hoymercedes.com.ar\/principal\/wp-content\/uploads\/2020\/03\/14-selva-proyecto-1.jpg?resize=350%2C200&ssl=1 1x, https:\/\/i0.wp.com\/www.hoymercedes.com.ar\/principal\/wp-content\/uploads\/2020\/03\/14-selva-proyecto-1.jpg?resize=525%2C300&ssl=1 1.5x, https:\/\/i0.wp.com\/www.hoymercedes.com.ar\/principal\/wp-content\/uploads\/2020\/03\/14-selva-proyecto-1.jpg?resize=700%2C400&ssl=1 2x"},"classes":[]},{"id":104316,"url":"https:\/\/www.hoymercedes.com.ar\/principal\/2019\/12\/21\/ley-de-solidaridad-social-y-reactivacion-productiva-carlos-selva-hablo-en-el-congreso\/","url_meta":{"origin":79002,"position":1},"title":"Ley de Solidaridad Social y Reactivaci\u00f3n Productiva: Carlos Selva habl\u00f3 en el Congreso","author":"hoymercedes","date":"21 diciembre, 2019","format":false,"excerpt":"\u00abLa principal definici\u00f3n que tiene esta ley, es la de un modelo de pa\u00eds. Para nosotros no es el mercado el que ordena todo, es el Estado\u00bb, sostuvo el diputado nacional Carlos Selva. \u00abEsta ley es el primer paso para cambiar un modelo de pa\u00eds que permita a las y\u2026","rel":"","context":"En \u00abPol\u00edtica Nacional\u00bb","block_context":{"text":"Pol\u00edtica Nacional","link":"https:\/\/www.hoymercedes.com.ar\/principal\/category\/politica-nacional\/"},"img":{"alt_text":"","src":"https:\/\/i0.wp.com\/www.hoymercedes.com.ar\/principal\/wp-content\/uploads\/2019\/06\/wado-lalo-selva.jpg?resize=350%2C200&ssl=1","width":350,"height":200,"srcset":"https:\/\/i0.wp.com\/www.hoymercedes.com.ar\/principal\/wp-content\/uploads\/2019\/06\/wado-lalo-selva.jpg?resize=350%2C200&ssl=1 1x, https:\/\/i0.wp.com\/www.hoymercedes.com.ar\/principal\/wp-content\/uploads\/2019\/06\/wado-lalo-selva.jpg?resize=525%2C300&ssl=1 1.5x, https:\/\/i0.wp.com\/www.hoymercedes.com.ar\/principal\/wp-content\/uploads\/2019\/06\/wado-lalo-selva.jpg?resize=700%2C400&ssl=1 2x"},"classes":[]},{"id":79823,"url":"https:\/\/www.hoymercedes.com.ar\/principal\/2018\/08\/14\/carlos-selva-gestiona-por-art-para-bomberos\/","url_meta":{"origin":79002,"position":2},"title":"Carlos Selva gestiona por ART para Bomberos","author":"hoymercedes","date":"14 agosto, 2018","format":false,"excerpt":"El Diputado Carlos Selva se reuni\u00f3 con la Senadora Magdalena Odarda y la Diputada Mar\u00eda Emilia Soria para avanzar en el Proyecto. Tiene media sanci\u00f3n del Senado y espera tratamiento en la Comisi\u00f3n de Presupuesto de la C\u00e1mara. En el marco de las numerosas acciones que el diputado nacional Carlos\u2026","rel":"","context":"En \u00abPol\u00edtica Nacional\u00bb","block_context":{"text":"Pol\u00edtica Nacional","link":"https:\/\/www.hoymercedes.com.ar\/principal\/category\/politica-nacional\/"},"img":{"alt_text":"","src":"https:\/\/i0.wp.com\/www.hoymercedes.com.ar\/principal\/wp-content\/uploads\/2018\/08\/14-Carlos-selva.jpg?resize=350%2C200&ssl=1","width":350,"height":200,"srcset":"https:\/\/i0.wp.com\/www.hoymercedes.com.ar\/principal\/wp-content\/uploads\/2018\/08\/14-Carlos-selva.jpg?resize=350%2C200&ssl=1 1x, https:\/\/i0.wp.com\/www.hoymercedes.com.ar\/principal\/wp-content\/uploads\/2018\/08\/14-Carlos-selva.jpg?resize=525%2C300&ssl=1 1.5x, https:\/\/i0.wp.com\/www.hoymercedes.com.ar\/principal\/wp-content\/uploads\/2018\/08\/14-Carlos-selva.jpg?resize=700%2C400&ssl=1 2x"},"classes":[]},{"id":127653,"url":"https:\/\/www.hoymercedes.com.ar\/principal\/2021\/04\/06\/selva-se-debe-repensar-la-organizacion-de-las-paso\/","url_meta":{"origin":79002,"position":3},"title":"Selva: \u00abSe debe repensar la organizaci\u00f3n de las PASO\u00bb","author":"hoymercedes","date":"6 abril, 2021","format":false,"excerpt":"El diputado nacional Carlos Selva no es ajeno a la discusi\u00f3n que se arm\u00f3, en torno a la inminente realizaci\u00f3n o no de las elecciones primarias en este contexto de pandemia. La semana pasada, en la ciudad de Mercedes, el propio gobernador Axel Kicillof durante su visita dijo que estas\u2026","rel":"","context":"En \u00abPol\u00edtica Nacional\u00bb","block_context":{"text":"Pol\u00edtica Nacional","link":"https:\/\/www.hoymercedes.com.ar\/principal\/category\/politica-nacional\/"},"img":{"alt_text":"","src":"https:\/\/i0.wp.com\/www.hoymercedes.com.ar\/principal\/wp-content\/uploads\/2021\/03\/selva_max_res-1.jpg?resize=350%2C200&ssl=1","width":350,"height":200,"srcset":"https:\/\/i0.wp.com\/www.hoymercedes.com.ar\/principal\/wp-content\/uploads\/2021\/03\/selva_max_res-1.jpg?resize=350%2C200&ssl=1 1x, https:\/\/i0.wp.com\/www.hoymercedes.com.ar\/principal\/wp-content\/uploads\/2021\/03\/selva_max_res-1.jpg?resize=525%2C300&ssl=1 1.5x, https:\/\/i0.wp.com\/www.hoymercedes.com.ar\/principal\/wp-content\/uploads\/2021\/03\/selva_max_res-1.jpg?resize=700%2C400&ssl=1 2x"},"classes":[]},{"id":116667,"url":"https:\/\/www.hoymercedes.com.ar\/principal\/2020\/09\/16\/selva-es-parte-de-gestiones-por-universidad-publica-para-zarate\/","url_meta":{"origin":79002,"position":4},"title":"Selva es parte de gestiones por universidad p\u00fablica para Z\u00e1rate","author":"hoymercedes","date":"16 septiembre, 2020","format":false,"excerpt":"En v\u00edsperas de un aniversario m\u00e1s de \u201cLa Noche de los L\u00e1pices\u201d (que record\u00f3 en sus redes sociales) el diputado nacional\u00a0Carlos Selva, del Frente de Todos, fue parte de un hecho hist\u00f3rico para la educaci\u00f3n de la localidad bonaerense de Z\u00e1rate, que busca tener una universidad p\u00fablica. Es que en\u2026","rel":"","context":"En \u00abPol\u00edtica Nacional\u00bb","block_context":{"text":"Pol\u00edtica Nacional","link":"https:\/\/www.hoymercedes.com.ar\/principal\/category\/politica-nacional\/"},"img":{"alt_text":"","src":"https:\/\/i0.wp.com\/www.hoymercedes.com.ar\/principal\/wp-content\/uploads\/2020\/09\/16-selva-zarate.jpg?resize=350%2C200&ssl=1","width":350,"height":200,"srcset":"https:\/\/i0.wp.com\/www.hoymercedes.com.ar\/principal\/wp-content\/uploads\/2020\/09\/16-selva-zarate.jpg?resize=350%2C200&ssl=1 1x, https:\/\/i0.wp.com\/www.hoymercedes.com.ar\/principal\/wp-content\/uploads\/2020\/09\/16-selva-zarate.jpg?resize=525%2C300&ssl=1 1.5x"},"classes":[]},{"id":129131,"url":"https:\/\/www.hoymercedes.com.ar\/principal\/2021\/04\/28\/segunda-ola-carlos-selva-pide-medidas-mas-extremas\/","url_meta":{"origin":79002,"position":5},"title":"Segunda ola: Carlos Selva pide medidas \u00abm\u00e1s extremas\u00bb","author":"hoymercedes","date":"28 abril, 2021","format":false,"excerpt":"El diputado nacional\u00a0Carlos Selva\u00a0pidi\u00f3 medidas m\u00e1s extremas para controlar la segunda ola del coronavirus. El legislador nacional del Frente de Todos fue vacunado el pasado viernes junto a su esposa Cristina Arias y por esta horas manifest\u00f3 la necesidad de extremar cuidados en Buenos Aires y apunt\u00f3 contra la \u201coposici\u00f3n\u2026","rel":"","context":"En \u00abPol\u00edtica Nacional\u00bb","block_context":{"text":"Pol\u00edtica Nacional","link":"https:\/\/www.hoymercedes.com.ar\/principal\/category\/politica-nacional\/"},"img":{"alt_text":"","src":"https:\/\/i0.wp.com\/www.hoymercedes.com.ar\/principal\/wp-content\/uploads\/2021\/04\/28-vacunado-selva.jpg?resize=350%2C200&ssl=1","width":350,"height":200,"srcset":"https:\/\/i0.wp.com\/www.hoymercedes.com.ar\/principal\/wp-content\/uploads\/2021\/04\/28-vacunado-selva.jpg?resize=350%2C200&ssl=1 1x, https:\/\/i0.wp.com\/www.hoymercedes.com.ar\/principal\/wp-content\/uploads\/2021\/04\/28-vacunado-selva.jpg?resize=525%2C300&ssl=1 1.5x"},"classes":[]}],"_links":{"self":[{"href":"https:\/\/www.hoymercedes.com.ar\/principal\/wp-json\/wp\/v2\/posts\/79002","targetHints":{"allow":["GET"]}}],"collection":[{"href":"https:\/\/www.hoymercedes.com.ar\/principal\/wp-json\/wp\/v2\/posts"}],"about":[{"href":"https:\/\/www.hoymercedes.com.ar\/principal\/wp-json\/wp\/v2\/types\/post"}],"author":[{"embeddable":true,"href":"https:\/\/www.hoymercedes.com.ar\/principal\/wp-json\/wp\/v2\/users\/1"}],"replies":[{"embeddable":true,"href":"https:\/\/www.hoymercedes.com.ar\/principal\/wp-json\/wp\/v2\/comments?post=79002"}],"version-history":[{"count":0,"href":"https:\/\/www.hoymercedes.com.ar\/principal\/wp-json\/wp\/v2\/posts\/79002\/revisions"}],"wp:featuredmedia":[{"embeddable":true,"href":"https:\/\/www.hoymercedes.com.ar\/principal\/wp-json\/wp\/v2\/media\/75055"}],"wp:attachment":[{"href":"https:\/\/www.hoymercedes.com.ar\/principal\/wp-json\/wp\/v2\/media?parent=79002"}],"wp:term":[{"taxonomy":"category","embeddable":true,"href":"https:\/\/www.hoymercedes.com.ar\/principal\/wp-json\/wp\/v2\/categories?post=79002"},{"taxonomy":"post_tag","embeddable":true,"href":"https:\/\/www.hoymercedes.com.ar\/principal\/wp-json\/wp\/v2\/tags?post=79002"}],"curies":[{"name":"wp","href":"https:\/\/api.w.org\/{rel}","templated":true}]}}