{"id":79025,"date":"2018-07-26T10:10:51","date_gmt":"2018-07-26T13:10:51","guid":{"rendered":"http:\/\/www.hoymercedes.com.ar\/principal\/?p=79025"},"modified":"2018-07-26T09:30:06","modified_gmt":"2018-07-26T12:30:06","slug":"la-cultural-dumer-llama-a-actores-para-conformar-compania-de-teatro","status":"publish","type":"post","link":"https:\/\/www.hoymercedes.com.ar\/principal\/2018\/07\/26\/la-cultural-dumer-llama-a-actores-para-conformar-compania-de-teatro\/","title":{"rendered":"La Cultural Dumer llama a actores para conformar compa\u00f1\u00eda de teatro"},"content":{"rendered":"<p><em><strong>La Cultural Dumer, convoca actores y actrices para su nueva producci\u00f3n comenzando en agosto, que ser\u00e1 dirigida por Ignacio Masjuan.\u00a0La b\u00fasqueda est\u00e1 dirigida a actores varones y mujeres, entre de 20 y 70 a\u00f1os con buen manejo corporal y conocimientos musicales. Cupos limitados.<\/strong><\/em><\/p>\n<p>En el mes de agosto comenzar\u00e1 el proceso de creaci\u00f3n, en La Cultural Dumer que apunta al entrenamiento y profundizaci\u00f3n de las distintas herramientas con las que cuenta el actor para crear sobre los siguientes ejes:<\/p>\n<ol>\n<li>Trabajo del actor sobre si mismo: se trabajar\u00e1 sobre herramientas de desarrollo personal del actor, buscando allanar el camino entre la pulsi\u00f3n y la expresi\u00f3n. Para esto se indagar\u00e1 en ejercicios y t\u00e9cnicas de exposici\u00f3n.<\/li>\n<li>Actuaci\u00f3n: se trabajar\u00e1 en la b\u00fasqueda de la verdad esc\u00e9nica y en el estudio e investigaci\u00f3n de la acci\u00f3n. Descubriendo as\u00ed, un actor activo, que propone desde el pensamiento del personaje, hasta la puesta en escena.<\/li>\n<li>Montaje de obra: El resultado del proceso creativo conformara una obra teatral.<br \/>\nLos aspirantes deber\u00e1n enviar un mail a imasjuan@gmail.com para coordinar una entrevista con el director.<\/li>\n<\/ol>\n<p>Los ensayos est\u00e1n previstos para los meses desde agosto hasta diciembre en el rango horario entre las 16 y 20 horas, una o dos veces por semana y d\u00edas de la semana a definir.<\/p>\n<p>El director de la futura compa\u00f1\u00eda de teatro de La Cultural Dumer,\u00a0Ignacio Masjuan, es director teatral, autor y profesor. Se ha formado como actor con los profesores Ines Pascual, Laura Yusem, Augusto Fernandez, Ricardo Bartiz. Su formaci\u00f3n extra en direcci\u00f3n fue dictada por Juan Carlos Gen\u00e9. Trabaj\u00f3 en distintas puestas de grupos teatrales de la ciudad de Buenos Aires. En Mercedes dict\u00f3 un Seminario de Actuaci\u00f3n en El Limonero.\u00a0Con su obra \u00abLiberar\u00e1s tu patria\u00bb fue seleccionado como director y autor, para la Comedia del Teatro Municipal de Mercedes.\u00a0En 2018 funda junto a un grupo de dementes en Mercedes el Centro Cultural \u00abLa Cultural Dumer\u00bb<\/p>\n","protected":false},"excerpt":{"rendered":"<p>La Cultural Dumer, convoca actores y actrices para su nueva producci\u00f3n comenzando en agosto, que ser\u00e1 dirigida por Ignacio Masjuan.\u00a0La &#8230; <a title=\"La Cultural Dumer llama a actores para conformar compa\u00f1\u00eda de teatro\" class=\"read-more\" href=\"https:\/\/www.hoymercedes.com.ar\/principal\/2018\/07\/26\/la-cultural-dumer-llama-a-actores-para-conformar-compania-de-teatro\/\" aria-label=\"Leer m\u00e1s sobre La Cultural Dumer llama a actores para conformar compa\u00f1\u00eda de teatro\">Leer m\u00e1s<\/a><\/p>\n","protected":false},"author":1,"featured_media":79027,"comment_status":"closed","ping_status":"open","sticky":false,"template":"","format":"standard","meta":{"_monsterinsights_skip_tracking":false,"_monsterinsights_sitenote_active":false,"_monsterinsights_sitenote_note":"","_monsterinsights_sitenote_category":0,"jetpack_post_was_ever_published":false,"_jetpack_newsletter_access":"","_jetpack_dont_email_post_to_subs":false,"_jetpack_newsletter_tier_id":0,"_jetpack_memberships_contains_paywalled_content":false,"_jetpack_memberships_contains_paid_content":false,"footnotes":"","jetpack_publicize_message":"","jetpack_publicize_feature_enabled":true,"jetpack_social_post_already_shared":true,"jetpack_social_options":{"image_generator_settings":{"template":"highway","default_image_id":0,"font":"","enabled":false},"version":2},"_wpas_customize_per_network":false},"categories":[104],"tags":[13511,9168,7805,13248,10,1180],"class_list":["post-79025","post","type-post","status-publish","format-standard","has-post-thumbnail","hentry","category-cultura","tag-compania-teatral","tag-convocatoria","tag-cultura","tag-la-cultural-dumer","tag-mercedes","tag-teatro","generate-columns","tablet-grid-50","mobile-grid-100","grid-parent","grid-50"],"jetpack_publicize_connections":[],"jetpack_featured_media_url":"https:\/\/www.hoymercedes.com.ar\/principal\/wp-content\/uploads\/2018\/07\/26-dumer-teatro.jpg","wps_subtitle":"Bajo la direcci\u00f3n de Ignacio Masjuan","jetpack_sharing_enabled":true,"jetpack-related-posts":[{"id":154816,"url":"https:\/\/www.hoymercedes.com.ar\/principal\/2022\/10\/31\/jueves-de-teatro-en-la-cultural-dumer\/","url_meta":{"origin":79025,"position":0},"title":"Jueves de teatro en la Cultural Dumer","author":"hoymercedes","date":"31 octubre, 2022","format":false,"excerpt":"La Pajarita de Papel, compa\u00f1ia de teatro (Madrid- Espa\u00f1a) presenta, \"Un lugar en la memoria\", sobre textos de Felisberto Hern\u00e1ndez. La funci\u00f3n es el jueves 3, 21 horas.","rel":"","context":"En \u00abCultura\u00bb","block_context":{"text":"Cultura","link":"https:\/\/www.hoymercedes.com.ar\/principal\/category\/cultura\/"},"img":{"alt_text":"","src":"https:\/\/i0.wp.com\/www.hoymercedes.com.ar\/principal\/wp-content\/uploads\/2022\/10\/dumer-pajaruta.jpeg?resize=350%2C200&ssl=1","width":350,"height":200,"srcset":"https:\/\/i0.wp.com\/www.hoymercedes.com.ar\/principal\/wp-content\/uploads\/2022\/10\/dumer-pajaruta.jpeg?resize=350%2C200&ssl=1 1x, https:\/\/i0.wp.com\/www.hoymercedes.com.ar\/principal\/wp-content\/uploads\/2022\/10\/dumer-pajaruta.jpeg?resize=525%2C300&ssl=1 1.5x, https:\/\/i0.wp.com\/www.hoymercedes.com.ar\/principal\/wp-content\/uploads\/2022\/10\/dumer-pajaruta.jpeg?resize=700%2C400&ssl=1 2x"},"classes":[]},{"id":189037,"url":"https:\/\/www.hoymercedes.com.ar\/principal\/2025\/10\/21\/vuelven-los-micromonologos-a-la-cultural-dumer-con-nuevas-historias-y-la-misma-energia\/","url_meta":{"origin":79025,"position":1},"title":"Vuelven los \u201cMicromon\u00f3logos\u201d a La Cultural Dumer con nuevas historias y la misma energ\u00eda","author":"hoymercedes","date":"21 octubre, 2025","format":false,"excerpt":"Tras el \u00e9xito de su primera edici\u00f3n, el ciclo de micromon\u00f3logos regresa con nuevas funciones, seis historias breves e intensas y una propuesta que combina teatro, gastronom\u00eda y encuentro con el p\u00fablico. Plan M en la Cultural Dumer Despu\u00e9s del gran recibimiento de su primera edici\u00f3n, el ciclo \u201cMicromon\u00f3logos\u201d vuelve\u2026","rel":"","context":"En \u00abCultura\u00bb","block_context":{"text":"Cultura","link":"https:\/\/www.hoymercedes.com.ar\/principal\/category\/cultura\/"},"img":{"alt_text":"Plan M en la Cultural Dumer","src":"https:\/\/i0.wp.com\/www.hoymercedes.com.ar\/principal\/wp-content\/uploads\/2025\/10\/Plan-M.jpg?resize=350%2C200&ssl=1","width":350,"height":200,"srcset":"https:\/\/i0.wp.com\/www.hoymercedes.com.ar\/principal\/wp-content\/uploads\/2025\/10\/Plan-M.jpg?resize=350%2C200&ssl=1 1x, https:\/\/i0.wp.com\/www.hoymercedes.com.ar\/principal\/wp-content\/uploads\/2025\/10\/Plan-M.jpg?resize=525%2C300&ssl=1 1.5x, https:\/\/i0.wp.com\/www.hoymercedes.com.ar\/principal\/wp-content\/uploads\/2025\/10\/Plan-M.jpg?resize=700%2C400&ssl=1 2x, https:\/\/i0.wp.com\/www.hoymercedes.com.ar\/principal\/wp-content\/uploads\/2025\/10\/Plan-M.jpg?resize=1050%2C600&ssl=1 3x"},"classes":[]},{"id":128681,"url":"https:\/\/www.hoymercedes.com.ar\/principal\/2021\/04\/22\/sabado-de-teatro-en-la-dumer\/","url_meta":{"origin":79025,"position":2},"title":"S\u00e1bado de teatro en La Dumer","author":"hoymercedes","date":"22 abril, 2021","format":false,"excerpt":"En el espacio cultural La Dumer, este s\u00e1bado 24 de abril, a las 18hs, desde la ciudad de Escobar, se presentar\u00e1 una nueva propuesta teatral escrita y dirigida por Guido Zappacosta y con la actuaci\u00f3n de Guillermo Bochaton y Evangelina Ferreira. Presentar\u00e1n la obra \u201cEl amor, un guiso a fuego\u2026","rel":"","context":"En \u00abCultura\u00bb","block_context":{"text":"Cultura","link":"https:\/\/www.hoymercedes.com.ar\/principal\/category\/cultura\/"},"img":{"alt_text":"","src":"https:\/\/i0.wp.com\/www.hoymercedes.com.ar\/principal\/wp-content\/uploads\/2021\/04\/WhatsApp-Image-2021-04-21-at-19.45.42-e1619110945624.jpeg?resize=350%2C200&ssl=1","width":350,"height":200,"srcset":"https:\/\/i0.wp.com\/www.hoymercedes.com.ar\/principal\/wp-content\/uploads\/2021\/04\/WhatsApp-Image-2021-04-21-at-19.45.42-e1619110945624.jpeg?resize=350%2C200&ssl=1 1x, https:\/\/i0.wp.com\/www.hoymercedes.com.ar\/principal\/wp-content\/uploads\/2021\/04\/WhatsApp-Image-2021-04-21-at-19.45.42-e1619110945624.jpeg?resize=525%2C300&ssl=1 1.5x, https:\/\/i0.wp.com\/www.hoymercedes.com.ar\/principal\/wp-content\/uploads\/2021\/04\/WhatsApp-Image-2021-04-21-at-19.45.42-e1619110945624.jpeg?resize=700%2C400&ssl=1 2x"},"classes":[]},{"id":112191,"url":"https:\/\/www.hoymercedes.com.ar\/principal\/2020\/06\/15\/la-cultural-dumer-festeja-virtualmente-sus-dos-anos\/","url_meta":{"origin":79025,"position":3},"title":"La Cultural DUMER festeja virtualmente sus dos a\u00f1os","author":"hoymercedes","date":"15 junio, 2020","format":false,"excerpt":"El espacio cultural de calle 10 casi esquina de 33 celebra este 15 de junio dos a\u00f1os desde su apertura. Sin poder festejarlo de manera presencial, armaron un texto y un video para celebrar un espacio de transform\u00f3 un galp\u00f3n para dep\u00f3sito en un espacio donde la m\u00fasica, el baile,\u2026","rel":"","context":"En \u00abCultura\u00bb","block_context":{"text":"Cultura","link":"https:\/\/www.hoymercedes.com.ar\/principal\/category\/cultura\/"},"img":{"alt_text":"","src":"https:\/\/i0.wp.com\/www.hoymercedes.com.ar\/principal\/wp-content\/uploads\/2018\/06\/07-Cultural-Dumer-1.jpg?resize=350%2C200&ssl=1","width":350,"height":200,"srcset":"https:\/\/i0.wp.com\/www.hoymercedes.com.ar\/principal\/wp-content\/uploads\/2018\/06\/07-Cultural-Dumer-1.jpg?resize=350%2C200&ssl=1 1x, https:\/\/i0.wp.com\/www.hoymercedes.com.ar\/principal\/wp-content\/uploads\/2018\/06\/07-Cultural-Dumer-1.jpg?resize=525%2C300&ssl=1 1.5x, https:\/\/i0.wp.com\/www.hoymercedes.com.ar\/principal\/wp-content\/uploads\/2018\/06\/07-Cultural-Dumer-1.jpg?resize=700%2C400&ssl=1 2x"},"classes":[]},{"id":147241,"url":"https:\/\/www.hoymercedes.com.ar\/principal\/2022\/04\/27\/roto-el-cuelo-en-la-cultural-dumer\/","url_meta":{"origin":79025,"position":4},"title":"Roto el Cielo en La Cultural Dumer","author":"hoymercedes","date":"27 abril, 2022","format":false,"excerpt":"El venidero viernes 29 habr\u00e1 teatro en La Cultural Dumer. \"Roto el Cielo\" se presentar\u00e1 en una \u00fanica funci\u00f3n a partir de la hora 21. Entradas anticipadas a $500, comunic\u00e1ndose al 11-36022978 La sin\u00f3psis dice: \"En plena pandemia, dos amigxs sobreviven el aislamiento m\u00e1s estricto de la cuarentena entre chismes\u2026","rel":"","context":"En \u00abCultura\u00bb","block_context":{"text":"Cultura","link":"https:\/\/www.hoymercedes.com.ar\/principal\/category\/cultura\/"},"img":{"alt_text":"","src":"https:\/\/i0.wp.com\/www.hoymercedes.com.ar\/principal\/wp-content\/uploads\/2022\/04\/cultural-dumer.jpeg?resize=350%2C200&ssl=1","width":350,"height":200,"srcset":"https:\/\/i0.wp.com\/www.hoymercedes.com.ar\/principal\/wp-content\/uploads\/2022\/04\/cultural-dumer.jpeg?resize=350%2C200&ssl=1 1x, https:\/\/i0.wp.com\/www.hoymercedes.com.ar\/principal\/wp-content\/uploads\/2022\/04\/cultural-dumer.jpeg?resize=525%2C300&ssl=1 1.5x, https:\/\/i0.wp.com\/www.hoymercedes.com.ar\/principal\/wp-content\/uploads\/2022\/04\/cultural-dumer.jpeg?resize=700%2C400&ssl=1 2x"},"classes":[]},{"id":89327,"url":"https:\/\/www.hoymercedes.com.ar\/principal\/2019\/03\/12\/nueva-edicion-de-la-fiesta-regional-de-teatro-independiente\/","url_meta":{"origin":79025,"position":5},"title":"Nueva edici\u00f3n de la Fiesta Regional de Teatro Independiente","author":"hoymercedes","date":"12 marzo, 2019","format":false,"excerpt":"Del viernes 15 al domingo 17 de marzo, Mercedes ser\u00e1 sede de la Fiesta Regional de Teatro Independiente, una de las ocho que se desarrollan en la provincia de Buenos Aires con el auspicio del Consejo Provincial de Teatro Independiente (CPTI) y el apoyo de la Direcci\u00f3n de Cultura de\u2026","rel":"","context":"En \u00abCultura\u00bb","block_context":{"text":"Cultura","link":"https:\/\/www.hoymercedes.com.ar\/principal\/category\/cultura\/"},"img":{"alt_text":"","src":"https:\/\/i0.wp.com\/www.hoymercedes.com.ar\/principal\/wp-content\/uploads\/2019\/03\/12-teatro-2.jpg?resize=350%2C200&ssl=1","width":350,"height":200,"srcset":"https:\/\/i0.wp.com\/www.hoymercedes.com.ar\/principal\/wp-content\/uploads\/2019\/03\/12-teatro-2.jpg?resize=350%2C200&ssl=1 1x, https:\/\/i0.wp.com\/www.hoymercedes.com.ar\/principal\/wp-content\/uploads\/2019\/03\/12-teatro-2.jpg?resize=525%2C300&ssl=1 1.5x, https:\/\/i0.wp.com\/www.hoymercedes.com.ar\/principal\/wp-content\/uploads\/2019\/03\/12-teatro-2.jpg?resize=700%2C400&ssl=1 2x"},"classes":[]}],"_links":{"self":[{"href":"https:\/\/www.hoymercedes.com.ar\/principal\/wp-json\/wp\/v2\/posts\/79025","targetHints":{"allow":["GET"]}}],"collection":[{"href":"https:\/\/www.hoymercedes.com.ar\/principal\/wp-json\/wp\/v2\/posts"}],"about":[{"href":"https:\/\/www.hoymercedes.com.ar\/principal\/wp-json\/wp\/v2\/types\/post"}],"author":[{"embeddable":true,"href":"https:\/\/www.hoymercedes.com.ar\/principal\/wp-json\/wp\/v2\/users\/1"}],"replies":[{"embeddable":true,"href":"https:\/\/www.hoymercedes.com.ar\/principal\/wp-json\/wp\/v2\/comments?post=79025"}],"version-history":[{"count":0,"href":"https:\/\/www.hoymercedes.com.ar\/principal\/wp-json\/wp\/v2\/posts\/79025\/revisions"}],"wp:featuredmedia":[{"embeddable":true,"href":"https:\/\/www.hoymercedes.com.ar\/principal\/wp-json\/wp\/v2\/media\/79027"}],"wp:attachment":[{"href":"https:\/\/www.hoymercedes.com.ar\/principal\/wp-json\/wp\/v2\/media?parent=79025"}],"wp:term":[{"taxonomy":"category","embeddable":true,"href":"https:\/\/www.hoymercedes.com.ar\/principal\/wp-json\/wp\/v2\/categories?post=79025"},{"taxonomy":"post_tag","embeddable":true,"href":"https:\/\/www.hoymercedes.com.ar\/principal\/wp-json\/wp\/v2\/tags?post=79025"}],"curies":[{"name":"wp","href":"https:\/\/api.w.org\/{rel}","templated":true}]}}