{"id":79030,"date":"2018-07-25T21:05:52","date_gmt":"2018-07-26T00:05:52","guid":{"rendered":"http:\/\/www.hoymercedes.com.ar\/principal\/?p=79030"},"modified":"2018-07-25T20:26:10","modified_gmt":"2018-07-25T23:26:10","slug":"municipio-realiza-obras-hidricas-en-barrio-lapenta","status":"publish","type":"post","link":"https:\/\/www.hoymercedes.com.ar\/principal\/2018\/07\/25\/municipio-realiza-obras-hidricas-en-barrio-lapenta\/","title":{"rendered":"Municipio realiza obras h\u00eddricas en barrio Lapenta"},"content":{"rendered":"<figure id=\"attachment_79031\" aria-describedby=\"caption-attachment-79031\" style=\"width: 620px\" class=\"wp-caption aligncenter\"><img loading=\"lazy\" decoding=\"async\" data-attachment-id=\"79031\" data-permalink=\"https:\/\/www.hoymercedes.com.ar\/principal\/2018\/07\/25\/municipio-realiza-obras-hidricas-en-barrio-lapenta\/obra-11-2\/#main\" data-orig-file=\"https:\/\/www.hoymercedes.com.ar\/principal\/wp-content\/uploads\/2018\/07\/obra-11-2.jpg\" data-orig-size=\"730,410\" data-comments-opened=\"0\" data-image-meta=\"{&quot;aperture&quot;:&quot;0&quot;,&quot;credit&quot;:&quot;&quot;,&quot;camera&quot;:&quot;&quot;,&quot;caption&quot;:&quot;&quot;,&quot;created_timestamp&quot;:&quot;0&quot;,&quot;copyright&quot;:&quot;&quot;,&quot;focal_length&quot;:&quot;0&quot;,&quot;iso&quot;:&quot;0&quot;,&quot;shutter_speed&quot;:&quot;0&quot;,&quot;title&quot;:&quot;&quot;,&quot;orientation&quot;:&quot;0&quot;}\" data-image-title=\"obra-11-2\" data-image-description=\"\" data-image-caption=\"&lt;p&gt;Obra h\u00eddrica 34 y 11&lt;\/p&gt;\n\" data-large-file=\"https:\/\/www.hoymercedes.com.ar\/principal\/wp-content\/uploads\/2018\/07\/obra-11-2.jpg\" class=\"size-medium wp-image-79031\" src=\"https:\/\/www.hoymercedes.com.ar\/principal\/wp-content\/uploads\/2018\/07\/obra-11-2-630x354.jpg\" alt=\"\" width=\"630\" height=\"354\" srcset=\"https:\/\/www.hoymercedes.com.ar\/principal\/wp-content\/uploads\/2018\/07\/obra-11-2-630x354.jpg 630w, https:\/\/www.hoymercedes.com.ar\/principal\/wp-content\/uploads\/2018\/07\/obra-11-2-150x84.jpg 150w, https:\/\/www.hoymercedes.com.ar\/principal\/wp-content\/uploads\/2018\/07\/obra-11-2.jpg 730w\" sizes=\"auto, (max-width: 630px) 100vw, 630px\" \/><figcaption id=\"caption-attachment-79031\" class=\"wp-caption-text\">Obra h\u00eddrica 34 y 11<\/figcaption><\/figure>\n<p><strong>\u00a0<\/strong><\/p>\n<p>El Municipio de Mercedes contin\u00faa, de forma planificada, resolviendo los problemas que se suscitan en la ciudad. En esta oportunidad, se est\u00e1n realizando obras de entubamiento y bocas de tormenta en las calles 34 y 11. \u201cCuando llueve el agua que se acumula en esta esquina no escurre, lo cual genera muchos inconvenientes a los vecinos -incluso algunos expresaban que les ingresaba agua en sus hogares- por ese motivo hemos tomado la decisi\u00f3n de llevar adelante esta obra\u201d destac\u00f3 el jefe comunal, el Dr. Juan Ignacio Ustarroz. Desde hace a\u00f1os los vecinos ven\u00edan requiriendo una intervenci\u00f3n, destac\u00f3 tambi\u00e9n el Jefe de Gabinete, Mat\u00edas Dematei.<\/p>\n<p>Adem\u00e1s, el primer mandatario destac\u00f3 \u201cseguimos avanzando con obras en la ciudad -pluviales, cloacales, ca\u00f1os de agua- todos trabajos que podemos llevar a cabo gracias a que tenemos una econom\u00eda saneada y que nos permite dar respuesta en funci\u00f3n de los reclamamos de nuestros vecinos\u201d y subray\u00f3 \u201cuna alegr\u00eda grande ver que nuestra ciudad avanza y contin\u00faa creciendo mediante obras y con recursos mercedinos\u201d.<\/p>\n<figure id=\"attachment_79032\" aria-describedby=\"caption-attachment-79032\" style=\"width: 620px\" class=\"wp-caption aligncenter\"><img loading=\"lazy\" decoding=\"async\" data-attachment-id=\"79032\" data-permalink=\"https:\/\/www.hoymercedes.com.ar\/principal\/2018\/07\/25\/municipio-realiza-obras-hidricas-en-barrio-lapenta\/obra-11-1\/#main\" data-orig-file=\"https:\/\/www.hoymercedes.com.ar\/principal\/wp-content\/uploads\/2018\/07\/obra-11-1.jpg\" data-orig-size=\"730,410\" data-comments-opened=\"0\" data-image-meta=\"{&quot;aperture&quot;:&quot;0&quot;,&quot;credit&quot;:&quot;&quot;,&quot;camera&quot;:&quot;&quot;,&quot;caption&quot;:&quot;&quot;,&quot;created_timestamp&quot;:&quot;0&quot;,&quot;copyright&quot;:&quot;&quot;,&quot;focal_length&quot;:&quot;0&quot;,&quot;iso&quot;:&quot;0&quot;,&quot;shutter_speed&quot;:&quot;0&quot;,&quot;title&quot;:&quot;&quot;,&quot;orientation&quot;:&quot;0&quot;}\" data-image-title=\"obra-11-1\" data-image-description=\"\" data-image-caption=\"&lt;p&gt;34 y 11&lt;\/p&gt;\n\" data-large-file=\"https:\/\/www.hoymercedes.com.ar\/principal\/wp-content\/uploads\/2018\/07\/obra-11-1.jpg\" class=\"size-medium wp-image-79032\" src=\"https:\/\/www.hoymercedes.com.ar\/principal\/wp-content\/uploads\/2018\/07\/obra-11-1-630x354.jpg\" alt=\"\" width=\"630\" height=\"354\" srcset=\"https:\/\/www.hoymercedes.com.ar\/principal\/wp-content\/uploads\/2018\/07\/obra-11-1-630x354.jpg 630w, https:\/\/www.hoymercedes.com.ar\/principal\/wp-content\/uploads\/2018\/07\/obra-11-1-150x84.jpg 150w, https:\/\/www.hoymercedes.com.ar\/principal\/wp-content\/uploads\/2018\/07\/obra-11-1.jpg 730w\" sizes=\"auto, (max-width: 630px) 100vw, 630px\" \/><figcaption id=\"caption-attachment-79032\" class=\"wp-caption-text\">34 y 11<\/figcaption><\/figure>\n<p><strong>Fondos propios <\/strong><\/p>\n<p>Asimismo, recalc\u00f3 \u201cla estamos realizando con trabajo mercedino, porque m\u00e1s all\u00e1 que no lo hagan los trabajadores municipales, las labores son llevadas a cabo por vecinos de nuestra ciudad\u201d.<\/p>\n<p>Es importante destacar que las obras se realizan con fondos propios, es decir, con fondos del Estado Municipal de Mercedes. Todo esto es gracias a que en estos dos a\u00f1os y medio de gesti\u00f3n se ha saneado la econom\u00eda y se ha logrado un super\u00e1vit. Este buen manejo de los fondos p\u00fablicos permiti\u00f3 comprar 50 veh\u00edculos cero kil\u00f3metro; camiones, barredoras, retropalas, tractores, acoplados, motoniveladoras, es decir, todas herramientas que capitalizaron el \u00e1rea de servicios p\u00fablicos. Es bueno se\u00f1alar que los veh\u00edculos fueron adquiridos al contado sin generaci\u00f3n de deuda futura.<\/p>\n<p><strong>Mano de obra<\/strong><\/p>\n<p>Pablo L\u00f3pez, uno de los trabajadores que lleva adelante esta obra, relat\u00f3 \u201cnos encontramos trabajando en un desag\u00fce pluvial, debido al acumulamiento de agua que se produce los d\u00edas de lluvia\u201d y se\u00f1al\u00f3 \u201cpor ese motivo estamos realizando esta obra, para poder aliviar esa problem\u00e1tica que tienen los vecinos del lugar\u201d.<\/p>\n<p>Y a su vez inform\u00f3 \u201cven\u00edamos muy bien, ya ten\u00edamos una mano entubada -nos falta la otra mano- pero debido a las malas condiciones clim\u00e1ticas vamos a tener que esperar para poder terminar la obra\u201d.<\/p>\n<p><strong>Requerida<\/strong><\/p>\n<p>Por su parte, el Jefe de Gabinete, coment\u00f3 que \u201chemos recibido reclamo de los vecinos y constatado que por la ca\u00edda que tiene la calle 11 los d\u00edas de mucha lluvia en poco tiempo la \u00fanica de boca de tormenta no daba abasto haciendo que el nivel del agua suba mucho e incluso habiendo ingresado a las viviendas\u201d narr\u00f3 y sostuvo que \u201cpor eso se decidi\u00f3 tambi\u00e9n crear nuevos sumideros para un mejor desagote\u201d<\/p>\n<p>Ustarroz destac\u00f3 que \u201cal romper encontramos adem\u00e1s un problema con ca\u00f1os de cloacas, as\u00ed que tambi\u00e9n daremos intervenci\u00f3n en el asunto\u201d<\/p>\n<p>Dematei destac\u00f3 que \u201cefectivamente daremos una soluci\u00f3n al gran nivel de agua como tambi\u00e9n al cloacal que generaba mal olor siendo algo de larga data y que iniciamos lo que entendemos ser\u00e1 una soluci\u00f3n\u201d<\/p>\n<p>Cabe indicar, que la inversi\u00f3n por parte del Municipio en este tipo de obras, no s\u00f3lo impacta en el mejoramiento exponencial de los barrios, sino tambi\u00e9n, genera trabajo para muchos mercedinos, siendo un apoyo a la econom\u00eda local.<\/p>\n<p><img loading=\"lazy\" decoding=\"async\" data-attachment-id=\"79033\" data-permalink=\"https:\/\/www.hoymercedes.com.ar\/principal\/2018\/07\/25\/municipio-realiza-obras-hidricas-en-barrio-lapenta\/obra-11-3\/#main\" data-orig-file=\"https:\/\/www.hoymercedes.com.ar\/principal\/wp-content\/uploads\/2018\/07\/obra-11-3.jpg\" data-orig-size=\"730,410\" data-comments-opened=\"0\" data-image-meta=\"{&quot;aperture&quot;:&quot;0&quot;,&quot;credit&quot;:&quot;&quot;,&quot;camera&quot;:&quot;&quot;,&quot;caption&quot;:&quot;&quot;,&quot;created_timestamp&quot;:&quot;0&quot;,&quot;copyright&quot;:&quot;&quot;,&quot;focal_length&quot;:&quot;0&quot;,&quot;iso&quot;:&quot;0&quot;,&quot;shutter_speed&quot;:&quot;0&quot;,&quot;title&quot;:&quot;&quot;,&quot;orientation&quot;:&quot;0&quot;}\" data-image-title=\"obra-11-3\" data-image-description=\"\" data-image-caption=\"\" data-large-file=\"https:\/\/www.hoymercedes.com.ar\/principal\/wp-content\/uploads\/2018\/07\/obra-11-3.jpg\" class=\"aligncenter size-medium wp-image-79033\" src=\"https:\/\/www.hoymercedes.com.ar\/principal\/wp-content\/uploads\/2018\/07\/obra-11-3-630x354.jpg\" alt=\"\" width=\"630\" height=\"354\" srcset=\"https:\/\/www.hoymercedes.com.ar\/principal\/wp-content\/uploads\/2018\/07\/obra-11-3-630x354.jpg 630w, https:\/\/www.hoymercedes.com.ar\/principal\/wp-content\/uploads\/2018\/07\/obra-11-3-150x84.jpg 150w, https:\/\/www.hoymercedes.com.ar\/principal\/wp-content\/uploads\/2018\/07\/obra-11-3.jpg 730w\" sizes=\"auto, (max-width: 630px) 100vw, 630px\" \/><\/p>\n<p>&nbsp;<\/p>\n<p>Fuente: Municipio<\/p>\n","protected":false},"excerpt":{"rendered":"<p>\u00a0 El Municipio de Mercedes contin\u00faa, de forma planificada, resolviendo los problemas que se suscitan en la ciudad. En esta &#8230; <a title=\"Municipio realiza obras h\u00eddricas en barrio Lapenta\" class=\"read-more\" href=\"https:\/\/www.hoymercedes.com.ar\/principal\/2018\/07\/25\/municipio-realiza-obras-hidricas-en-barrio-lapenta\/\" aria-label=\"Leer m\u00e1s sobre Municipio realiza obras h\u00eddricas en barrio Lapenta\">Leer m\u00e1s<\/a><\/p>\n","protected":false},"author":1,"featured_media":79031,"comment_status":"closed","ping_status":"open","sticky":false,"template":"","format":"standard","meta":{"_monsterinsights_skip_tracking":false,"_monsterinsights_sitenote_active":false,"_monsterinsights_sitenote_note":"","_monsterinsights_sitenote_category":0,"jetpack_post_was_ever_published":false,"_jetpack_newsletter_access":"","_jetpack_dont_email_post_to_subs":false,"_jetpack_newsletter_tier_id":0,"_jetpack_memberships_contains_paywalled_content":false,"_jetpack_memberships_contains_paid_content":false,"footnotes":"","jetpack_publicize_message":"","jetpack_publicize_feature_enabled":true,"jetpack_social_post_already_shared":true,"jetpack_social_options":{"image_generator_settings":{"template":"highway","default_image_id":0,"font":"","enabled":false},"version":2},"_wpas_customize_per_network":false},"categories":[30],"tags":[12927,424],"class_list":["post-79030","post","type-post","status-publish","format-standard","has-post-thumbnail","hentry","category-municipio","tag-obras-hidricas","tag-ustarroz","generate-columns","tablet-grid-50","mobile-grid-100","grid-parent","grid-50"],"jetpack_publicize_connections":[],"jetpack_featured_media_url":"https:\/\/www.hoymercedes.com.ar\/principal\/wp-content\/uploads\/2018\/07\/obra-11-2.jpg","wps_subtitle":"34 y 11 ","jetpack_sharing_enabled":true,"jetpack-related-posts":[{"id":117096,"url":"https:\/\/www.hoymercedes.com.ar\/principal\/2020\/09\/18\/municipio-y-enohsa-firman-convenio-para-obras-hidricas\/","url_meta":{"origin":79030,"position":0},"title":"Municipio y ENOHSA firman convenio para obras h\u00eddricas","author":"Clarisa Altieri","date":"18 septiembre, 2020","format":false,"excerpt":"El Municipio de Mercedes y ENOHSA (Ente Nacional De Obras h\u00eddricas De Saneamiento) convenieron un plan de saneamiento y fortalecimiento de las redes de agua y cloacas en la ciudad. Iniciaron la planificaci\u00f3n para la soluci\u00f3n de estas problem\u00e1ticas. \u00a0 El intendente Juan Ignacio Ustarroz manifest\u00f3 \u201cestamos muy contentos y\u2026","rel":"","context":"En \u00abMunicipio\u00bb","block_context":{"text":"Municipio","link":"https:\/\/www.hoymercedes.com.ar\/principal\/category\/municipio\/"},"img":{"alt_text":"","src":"https:\/\/i0.wp.com\/www.hoymercedes.com.ar\/principal\/wp-content\/uploads\/2020\/09\/DSC08506.jpg?resize=350%2C200&ssl=1","width":350,"height":200,"srcset":"https:\/\/i0.wp.com\/www.hoymercedes.com.ar\/principal\/wp-content\/uploads\/2020\/09\/DSC08506.jpg?resize=350%2C200&ssl=1 1x, https:\/\/i0.wp.com\/www.hoymercedes.com.ar\/principal\/wp-content\/uploads\/2020\/09\/DSC08506.jpg?resize=525%2C300&ssl=1 1.5x, https:\/\/i0.wp.com\/www.hoymercedes.com.ar\/principal\/wp-content\/uploads\/2020\/09\/DSC08506.jpg?resize=700%2C400&ssl=1 2x"},"classes":[]},{"id":100264,"url":"https:\/\/www.hoymercedes.com.ar\/principal\/2019\/09\/23\/inauguraron-obras-de-pavimento-hidricas-y-iluminacion-en-los-barrios-malvinas-e-h-yrigoyen\/","url_meta":{"origin":79030,"position":1},"title":"Inauguraron obras de pavimento, h\u00eddricas y iluminaci\u00f3n en los Barrios Malvinas e H. Yrigoyen","author":"hoymercedes","date":"23 septiembre, 2019","format":false,"excerpt":"Junto a los vecinos, el Municipio llev\u00f3 a cabo una nueva inauguraci\u00f3n de pavimento. Con fondos municipales se pavimentaron 800 metros en hormig\u00f3n, se coloc\u00f3 iluminaci\u00f3n LED y se realiz\u00f3 una importante obra h\u00eddrica en la zona. \u201cEstamos muy felices, junto a los vecinos, de inaugurar esta obra que trae\u2026","rel":"","context":"En \u00abMunicipio\u00bb","block_context":{"text":"Municipio","link":"https:\/\/www.hoymercedes.com.ar\/principal\/category\/municipio\/"},"img":{"alt_text":"","src":"https:\/\/i0.wp.com\/www.hoymercedes.com.ar\/principal\/wp-content\/uploads\/2019\/09\/23-plaza-1.jpg?resize=350%2C200&ssl=1","width":350,"height":200,"srcset":"https:\/\/i0.wp.com\/www.hoymercedes.com.ar\/principal\/wp-content\/uploads\/2019\/09\/23-plaza-1.jpg?resize=350%2C200&ssl=1 1x, https:\/\/i0.wp.com\/www.hoymercedes.com.ar\/principal\/wp-content\/uploads\/2019\/09\/23-plaza-1.jpg?resize=525%2C300&ssl=1 1.5x, https:\/\/i0.wp.com\/www.hoymercedes.com.ar\/principal\/wp-content\/uploads\/2019\/09\/23-plaza-1.jpg?resize=700%2C400&ssl=1 2x"},"classes":[]},{"id":171725,"url":"https:\/\/www.hoymercedes.com.ar\/principal\/2024\/01\/08\/avanzan-con-las-obras-hidricas-en-los-canales-de-la-ciudad\/","url_meta":{"origin":79030,"position":2},"title":"Avanzan con las obras h\u00eddricas en los canales de la ciudad","author":"hoymercedes","date":"8 enero, 2024","format":false,"excerpt":"El intendente Juan I. Ustarroz visit\u00f3 las obras que se vienen desarrollando junto a la Provincia de Buenos Aires en los distintos canales de nuestra ciudad. Se enmarcan en un plan h\u00eddrico integral que ya permiti\u00f3 desplegar obras de ampliaci\u00f3n, limpieza, desmalezamiento, desobstrucci\u00f3n y mejoras en el canal de la\u2026","rel":"","context":"En \u00abMunicipio\u00bb","block_context":{"text":"Municipio","link":"https:\/\/www.hoymercedes.com.ar\/principal\/category\/municipio\/"},"img":{"alt_text":"limpieza de canales en Mercedes","src":"https:\/\/i0.wp.com\/www.hoymercedes.com.ar\/principal\/wp-content\/uploads\/2024\/01\/DSC03936.jpg?resize=350%2C200&ssl=1","width":350,"height":200,"srcset":"https:\/\/i0.wp.com\/www.hoymercedes.com.ar\/principal\/wp-content\/uploads\/2024\/01\/DSC03936.jpg?resize=350%2C200&ssl=1 1x, https:\/\/i0.wp.com\/www.hoymercedes.com.ar\/principal\/wp-content\/uploads\/2024\/01\/DSC03936.jpg?resize=525%2C300&ssl=1 1.5x, https:\/\/i0.wp.com\/www.hoymercedes.com.ar\/principal\/wp-content\/uploads\/2024\/01\/DSC03936.jpg?resize=700%2C400&ssl=1 2x, https:\/\/i0.wp.com\/www.hoymercedes.com.ar\/principal\/wp-content\/uploads\/2024\/01\/DSC03936.jpg?resize=1050%2C600&ssl=1 3x"},"classes":[]},{"id":145994,"url":"https:\/\/www.hoymercedes.com.ar\/principal\/2022\/03\/30\/inauguraron-otras-10-cuadras-de-pavimento-iluminacon-forestacion-y-mejoras-hidricas\/","url_meta":{"origin":79030,"position":3},"title":"Inauguraron otras 10 cuadras de pavimento, iluminac\u00f3n, forestaci\u00f3n y mejoras h\u00eddricas","author":"hoymercedes","date":"30 marzo, 2022","format":false,"excerpt":"Este lunes se inaugur\u00f3 una obra que no s\u00f3lo incorpor\u00f3 10 cuadras de asfalto a un barrio, sino, adem\u00e1s, incluy\u00f3 obras complementarias que le permitir\u00e1 a los vecinos, de ahora en m\u00e1s, mejorar su calidad de vida. A esta zona en la que confluyen diferentes barrios, se le realizaron trabajos\u2026","rel":"","context":"En \u00abMunicipio\u00bb","block_context":{"text":"Municipio","link":"https:\/\/www.hoymercedes.com.ar\/principal\/category\/municipio\/"},"img":{"alt_text":"","src":"https:\/\/i0.wp.com\/www.hoymercedes.com.ar\/principal\/wp-content\/uploads\/2022\/03\/DSC07667.jpg?resize=350%2C200&ssl=1","width":350,"height":200,"srcset":"https:\/\/i0.wp.com\/www.hoymercedes.com.ar\/principal\/wp-content\/uploads\/2022\/03\/DSC07667.jpg?resize=350%2C200&ssl=1 1x, https:\/\/i0.wp.com\/www.hoymercedes.com.ar\/principal\/wp-content\/uploads\/2022\/03\/DSC07667.jpg?resize=525%2C300&ssl=1 1.5x, https:\/\/i0.wp.com\/www.hoymercedes.com.ar\/principal\/wp-content\/uploads\/2022\/03\/DSC07667.jpg?resize=700%2C400&ssl=1 2x"},"classes":[]},{"id":150863,"url":"https:\/\/www.hoymercedes.com.ar\/principal\/2022\/07\/17\/amplian-red-cloacal-en-barrio-villa-indutrial-este\/","url_meta":{"origin":79030,"position":4},"title":"Ampl\u00edan red cloacal en barrio Villa Indutrial Este","author":"hoymercedes","date":"17 julio, 2022","format":false,"excerpt":"Ampl\u00edan red cloacal en barrio Villa Indutrial Este","rel":"","context":"En \u00abMunicipio\u00bb","block_context":{"text":"Municipio","link":"https:\/\/www.hoymercedes.com.ar\/principal\/category\/municipio\/"},"img":{"alt_text":"","src":"https:\/\/i0.wp.com\/www.hoymercedes.com.ar\/principal\/wp-content\/uploads\/2022\/07\/DSC07682.jpg?resize=350%2C200&ssl=1","width":350,"height":200,"srcset":"https:\/\/i0.wp.com\/www.hoymercedes.com.ar\/principal\/wp-content\/uploads\/2022\/07\/DSC07682.jpg?resize=350%2C200&ssl=1 1x, https:\/\/i0.wp.com\/www.hoymercedes.com.ar\/principal\/wp-content\/uploads\/2022\/07\/DSC07682.jpg?resize=525%2C300&ssl=1 1.5x, https:\/\/i0.wp.com\/www.hoymercedes.com.ar\/principal\/wp-content\/uploads\/2022\/07\/DSC07682.jpg?resize=700%2C400&ssl=1 2x"},"classes":[]},{"id":113081,"url":"https:\/\/www.hoymercedes.com.ar\/principal\/2020\/07\/03\/municipio-firma-convenio-con-infraestructura-nacional\/","url_meta":{"origin":79030,"position":5},"title":"Municipio firma convenio con infraestructura nacional","author":"hoymercedes","date":"3 julio, 2020","format":false,"excerpt":"Fuente: Prensa Municipal - El intendente Juan Ignacio Ustarroz concret\u00f3 este jueves, en el palacio Municipal, la firma de un importante convenio con el Ministro de Infraestructura, Gabriel Katopodis. El mismo conllevar\u00e1 la realizaci\u00f3n de obras para el mejoramiento de la presi\u00f3n de agua, como as\u00ed tambi\u00e9n, en la red\u2026","rel":"","context":"En \u00abMunicipio\u00bb","block_context":{"text":"Municipio","link":"https:\/\/www.hoymercedes.com.ar\/principal\/category\/municipio\/"},"img":{"alt_text":"","src":"https:\/\/i0.wp.com\/www.hoymercedes.com.ar\/principal\/wp-content\/uploads\/2020\/07\/03-Ustarroz-KatopodisSJA_9921.jpg?resize=350%2C200&ssl=1","width":350,"height":200,"srcset":"https:\/\/i0.wp.com\/www.hoymercedes.com.ar\/principal\/wp-content\/uploads\/2020\/07\/03-Ustarroz-KatopodisSJA_9921.jpg?resize=350%2C200&ssl=1 1x, https:\/\/i0.wp.com\/www.hoymercedes.com.ar\/principal\/wp-content\/uploads\/2020\/07\/03-Ustarroz-KatopodisSJA_9921.jpg?resize=525%2C300&ssl=1 1.5x, https:\/\/i0.wp.com\/www.hoymercedes.com.ar\/principal\/wp-content\/uploads\/2020\/07\/03-Ustarroz-KatopodisSJA_9921.jpg?resize=700%2C400&ssl=1 2x"},"classes":[]}],"_links":{"self":[{"href":"https:\/\/www.hoymercedes.com.ar\/principal\/wp-json\/wp\/v2\/posts\/79030","targetHints":{"allow":["GET"]}}],"collection":[{"href":"https:\/\/www.hoymercedes.com.ar\/principal\/wp-json\/wp\/v2\/posts"}],"about":[{"href":"https:\/\/www.hoymercedes.com.ar\/principal\/wp-json\/wp\/v2\/types\/post"}],"author":[{"embeddable":true,"href":"https:\/\/www.hoymercedes.com.ar\/principal\/wp-json\/wp\/v2\/users\/1"}],"replies":[{"embeddable":true,"href":"https:\/\/www.hoymercedes.com.ar\/principal\/wp-json\/wp\/v2\/comments?post=79030"}],"version-history":[{"count":0,"href":"https:\/\/www.hoymercedes.com.ar\/principal\/wp-json\/wp\/v2\/posts\/79030\/revisions"}],"wp:featuredmedia":[{"embeddable":true,"href":"https:\/\/www.hoymercedes.com.ar\/principal\/wp-json\/wp\/v2\/media\/79031"}],"wp:attachment":[{"href":"https:\/\/www.hoymercedes.com.ar\/principal\/wp-json\/wp\/v2\/media?parent=79030"}],"wp:term":[{"taxonomy":"category","embeddable":true,"href":"https:\/\/www.hoymercedes.com.ar\/principal\/wp-json\/wp\/v2\/categories?post=79030"},{"taxonomy":"post_tag","embeddable":true,"href":"https:\/\/www.hoymercedes.com.ar\/principal\/wp-json\/wp\/v2\/tags?post=79030"}],"curies":[{"name":"wp","href":"https:\/\/api.w.org\/{rel}","templated":true}]}}